{"id":35768,"date":"2013-03-10T09:09:47","date_gmt":"2013-03-10T13:39:47","guid":{"rendered":"http:\/\/www.panfletonegro.com\/v\/?p=35768"},"modified":"2013-03-10T09:17:33","modified_gmt":"2013-03-10T13:47:33","slug":"barbula","status":"publish","type":"post","link":"https:\/\/www.panfletonegro.com\/v\/2013\/03\/10\/barbula\/","title":{"rendered":"B\u00e1rbula"},"content":{"rendered":"<div>\n<p>Soy un hombre de ciencia. Quiz\u00e1s no soy un buen cient\u00edfico, pero creo en la observaci\u00f3n y la experiencia como fundamento de la ciencia. Pero debo confesar que \u00faltimamente empiezo a tener serias dudas sobre el poder de la observaci\u00f3n. Y todo es gracias a las conversaciones con un viejo conocido seguidor (fan\u00e1tico?) del chavismo.<\/p>\n<\/div>\n<div>\n<p>Y es que las diferencias son tan abismales, que tendr\u00edan que ser raz\u00f3n suficiente para que internar\u00e1n a uno de los dos en el Sanatorio de B\u00e1rbula. Porque no puedo entender que dos personas en su sano juicio vean la misma situaci\u00f3n de forma tan distinta.<\/p>\n<\/div>\n<div>\n<p>Y es que cuando le menciono los problemas cr\u00f3nicos de Venezuela como desabastecimiento, apagones diarios, una elevada inflaci\u00f3n anual, una moneda sobrevaluada, criminalidad rampante, una enorme deuda p\u00fablica, un sector privado diezmado, la dependencia del petr\u00f3leo y un largo etc\u00e9tera, \u00e9l me insiste en que eso no es as\u00ed. Y remata pregunt\u00e1ndome que si acaso no he visto lo que sucede desde el martes en Caracas, como si en el sepelio del presidente Ch\u00e1vez estuvieran todas las explicaciones necesarias.<\/p>\n<\/div>\n<div>\n<p>All\u00ed est\u00e1n las cifras duras y objetivas: 20-30% de inflaci\u00f3n anual, una rata de homicidios de 50 por cada 100 mil habitantes (la de EEUU es diez veces menor), un \u00edndice de escasez sobre el 20%, una deuda del sector p\u00fablico y de PDVSA que se ha cuadruplicado, las empresas privadas se han reducido a la mitad y m\u00e1s del 95% del PIB es por el petr\u00f3leo. Pero esos n\u00fameros al parecer no importan al chavista. M\u00e1s importante es que m\u00e1s de 8 millones de personas votaron por Ch\u00e1vez. Y que cientos de miles de personas han visto o quieren ir a despedir al Presidente. Los otros numeritos no importan. Esos no existen.<\/p>\n<\/div>\n<div>\n<p>Pero mi realidad la domina otra cifra m\u00e1s mundana: mi salario como docente. Y este simplemente no alcanza. Hoy en d\u00eda gano la cuarta parte de lo que ganaba hace 10 a\u00f1os gracias a la inflaci\u00f3n y a la pol\u00edtica educativa del gobierno bolivariano. Y a\u00fan si ganar\u00e1 lo que merezco, de que sirve esa plata sino se consigue harina pan, az\u00facar ni papel toilette? Acaso me alcanzar\u00e1 esa plata para pagar vacuna a los malandros para que no me roben ni me maten?<\/p>\n<\/div>\n<div>\n<p style=\"text-align: center\"><span id=\".reactRoot[22].[1][2][1]{comment438949166181313_3340729}.0.[1].0.[1].0.[0].[0][2]\"><span id=\".reactRoot[22].[1][2][1]{comment438949166181313_3340729}.0.[1].0.[1].0.[0].[0][2].0\"><span id=\".reactRoot[22].[1][2][1]{comment438949166181313_3340729}.0.[1].0.[1].0.[0].[0][2].0.[0]\">\u00a0<\/span><\/span><\/span>+ \u00a0 + \u00a0 + \u00a0 + \u00a0 + \u00a0 + \u00a0 +<\/p>\n<\/div>\n<p>Pero no. All\u00ed sigue la realidad y los numeritos. La realidad es terca y no se puede tapar con un dedo. La inflaci\u00f3n anual sigue siendo de 20-30%. M\u00e1s de 18mil personas son asesinadas al a\u00f1o. La escasez y los apagones siguen. Y mi sueldo sigue all\u00ed, p\u00edrrico, diezmado luego de la devaluaci\u00f3n.<\/p>\n<div>\n<p>No tengo problema con las creencias de otras personas. Si la gente quiere rezarle a las cortes malandras, al negro Felipe o a Jos\u00e9 Gregorio Hern\u00e1ndez, no voy a ser yo quien se los impida. Tampoco voy a impedirles que creen un culto en torno a Hugo Ch\u00e1vez o lo llamen el \u00abCristo de los Pobres\u00bb. Pero si creo que como ciudadano venezolano tengo el derecho de preguntarles si este culto personalista que hace las veces de estado es lo mejor para el pa\u00eds.<\/p>\n<\/div>\n<div>\n<p><span id=\".reactRoot[22].[1][2][1]{comment438949166181313_3340729}.0.[1].0.[1].0.[0].[0][2]\"><span id=\".reactRoot[22].[1][2][1]{comment438949166181313_3340729}.0.[1].0.[1].0.[0].[0][2].0\"><span id=\".reactRoot[22].[1][2][1]{comment438949166181313_3340729}.0.[1].0.[1].0.[0].[0][2].0.[0]\">Acaso el n\u00famero de fervientes seguidores del Presidente Ch\u00e1vez visto en los \u00faltimos d\u00edas va a resolver nuestos problemas b\u00e1sicos? Acaso el fallecido presidente va a venir del m\u00e1s all\u00e1 a impedir que nos asalten en Caracas? Va acaso a decretar aumento de sueldos a los profesores y maestros que ganamos una miseria? Va a hacernos el milagro de reducir la inflaci\u00f3n a un digito? Porque, caramba, de ser as\u00ed, entonces ahora mismo empiezo a rezarle&#8230;<\/span><\/span><\/span><\/p>\n<\/div>\n","protected":false},"excerpt":{"rendered":"<p>Soy un hombre de ciencia. Quiz\u00e1s no soy un buen cient\u00edfico, pero creo en la observaci\u00f3n y la experiencia como fundamento de la ciencia. Pero debo confesar que \u00faltimamente empiezo a tener serias dudas sobre el poder de la observaci\u00f3n. Y todo es gracias a las conversaciones con un viejo conocido seguidor (fan\u00e1tico?) del chavismo. [&hellip;]<\/p>\n","protected":false},"author":2314,"featured_media":0,"comment_status":"open","ping_status":"open","sticky":false,"template":"","format":"standard","meta":{"jetpack_post_was_ever_published":false,"_jetpack_newsletter_access":"","_jetpack_dont_email_post_to_subs":false,"_jetpack_newsletter_tier_id":0,"_jetpack_memberships_contains_paywalled_content":false,"_jetpack_memberships_contains_paid_content":false,"footnotes":"","jetpack_publicize_message":"","jetpack_publicize_feature_enabled":true,"jetpack_social_post_already_shared":true,"jetpack_social_options":{"image_generator_settings":{"template":"highway","default_image_id":0,"font":"","enabled":false},"version":2}},"categories":[6],"tags":[135,2429,2428,701,2427],"class_list":{"0":"post-35768","1":"post","2":"type-post","3":"status-publish","4":"format-standard","6":"category-confesionario","7":"tag-chavismo","8":"tag-cristo-de-los-pobres","9":"tag-disociado","10":"tag-oposicion","11":"tag-post-chavez"},"jetpack_publicize_connections":[],"jetpack_featured_media_url":"","jetpack_shortlink":"https:\/\/wp.me\/sfpCD-barbula","jetpack_sharing_enabled":true,"_links":{"self":[{"href":"https:\/\/www.panfletonegro.com\/v\/wp-json\/wp\/v2\/posts\/35768","targetHints":{"allow":["GET"]}}],"collection":[{"href":"https:\/\/www.panfletonegro.com\/v\/wp-json\/wp\/v2\/posts"}],"about":[{"href":"https:\/\/www.panfletonegro.com\/v\/wp-json\/wp\/v2\/types\/post"}],"author":[{"embeddable":true,"href":"https:\/\/www.panfletonegro.com\/v\/wp-json\/wp\/v2\/users\/2314"}],"replies":[{"embeddable":true,"href":"https:\/\/www.panfletonegro.com\/v\/wp-json\/wp\/v2\/comments?post=35768"}],"version-history":[{"count":0,"href":"https:\/\/www.panfletonegro.com\/v\/wp-json\/wp\/v2\/posts\/35768\/revisions"}],"wp:attachment":[{"href":"https:\/\/www.panfletonegro.com\/v\/wp-json\/wp\/v2\/media?parent=35768"}],"wp:term":[{"taxonomy":"category","embeddable":true,"href":"https:\/\/www.panfletonegro.com\/v\/wp-json\/wp\/v2\/categories?post=35768"},{"taxonomy":"post_tag","embeddable":true,"href":"https:\/\/www.panfletonegro.com\/v\/wp-json\/wp\/v2\/tags?post=35768"}],"curies":[{"name":"wp","href":"https:\/\/api.w.org\/{rel}","templated":true}]}}