{"id":35503,"date":"2013-03-06T09:11:58","date_gmt":"2013-03-06T13:41:58","guid":{"rendered":"http:\/\/www.panfletonegro.com\/v\/?p=35503"},"modified":"2014-06-07T11:51:16","modified_gmt":"2014-06-07T16:21:16","slug":"tiempo-de-paz","status":"publish","type":"post","link":"https:\/\/www.panfletonegro.com\/v\/2013\/03\/06\/tiempo-de-paz\/","title":{"rendered":"Tiempo de paz"},"content":{"rendered":"<p><a href=\"https:\/\/i0.wp.com\/www.panfletonegro.com\/v\/wp-content\/uploads\/2013\/03\/2462380423_dbd7b7916f.jpg\"><img data-recalc-dims=\"1\" loading=\"lazy\" decoding=\"async\" data-attachment-id=\"35504\" data-permalink=\"https:\/\/www.panfletonegro.com\/v\/2013\/03\/06\/tiempo-de-paz\/2462380423_dbd7b7916f\/\" data-orig-file=\"https:\/\/i0.wp.com\/www.panfletonegro.com\/v\/wp-content\/uploads\/2013\/03\/2462380423_dbd7b7916f.jpg?fit=500%2C333&amp;ssl=1\" data-orig-size=\"500,333\" data-comments-opened=\"1\" data-image-meta=\"{&quot;aperture&quot;:&quot;0&quot;,&quot;credit&quot;:&quot;&quot;,&quot;camera&quot;:&quot;&quot;,&quot;caption&quot;:&quot;&quot;,&quot;created_timestamp&quot;:&quot;0&quot;,&quot;copyright&quot;:&quot;&quot;,&quot;focal_length&quot;:&quot;0&quot;,&quot;iso&quot;:&quot;0&quot;,&quot;shutter_speed&quot;:&quot;0&quot;,&quot;title&quot;:&quot;&quot;}\" data-image-title=\"2462380423_dbd7b7916f\" data-image-description=\"\" data-image-caption=\"\" data-large-file=\"https:\/\/i0.wp.com\/www.panfletonegro.com\/v\/wp-content\/uploads\/2013\/03\/2462380423_dbd7b7916f.jpg?fit=500%2C333&amp;ssl=1\" class=\"alignleft size-medium wp-image-35504\" alt=\"2462380423_dbd7b7916f\" src=\"https:\/\/i0.wp.com\/www.panfletonegro.com\/v\/wp-content\/uploads\/2013\/03\/2462380423_dbd7b7916f-300x199.jpg?resize=300%2C199\" width=\"300\" height=\"199\" srcset=\"https:\/\/i0.wp.com\/www.panfletonegro.com\/v\/wp-content\/uploads\/2013\/03\/2462380423_dbd7b7916f.jpg?resize=300%2C199&amp;ssl=1 300w, https:\/\/i0.wp.com\/www.panfletonegro.com\/v\/wp-content\/uploads\/2013\/03\/2462380423_dbd7b7916f.jpg?resize=320%2C213&amp;ssl=1 320w, https:\/\/i0.wp.com\/www.panfletonegro.com\/v\/wp-content\/uploads\/2013\/03\/2462380423_dbd7b7916f.jpg?resize=145%2C96&amp;ssl=1 145w, https:\/\/i0.wp.com\/www.panfletonegro.com\/v\/wp-content\/uploads\/2013\/03\/2462380423_dbd7b7916f.jpg?resize=495%2C329&amp;ssl=1 495w, https:\/\/i0.wp.com\/www.panfletonegro.com\/v\/wp-content\/uploads\/2013\/03\/2462380423_dbd7b7916f.jpg?w=500&amp;ssl=1 500w\" sizes=\"auto, (max-width: 300px) 100vw, 300px\" \/><\/a><\/p>\n<blockquote><p>tiempo de plantar y de cosechar<br \/>\ntiempo de hablar tambi\u00e9n de callar<\/p>\n<p><strong>-Andr\u00e9s Calamaro<\/strong><\/p><\/blockquote>\n<p>En nuestro pa\u00eds, Venezuela, han habido pocos momentos de paz, y mucho de no estar en guerra formal. Ha habido una cierta guerra informal, y hasta ha habido guerra de guerrillas. No es mucha la edad que tengo, pero creo que en Venezuela no se ha intensificado la violencia como en los \u00faltimos a\u00f1os. Creo que el momento m\u00e1s cr\u00edtico en cuanto a violencia ha sido en los a\u00f1os 2002-2003, con los hechos de abril del 2002 y el paro petrolero en el 2002-2003. Resultaba muy dif\u00edcil no ser \u00absalpicado\u00bb, y en ocasiones ser part\u00edcipe, por el enfrentamiento de dos bandos, ha sido una guerra civil de \u00abbajo perfil\u00bb. Los odios de parte y parte han sido exacerbados, lo sabemos bien, por ambas partes, han actuado como el perro de Pavlov. Soy de los que creo que quien rompi\u00f3 en dos la sociedad venezolana fue Hugo Ch\u00e1vez, pero la mayor\u00eda de nosotros hemos sido copart\u00edcipes de ese rompimiento, con nuestra manera de expresarnos y de actuar. <\/p>\n<p>Las aguas a\u00fan est\u00e1n muy revueltas, tanto en lo social como en lo pol\u00edtico, y creo que pasar\u00e1n muchos meses, quiz\u00e1 a\u00f1os, para que las aguas se amansen. Ha sido profunda la grieta en Venezuela, y esa grieta no se repara con m\u00e1s odios y divisiones. Estoy convencido que la manera de reparar esa grieta, tanto en nosotros como individuos, y en lo social, es tener, de una manera sincera y profunda, un deseo y un trabajo arduo en erradicar, desde nosotros y de manera expansiva a nuestro alrededor, el odio, la avaricia y la ignorancia; y de cultivar, realmente, el amor, la compasi\u00f3n, la generosidad y la sabidur\u00eda.<\/p>\n<p>No quer\u00eda hablar de la muerte del presidente, pero me veo obligado a expresar mis condolencias a sus familiares, amigos, y todas las personas que lo amaban y quer\u00edan, independientemente de estar en desacuerdo con su gesti\u00f3n de gobierno, era un ser humano, por encima de todo, a pesar de todos sus errores. Pienso que debe haber un respeto por el dolor ajeno. La muerte es causa de sufrimiento, independientemente de quien sea, es algo universal, sin importar ideolog\u00edas o diferencias, que son circunstanciales. Se han cometido errores profundos, sin duda, pero no es momento de sacar a relucir nuestros lados m\u00e1s oscuros, eso profundizar\u00eda, a\u00fan m\u00e1s, las grietas en nosotros y en nuestro pa\u00eds.<\/p>\n<p>Deseo profunda y sinceramente que donde quiera que se encuentre, que est\u00e9 en absoluta paz y est\u00e9 totalmente libre del sufrimiento.<\/p>\n<p>Paz, armon\u00eda y felicidad, para todos ustedes, y para todos los seres, sin excepci\u00f3n.<\/p>\n","protected":false},"excerpt":{"rendered":"<p>tiempo de plantar y de cosechar tiempo de hablar tambi\u00e9n de callar -Andr\u00e9s Calamaro En nuestro pa\u00eds, Venezuela, han habido pocos momentos de paz, y mucho de no estar en guerra formal. Ha habido una cierta guerra informal, y hasta ha habido guerra de guerrillas. No es mucha la edad que tengo, pero creo que [&hellip;]<\/p>\n","protected":false},"author":2044,"featured_media":35504,"comment_status":"open","ping_status":"open","sticky":false,"template":"","format":"standard","meta":{"jetpack_post_was_ever_published":false,"_jetpack_newsletter_access":"","_jetpack_dont_email_post_to_subs":false,"_jetpack_newsletter_tier_id":0,"_jetpack_memberships_contains_paywalled_content":false,"_jetpack_memberships_contains_paid_content":false,"footnotes":"","jetpack_publicize_message":"","jetpack_publicize_feature_enabled":true,"jetpack_social_post_already_shared":true,"jetpack_social_options":{"image_generator_settings":{"template":"highway","default_image_id":0,"font":"","enabled":false},"version":2}},"categories":[2439],"tags":[2422],"class_list":{"0":"post-35503","1":"post","2":"type-post","3":"status-publish","4":"format-standard","5":"has-post-thumbnail","7":"category-arte","8":"tag-muertedechavez"},"jetpack_publicize_connections":[],"jetpack_featured_media_url":"https:\/\/i0.wp.com\/www.panfletonegro.com\/v\/wp-content\/uploads\/2013\/03\/2462380423_dbd7b7916f.jpg?fit=500%2C333&ssl=1","jetpack_shortlink":"https:\/\/wp.me\/pfpCD-9eD","jetpack_sharing_enabled":true,"_links":{"self":[{"href":"https:\/\/www.panfletonegro.com\/v\/wp-json\/wp\/v2\/posts\/35503","targetHints":{"allow":["GET"]}}],"collection":[{"href":"https:\/\/www.panfletonegro.com\/v\/wp-json\/wp\/v2\/posts"}],"about":[{"href":"https:\/\/www.panfletonegro.com\/v\/wp-json\/wp\/v2\/types\/post"}],"author":[{"embeddable":true,"href":"https:\/\/www.panfletonegro.com\/v\/wp-json\/wp\/v2\/users\/2044"}],"replies":[{"embeddable":true,"href":"https:\/\/www.panfletonegro.com\/v\/wp-json\/wp\/v2\/comments?post=35503"}],"version-history":[{"count":0,"href":"https:\/\/www.panfletonegro.com\/v\/wp-json\/wp\/v2\/posts\/35503\/revisions"}],"wp:featuredmedia":[{"embeddable":true,"href":"https:\/\/www.panfletonegro.com\/v\/wp-json\/wp\/v2\/media\/35504"}],"wp:attachment":[{"href":"https:\/\/www.panfletonegro.com\/v\/wp-json\/wp\/v2\/media?parent=35503"}],"wp:term":[{"taxonomy":"category","embeddable":true,"href":"https:\/\/www.panfletonegro.com\/v\/wp-json\/wp\/v2\/categories?post=35503"},{"taxonomy":"post_tag","embeddable":true,"href":"https:\/\/www.panfletonegro.com\/v\/wp-json\/wp\/v2\/tags?post=35503"}],"curies":[{"name":"wp","href":"https:\/\/api.w.org\/{rel}","templated":true}]}}