{"id":35495,"date":"2013-03-06T05:40:53","date_gmt":"2013-03-06T10:10:53","guid":{"rendered":"http:\/\/www.panfletonegro.com\/v\/?p=35495"},"modified":"2013-09-22T15:16:34","modified_gmt":"2013-09-22T19:46:34","slug":"el-cuento-del-escudo","status":"publish","type":"post","link":"https:\/\/www.panfletonegro.com\/v\/2013\/03\/06\/el-cuento-del-escudo\/","title":{"rendered":"El Cuento del Escudo"},"content":{"rendered":"<p><a href=\"https:\/\/i0.wp.com\/www.panfletonegro.com\/v\/wp-content\/uploads\/2013\/03\/Escudo-de-Venezuela.jpg\"><img data-recalc-dims=\"1\" loading=\"lazy\" decoding=\"async\" data-attachment-id=\"35496\" data-permalink=\"https:\/\/www.panfletonegro.com\/v\/2013\/03\/06\/el-cuento-del-escudo\/escudo-de-venezuela\/\" data-orig-file=\"https:\/\/i0.wp.com\/www.panfletonegro.com\/v\/wp-content\/uploads\/2013\/03\/Escudo-de-Venezuela.jpg?fit=472%2C525&amp;ssl=1\" data-orig-size=\"472,525\" data-comments-opened=\"1\" data-image-meta=\"{&quot;aperture&quot;:&quot;0&quot;,&quot;credit&quot;:&quot;&quot;,&quot;camera&quot;:&quot;&quot;,&quot;caption&quot;:&quot;&quot;,&quot;created_timestamp&quot;:&quot;0&quot;,&quot;copyright&quot;:&quot;&quot;,&quot;focal_length&quot;:&quot;0&quot;,&quot;iso&quot;:&quot;0&quot;,&quot;shutter_speed&quot;:&quot;0&quot;,&quot;title&quot;:&quot;&quot;}\" data-image-title=\"Escudo de Venezuela\" data-image-description=\"\" data-image-caption=\"\" data-large-file=\"https:\/\/i0.wp.com\/www.panfletonegro.com\/v\/wp-content\/uploads\/2013\/03\/Escudo-de-Venezuela.jpg?fit=472%2C525&amp;ssl=1\" class=\"alignright size-medium wp-image-35496\" alt=\"Escudo de Venezuela\" src=\"https:\/\/i0.wp.com\/www.panfletonegro.com\/v\/wp-content\/uploads\/2013\/03\/Escudo-de-Venezuela-269x300.jpg?resize=269%2C300\" width=\"269\" height=\"300\" srcset=\"https:\/\/i0.wp.com\/www.panfletonegro.com\/v\/wp-content\/uploads\/2013\/03\/Escudo-de-Venezuela.jpg?resize=269%2C300&amp;ssl=1 269w, https:\/\/i0.wp.com\/www.panfletonegro.com\/v\/wp-content\/uploads\/2013\/03\/Escudo-de-Venezuela.jpg?resize=145%2C161&amp;ssl=1 145w, https:\/\/i0.wp.com\/www.panfletonegro.com\/v\/wp-content\/uploads\/2013\/03\/Escudo-de-Venezuela.jpg?w=472&amp;ssl=1 472w\" sizes=\"auto, (max-width: 269px) 100vw, 269px\" \/><\/a>Como todos los que escribimos sobre Venezuela profesionalmente, llevo varios meses afinando <a href=\"http:\/\/www.newrepublic.com\/article\/112596\/hugo-chavez-dead-cuba-defined-him-much-venezuela-did\">los obituarios<\/a> que <a href=\"http:\/\/www.theatlantic.com\/international\/archive\/2013\/03\/chavez-wasnt-just-a-zany-buffoon-he-was-an-oppressive-autocrat\/273745\/\">salieron ayer <\/a>bajo mi firma. Pas\u00e9 mucho tiempo pensando en qu\u00e9 an\u00e9cdotas pod\u00eda usar llegado el momento: \u00bfcu\u00e1les micro-narrativas encapsulan lo que quiso decir el presidente Ch\u00e1vez para el pa\u00eds?<\/p>\n<p>El tema me obsesion\u00f3 por un tiempo. Mi conclusi\u00f3n es que la mejor an\u00e9cdota sigue siendo aquel cuento rocambolesco sobre c\u00f3mo Ch\u00e1vez <a href=\"http:\/\/www.nbcnews.com\/id\/11799894\/ns\/world_news-americas\/t\/venezuela-horse-different-direction\/#.UTcRR3zwIzN\">mand\u00f3 a cambiar el escudo nacional<\/a> porque a su hijita de nueve a\u00f1os (para la epoca) le parec\u00eda que el caballo se ve\u00eda como raro viendo pa&#8217;tr\u00e1s.<\/p>\n<p>En realidad me sorprende que m\u00e1s nadie haya evocado el cuento, porque me parece elocuente. Quiz\u00e1s es por que remonta al 2006 y ya las loqueteras de aquella epoca se nos olvidaron: quedaron enterradas por siete capas geol\u00f3gicias m\u00e1s de loqueteras subsiguientes.<\/p>\n<p>Pero el cuento del escudo es digno de an\u00e1lisis, y sobre todo hoy. Es como una p\u00edldora hyperconcentrada de chavismo en su estado m\u00e1s puro . Con aquel gesto, Ch\u00e1vez no s\u00f3lo nos restregaba en la cara nuestra impotencia ante su poder imperial, no s\u00f3lo se apoderaba para si mismo el capricho de una ni\u00f1a de 9 a\u00f1os y nos lo impon\u00eda como ley, sino que impregnaba a los s\u00edmbolos m\u00e1s solemnes de la venezolanidad con su delirio ideologizante.<\/p>\n<p>Esa determinaci\u00f3n de tomar los s\u00edmbolos de la unidad de la naci\u00f3n y convertirlos en cu\u00f1as para dividirnos encarna lo m\u00e1s profundo de su proyecto, su raz\u00f3n de ser. El caballito volteado de Rosin\u00e9s &#8211; ahora s\u00ed galopando perennemente hacia una izquierda, como debe ser &#8211; probablemente resulte ser el legado m\u00e1s perdurable del chavismo, y su encarnaci\u00f3n m\u00e1s completa.<\/p>\n<p>Porque &#8211; ser\u00e1 que ya se nos olvid\u00f3? &#8211; el cuento no termina ah\u00ed. Esta aqu\u00e9l posdata atroz en el que Laureano M\u00e1rquez, razonando que si la carricita esta ten\u00eda tanto poder que pod\u00eda cambiar los s\u00edmbolos patrios pues quiz\u00e1s podr\u00eda usar una parte de su influencia para apaciguar la escalada autoritaria, le manda <a href=\"http:\/\/350ve.blogspot.jp\/2006\/02\/querida-rosins.html\">una carta abierta a Rosin\u00e9s, <\/a>un texto impecable, cari\u00f1oso, paterno y al mismo tiempo estremecedor que bien vale la pena releer cada tanto tiempo. Y &#8211; se acuerdan lo que pas\u00f3 despu\u00e9s? &#8211; esa carta abierta le vali\u00f3 a <em>TalCual<\/em> <a href=\"http:\/\/en.rsf.org\/venezuela-fine-against-opposition-daily-tal-15-02-2007,21026.html\">otra dosis m\u00e1s de censura y persecuci\u00f3n.\u00a0<\/a><\/p>\n<p>Ven? El cuento del escudo lo tiene todo: abuso de poder, cursiler\u00eda, delirio ideologizante, dobles est\u00e1ndares, autoritarismo y una cuota de ridiculo que camufla, pero no logra encubrir completamente, el coraz\u00f3n autocr\u00e1tico de un ego hipertrofiado.<\/p>\n<p>Y lo mejor de todo es que para recordarlo basta alzar la mirada a cualquier bandera, o cualquier documento con un escudo nacional. Est\u00e1 ah\u00ed, omnipresente, como para que sea absolutamente imposible olvidar a que extremos de degradaci\u00f3n a los que nos llev\u00f3 la autocracia chavista.<\/p>\n<p>De verdad no entiendo por qu\u00e9 el cuento del escudo no sali\u00f3 en ning\u00fan otro obituario. Lo tiene todo.<\/p>\n","protected":false},"excerpt":{"rendered":"<p>Como todos los que escribimos sobre Venezuela profesionalmente, llevo varios meses afinando los obituarios que salieron ayer bajo mi firma. Pas\u00e9 mucho tiempo pensando en qu\u00e9 an\u00e9cdotas pod\u00eda usar llegado el momento: \u00bfcu\u00e1les micro-narrativas encapsulan lo que quiso decir el presidente Ch\u00e1vez para el pa\u00eds? El tema me obsesion\u00f3 por un tiempo. Mi conclusi\u00f3n es [&hellip;]<\/p>\n","protected":false},"author":1933,"featured_media":35496,"comment_status":"open","ping_status":"open","sticky":false,"template":"","format":"standard","meta":{"jetpack_post_was_ever_published":false,"_jetpack_newsletter_access":"","_jetpack_dont_email_post_to_subs":false,"_jetpack_newsletter_tier_id":0,"_jetpack_memberships_contains_paywalled_content":false,"_jetpack_memberships_contains_paid_content":false,"footnotes":"","jetpack_publicize_message":"","jetpack_publicize_feature_enabled":true,"jetpack_social_post_already_shared":true,"jetpack_social_options":{"image_generator_settings":{"template":"highway","default_image_id":0,"font":"","enabled":false},"version":2}},"categories":[1],"tags":[2422],"class_list":{"0":"post-35495","1":"post","2":"type-post","3":"status-publish","4":"format-standard","5":"has-post-thumbnail","7":"category-azares","8":"tag-muertedechavez"},"jetpack_publicize_connections":[],"jetpack_featured_media_url":"https:\/\/i0.wp.com\/www.panfletonegro.com\/v\/wp-content\/uploads\/2013\/03\/Escudo-de-Venezuela.jpg?fit=472%2C525&ssl=1","jetpack_shortlink":"https:\/\/wp.me\/pfpCD-9ev","jetpack_sharing_enabled":true,"_links":{"self":[{"href":"https:\/\/www.panfletonegro.com\/v\/wp-json\/wp\/v2\/posts\/35495","targetHints":{"allow":["GET"]}}],"collection":[{"href":"https:\/\/www.panfletonegro.com\/v\/wp-json\/wp\/v2\/posts"}],"about":[{"href":"https:\/\/www.panfletonegro.com\/v\/wp-json\/wp\/v2\/types\/post"}],"author":[{"embeddable":true,"href":"https:\/\/www.panfletonegro.com\/v\/wp-json\/wp\/v2\/users\/1933"}],"replies":[{"embeddable":true,"href":"https:\/\/www.panfletonegro.com\/v\/wp-json\/wp\/v2\/comments?post=35495"}],"version-history":[{"count":0,"href":"https:\/\/www.panfletonegro.com\/v\/wp-json\/wp\/v2\/posts\/35495\/revisions"}],"wp:featuredmedia":[{"embeddable":true,"href":"https:\/\/www.panfletonegro.com\/v\/wp-json\/wp\/v2\/media\/35496"}],"wp:attachment":[{"href":"https:\/\/www.panfletonegro.com\/v\/wp-json\/wp\/v2\/media?parent=35495"}],"wp:term":[{"taxonomy":"category","embeddable":true,"href":"https:\/\/www.panfletonegro.com\/v\/wp-json\/wp\/v2\/categories?post=35495"},{"taxonomy":"post_tag","embeddable":true,"href":"https:\/\/www.panfletonegro.com\/v\/wp-json\/wp\/v2\/tags?post=35495"}],"curies":[{"name":"wp","href":"https:\/\/api.w.org\/{rel}","templated":true}]}}