{"id":35467,"date":"2013-03-05T20:25:39","date_gmt":"2013-03-06T00:55:39","guid":{"rendered":"http:\/\/www.panfletonegro.com\/v\/?p=35467"},"modified":"2013-03-06T12:17:17","modified_gmt":"2013-03-06T16:47:17","slug":"hasta-nunca-comandante","status":"publish","type":"post","link":"https:\/\/www.panfletonegro.com\/v\/2013\/03\/05\/hasta-nunca-comandante\/","title":{"rendered":"\u00a1Hasta nunca, Comandante!"},"content":{"rendered":"<p><a href=\"https:\/\/i0.wp.com\/www.panfletonegro.com\/v\/wp-content\/uploads\/2013\/03\/Ojos.jpg\"><img data-recalc-dims=\"1\" loading=\"lazy\" decoding=\"async\" data-attachment-id=\"35468\" data-permalink=\"https:\/\/www.panfletonegro.com\/v\/2013\/03\/05\/hasta-nunca-comandante\/ojos\/\" data-orig-file=\"https:\/\/i0.wp.com\/www.panfletonegro.com\/v\/wp-content\/uploads\/2013\/03\/Ojos.jpg?fit=630%2C360&amp;ssl=1\" data-orig-size=\"630,360\" data-comments-opened=\"1\" data-image-meta=\"{&quot;aperture&quot;:&quot;0&quot;,&quot;credit&quot;:&quot;&quot;,&quot;camera&quot;:&quot;&quot;,&quot;caption&quot;:&quot;&quot;,&quot;created_timestamp&quot;:&quot;0&quot;,&quot;copyright&quot;:&quot;&quot;,&quot;focal_length&quot;:&quot;0&quot;,&quot;iso&quot;:&quot;0&quot;,&quot;shutter_speed&quot;:&quot;0&quot;,&quot;title&quot;:&quot;&quot;}\" data-image-title=\"Ojos\" data-image-description=\"\" data-image-caption=\"\" data-large-file=\"https:\/\/i0.wp.com\/www.panfletonegro.com\/v\/wp-content\/uploads\/2013\/03\/Ojos.jpg?fit=630%2C360&amp;ssl=1\" class=\"size-medium wp-image-35468 aligncenter\" alt=\"Ojos\" src=\"https:\/\/i0.wp.com\/www.panfletonegro.com\/v\/wp-content\/uploads\/2013\/03\/Ojos-300x171.jpg?resize=300%2C171\" width=\"300\" height=\"171\" srcset=\"https:\/\/i0.wp.com\/www.panfletonegro.com\/v\/wp-content\/uploads\/2013\/03\/Ojos.jpg?resize=300%2C171&amp;ssl=1 300w, https:\/\/i0.wp.com\/www.panfletonegro.com\/v\/wp-content\/uploads\/2013\/03\/Ojos.jpg?resize=320%2C182&amp;ssl=1 320w, https:\/\/i0.wp.com\/www.panfletonegro.com\/v\/wp-content\/uploads\/2013\/03\/Ojos.jpg?resize=145%2C82&amp;ssl=1 145w, https:\/\/i0.wp.com\/www.panfletonegro.com\/v\/wp-content\/uploads\/2013\/03\/Ojos.jpg?resize=495%2C282&amp;ssl=1 495w, https:\/\/i0.wp.com\/www.panfletonegro.com\/v\/wp-content\/uploads\/2013\/03\/Ojos.jpg?w=630&amp;ssl=1 630w\" sizes=\"auto, (max-width: 300px) 100vw, 300px\" \/><\/a><\/p>\n<p>&nbsp;<\/p>\n<p>Ten\u00eda 8 a\u00f1os cuando el 6 de Diciembre del 98 Hugo Ch\u00e1vez se alz\u00f3 por vez primera en unas elecciones presidenciales. Desde all\u00ed, no hemos conocido otra directriz desde la presidencia de la rep\u00fablica que no haya estado orientada a violentar las m\u00e1s elementales libertades del individuo y a mancillar los m\u00e1s b\u00e1sicos valores de respeto entre iguales.<\/p>\n<p>Mi vida, como la de muchos, transcurri\u00f3 lentamente ante el voraz avance de la revoluci\u00f3n bolivariana. Me vi salir de la ni\u00f1ez y entrar en las tribulaciones de la adolescencia, hasta llegar a la adultez, bajo el yugo de un solo hombre, bajo un mismo r\u00e9gimen. Me hice bachiller y a escasos meses de egresar como ingeniero sin perspectivas de desarrollo profesional, observ\u00f3 como el hombre que marc\u00f3 la vida pol\u00edtica del pa\u00eds por las \u00faltimas dos d\u00e9cadas fenece ante el estupor nacional.<\/p>\n<p>Con 12 a\u00f1os vi como otros venezolanos disparaban a otros tan s\u00f3lo por la ambici\u00f3n desmedida de un tirano que no dudo, tan s\u00f3lo meses despu\u00e9s, pasar por encima del trabajo de d\u00e9cadas de miles de individuos dedicados a la primera industria nacional. Fuimos testigos de m\u00faltiples violaciones a la constituci\u00f3n, y ante la pasividad de los mal llamados l\u00edderes de la oposici\u00f3n, los que le adversamos quedamos hu\u00e9rfanos ante sus embestidas totalitarias: procesos electorales irregulares, un poder judicial perverso al servicio de la revoluci\u00f3n y sobretodo el quebranto de los espacios de debate.<\/p>\n<p>No puedo sentir l\u00e1stima por la muerte de un tirano. Hugo Ch\u00e1vez no fue m\u00e1s que un delincuente, no fue m\u00e1s que un asesino, no fue m\u00e1s que un simple malandro: el primer malandro de la Rep\u00fablica. Hugo Ch\u00e1vez nos marc\u00f3 durante catorce a\u00f1os, nos arruin\u00f3 nuestro presente y casi se lleva nuestro futuro, sino es que lo logr\u00f3. Nos dej\u00f3 un legado de violencia, de caos econ\u00f3mico, de inestabilidad social y de incertidumbre. No ser\u00e1 f\u00e1cil nuestro porvenir, y hoy resulta m\u00e1s incierto que nunca, pero celebro la oportunidad de salir de la cat\u00e1strofe que nos ha heredado. El tiempo dir\u00e1 si el Chavismo seguir\u00e1 la estela del Peronismo argentino o descansar\u00e1 junto a los restos mortales de Hugo Ch\u00e1vez. Esperando que se cumpla:<\/p>\n<p>\u00a1Hasta nunca Comandante!<\/p>\n<p>&nbsp;<\/p>\n<p>&nbsp;<\/p>\n","protected":false},"excerpt":{"rendered":"<p>&nbsp; Ten\u00eda 8 a\u00f1os cuando el 6 de Diciembre del 98 Hugo Ch\u00e1vez se alz\u00f3 por vez primera en unas elecciones presidenciales. Desde all\u00ed, no hemos conocido otra directriz desde la presidencia de la rep\u00fablica que no haya estado orientada a violentar las m\u00e1s elementales libertades del individuo y a mancillar los m\u00e1s b\u00e1sicos valores [&hellip;]<\/p>\n","protected":false},"author":2215,"featured_media":35468,"comment_status":"open","ping_status":"open","sticky":false,"template":"","format":"standard","meta":{"jetpack_post_was_ever_published":false,"_jetpack_newsletter_access":"","_jetpack_dont_email_post_to_subs":false,"_jetpack_newsletter_tier_id":0,"_jetpack_memberships_contains_paywalled_content":false,"_jetpack_memberships_contains_paid_content":false,"footnotes":"","jetpack_publicize_message":"","jetpack_publicize_feature_enabled":true,"jetpack_social_post_already_shared":true,"jetpack_social_options":{"image_generator_settings":{"template":"highway","default_image_id":0,"font":"","enabled":false},"version":2}},"categories":[6],"tags":[1220,45,2422,59],"class_list":{"0":"post-35467","1":"post","2":"type-post","3":"status-publish","4":"format-standard","5":"has-post-thumbnail","7":"category-confesionario","8":"tag-cancer-chavez","9":"tag-chavez","10":"tag-muertedechavez","11":"tag-politica-venezolana"},"jetpack_publicize_connections":[],"jetpack_featured_media_url":"https:\/\/i0.wp.com\/www.panfletonegro.com\/v\/wp-content\/uploads\/2013\/03\/Ojos.jpg?fit=630%2C360&ssl=1","jetpack_shortlink":"https:\/\/wp.me\/pfpCD-9e3","jetpack_sharing_enabled":true,"_links":{"self":[{"href":"https:\/\/www.panfletonegro.com\/v\/wp-json\/wp\/v2\/posts\/35467","targetHints":{"allow":["GET"]}}],"collection":[{"href":"https:\/\/www.panfletonegro.com\/v\/wp-json\/wp\/v2\/posts"}],"about":[{"href":"https:\/\/www.panfletonegro.com\/v\/wp-json\/wp\/v2\/types\/post"}],"author":[{"embeddable":true,"href":"https:\/\/www.panfletonegro.com\/v\/wp-json\/wp\/v2\/users\/2215"}],"replies":[{"embeddable":true,"href":"https:\/\/www.panfletonegro.com\/v\/wp-json\/wp\/v2\/comments?post=35467"}],"version-history":[{"count":0,"href":"https:\/\/www.panfletonegro.com\/v\/wp-json\/wp\/v2\/posts\/35467\/revisions"}],"wp:featuredmedia":[{"embeddable":true,"href":"https:\/\/www.panfletonegro.com\/v\/wp-json\/wp\/v2\/media\/35468"}],"wp:attachment":[{"href":"https:\/\/www.panfletonegro.com\/v\/wp-json\/wp\/v2\/media?parent=35467"}],"wp:term":[{"taxonomy":"category","embeddable":true,"href":"https:\/\/www.panfletonegro.com\/v\/wp-json\/wp\/v2\/categories?post=35467"},{"taxonomy":"post_tag","embeddable":true,"href":"https:\/\/www.panfletonegro.com\/v\/wp-json\/wp\/v2\/tags?post=35467"}],"curies":[{"name":"wp","href":"https:\/\/api.w.org\/{rel}","templated":true}]}}