{"id":35460,"date":"2013-03-05T19:37:57","date_gmt":"2013-03-06T00:07:57","guid":{"rendered":"http:\/\/www.panfletonegro.com\/v\/?p=35460"},"modified":"2013-03-06T12:18:18","modified_gmt":"2013-03-06T16:48:18","slug":"la-cronica-de-una-muerte-anunciada","status":"publish","type":"post","link":"https:\/\/www.panfletonegro.com\/v\/2013\/03\/05\/la-cronica-de-una-muerte-anunciada\/","title":{"rendered":"La Cr\u00f3nica de una Muerte Anunciada"},"content":{"rendered":"<p><a href=\"https:\/\/i0.wp.com\/www.panfletonegro.com\/v\/wp-content\/uploads\/2013\/03\/72407_10151551120536214_1095186818_n.jpg\"><img data-recalc-dims=\"1\" loading=\"lazy\" decoding=\"async\" data-attachment-id=\"35461\" data-permalink=\"https:\/\/www.panfletonegro.com\/v\/2013\/03\/05\/la-cronica-de-una-muerte-anunciada\/72407_10151551120536214_1095186818_n\/\" data-orig-file=\"https:\/\/i0.wp.com\/www.panfletonegro.com\/v\/wp-content\/uploads\/2013\/03\/72407_10151551120536214_1095186818_n.jpg?fit=960%2C640&amp;ssl=1\" data-orig-size=\"960,640\" data-comments-opened=\"1\" data-image-meta=\"{&quot;aperture&quot;:&quot;0&quot;,&quot;credit&quot;:&quot;&quot;,&quot;camera&quot;:&quot;&quot;,&quot;caption&quot;:&quot;&quot;,&quot;created_timestamp&quot;:&quot;0&quot;,&quot;copyright&quot;:&quot;&quot;,&quot;focal_length&quot;:&quot;0&quot;,&quot;iso&quot;:&quot;0&quot;,&quot;shutter_speed&quot;:&quot;0&quot;,&quot;title&quot;:&quot;&quot;}\" data-image-title=\"72407_10151551120536214_1095186818_n\" data-image-description=\"\" data-image-caption=\"\" data-large-file=\"https:\/\/i0.wp.com\/www.panfletonegro.com\/v\/wp-content\/uploads\/2013\/03\/72407_10151551120536214_1095186818_n.jpg?fit=696%2C464&amp;ssl=1\" src=\"https:\/\/i0.wp.com\/www.panfletonegro.com\/v\/wp-content\/uploads\/2013\/03\/72407_10151551120536214_1095186818_n-300x200.jpg?resize=300%2C200\" alt=\"72407_10151551120536214_1095186818_n\" width=\"300\" height=\"200\" class=\"alignnone size-medium wp-image-35461\" srcset=\"https:\/\/i0.wp.com\/www.panfletonegro.com\/v\/wp-content\/uploads\/2013\/03\/72407_10151551120536214_1095186818_n.jpg?resize=300%2C200&amp;ssl=1 300w, https:\/\/i0.wp.com\/www.panfletonegro.com\/v\/wp-content\/uploads\/2013\/03\/72407_10151551120536214_1095186818_n.jpg?resize=320%2C213&amp;ssl=1 320w, https:\/\/i0.wp.com\/www.panfletonegro.com\/v\/wp-content\/uploads\/2013\/03\/72407_10151551120536214_1095186818_n.jpg?resize=145%2C96&amp;ssl=1 145w, https:\/\/i0.wp.com\/www.panfletonegro.com\/v\/wp-content\/uploads\/2013\/03\/72407_10151551120536214_1095186818_n.jpg?resize=495%2C330&amp;ssl=1 495w, https:\/\/i0.wp.com\/www.panfletonegro.com\/v\/wp-content\/uploads\/2013\/03\/72407_10151551120536214_1095186818_n.jpg?resize=670%2C446&amp;ssl=1 670w, https:\/\/i0.wp.com\/www.panfletonegro.com\/v\/wp-content\/uploads\/2013\/03\/72407_10151551120536214_1095186818_n.jpg?w=960&amp;ssl=1 960w\" sizes=\"auto, (max-width: 300px) 100vw, 300px\" \/><\/a><br \/>\nFinalmente, se confirm\u00f3 la noticia, el rumor de las \u00faltimas semanas.<br \/>\nFue la cr\u00f3nica de una muerte anunciada.<br \/>\nEl gobierno llevaba tiempo trabajando sobre la idea del luto, preparando a su gente para lo inevitable.<br \/>\nLa inauguraci\u00f3n de la capilla en el Hospital, result\u00f3 siendo un detonante, un anticipo de la inevitable conversi\u00f3n del chavismo en una religi\u00f3n de izquierda.<br \/>\nAhora queda oficialmente decretado el culto con el advenimiento del nuevo m\u00e1rtir del comunismo rococ\u00f3 de Am\u00e9rica Latina.<br \/>\n\u00bfHay motivo para alegrarse, para entristecerse? Yo soy una persona abierta y cada quien lo asumir\u00e1 como quiera.<br \/>\nEn mi caso, no me ense\u00f1aron a sentir felicidad por la defunci\u00f3n de nadie.<br \/>\nGuardo respeto por sus dolientes y viudas.<br \/>\nNo obstante, tampoco estoy del lado de los explotadores del suceso, para sacar r\u00e9ditos pol\u00edticos.<br \/>\nSea como sea, el pa\u00eds entra una fase distinta y seguramente incierta para el chavismo(sin Ch\u00e1vez).<br \/>\nMaduro pretende prolongar la fantas\u00eda del heredero de la corona. Capriles buscar\u00e1 derrotarlo en las pr\u00f3ximas elecciones.<br \/>\nNunca faltar\u00e1n locos y extremistas en los dos bandos. A ellos les recomedamos conservar la calma, la paciencia, la madurez.<br \/>\nNuestro entuerto solo se resuelve dentro de los canales regulares de la democracia.<br \/>\nLo dem\u00e1s es una aventura, un salto al vac\u00edo.<br \/>\nYo nada m\u00e1s espero para salir a votar por la oposici\u00f3n.<br \/>\nConmigo no cuenten para lanzar cohetes y abrir botellas de champa\u00f1a por la muerte del Presidente.<br \/>\nAqu\u00ed podremos celebrar cuando hayamos vencido a los fantasmas de la intolerancia, el sectarismo y la polarizaci\u00f3n. Hugo es culpable de inocularlos en el pueblo nacional.<br \/>\nNecesitamos ser la cura de la enfermedad.<br \/>\nEs 5 de marzo. Un d\u00eda donde la fuerza de un mito sencillamente declin\u00f3.<br \/>\nEl teniente se sali\u00f3 con la suya. Jam\u00e1s dej\u00f3 el poder, el trono. Se despidi\u00f3 como Stalin, Franco y G\u00f3mez.<br \/>\nLa historia los pondr\u00e1 en un sitio similar.<br \/>\nPrep\u00e1rense para las jornadas por venir. Ser\u00e1n duras.<br \/>\nHay un curioso ambiente de estado de excepci\u00f3n, de golpe de estado, de amenaza de saqueo, de alarma, de terapia de shock, con pronunciamientos, mensajes necrof\u00edlicos y partes de guerra.<br \/>\nEn adelante, comenzar\u00e1 la danza internacional de los afectos del proceso. Imag\u00ednense el despliegue de medios para el funeral. \u00bfLo velar\u00e1n en el pante\u00f3n horrendo de Farruco?<br \/>\nSe escribir\u00e1n cap\u00edtulos cumbres de la historia de la propaganda criolla.<br \/>\nYo mirar\u00e9 los toros desde la barrera.<br \/>\nGood bye Lenin. <\/p>\n","protected":false},"excerpt":{"rendered":"<p>Finalmente, se confirm\u00f3 la noticia, el rumor de las \u00faltimas semanas. Fue la cr\u00f3nica de una muerte anunciada. El gobierno llevaba tiempo trabajando sobre la idea del luto, preparando a su gente para lo inevitable. La inauguraci\u00f3n de la capilla en el Hospital, result\u00f3 siendo un detonante, un anticipo de la inevitable conversi\u00f3n del chavismo [&hellip;]<\/p>\n","protected":false},"author":1066,"featured_media":35461,"comment_status":"open","ping_status":"open","sticky":false,"template":"","format":"standard","meta":{"jetpack_post_was_ever_published":false,"_jetpack_newsletter_access":"","_jetpack_dont_email_post_to_subs":false,"_jetpack_newsletter_tier_id":0,"_jetpack_memberships_contains_paywalled_content":false,"_jetpack_memberships_contains_paid_content":false,"footnotes":"","jetpack_publicize_message":"","jetpack_publicize_feature_enabled":true,"jetpack_social_post_already_shared":true,"jetpack_social_options":{"image_generator_settings":{"template":"highway","default_image_id":0,"font":"","enabled":false},"version":2}},"categories":[3],"tags":[1220,45,2422,59],"class_list":{"0":"post-35460","1":"post","2":"type-post","3":"status-publish","4":"format-standard","5":"has-post-thumbnail","7":"category-descontento","8":"tag-cancer-chavez","9":"tag-chavez","10":"tag-muertedechavez","11":"tag-politica-venezolana"},"jetpack_publicize_connections":[],"jetpack_featured_media_url":"https:\/\/i0.wp.com\/www.panfletonegro.com\/v\/wp-content\/uploads\/2013\/03\/72407_10151551120536214_1095186818_n.jpg?fit=960%2C640&ssl=1","jetpack_shortlink":"https:\/\/wp.me\/pfpCD-9dW","jetpack_sharing_enabled":true,"_links":{"self":[{"href":"https:\/\/www.panfletonegro.com\/v\/wp-json\/wp\/v2\/posts\/35460","targetHints":{"allow":["GET"]}}],"collection":[{"href":"https:\/\/www.panfletonegro.com\/v\/wp-json\/wp\/v2\/posts"}],"about":[{"href":"https:\/\/www.panfletonegro.com\/v\/wp-json\/wp\/v2\/types\/post"}],"author":[{"embeddable":true,"href":"https:\/\/www.panfletonegro.com\/v\/wp-json\/wp\/v2\/users\/1066"}],"replies":[{"embeddable":true,"href":"https:\/\/www.panfletonegro.com\/v\/wp-json\/wp\/v2\/comments?post=35460"}],"version-history":[{"count":0,"href":"https:\/\/www.panfletonegro.com\/v\/wp-json\/wp\/v2\/posts\/35460\/revisions"}],"wp:featuredmedia":[{"embeddable":true,"href":"https:\/\/www.panfletonegro.com\/v\/wp-json\/wp\/v2\/media\/35461"}],"wp:attachment":[{"href":"https:\/\/www.panfletonegro.com\/v\/wp-json\/wp\/v2\/media?parent=35460"}],"wp:term":[{"taxonomy":"category","embeddable":true,"href":"https:\/\/www.panfletonegro.com\/v\/wp-json\/wp\/v2\/categories?post=35460"},{"taxonomy":"post_tag","embeddable":true,"href":"https:\/\/www.panfletonegro.com\/v\/wp-json\/wp\/v2\/tags?post=35460"}],"curies":[{"name":"wp","href":"https:\/\/api.w.org\/{rel}","templated":true}]}}