{"id":35120,"date":"2013-02-20T12:21:24","date_gmt":"2013-02-20T16:51:24","guid":{"rendered":"http:\/\/www.panfletonegro.com\/v\/?p=35120"},"modified":"2014-06-07T11:51:16","modified_gmt":"2014-06-07T16:21:16","slug":"no-soy-democratico","status":"publish","type":"post","link":"https:\/\/www.panfletonegro.com\/v\/2013\/02\/20\/no-soy-democratico\/","title":{"rendered":"No soy democr\u00e1tico"},"content":{"rendered":"<p><a href=\"https:\/\/i0.wp.com\/www.panfletonegro.com\/v\/wp-content\/uploads\/2013\/02\/dictadua.jpg\"><img data-recalc-dims=\"1\" loading=\"lazy\" decoding=\"async\" data-attachment-id=\"35125\" data-permalink=\"https:\/\/www.panfletonegro.com\/v\/2013\/02\/20\/no-soy-democratico\/dictadua\/\" data-orig-file=\"https:\/\/i0.wp.com\/www.panfletonegro.com\/v\/wp-content\/uploads\/2013\/02\/dictadua.jpg?fit=480%2C264&amp;ssl=1\" data-orig-size=\"480,264\" data-comments-opened=\"1\" data-image-meta=\"{&quot;aperture&quot;:&quot;0&quot;,&quot;credit&quot;:&quot;&quot;,&quot;camera&quot;:&quot;&quot;,&quot;caption&quot;:&quot;&quot;,&quot;created_timestamp&quot;:&quot;0&quot;,&quot;copyright&quot;:&quot;&quot;,&quot;focal_length&quot;:&quot;0&quot;,&quot;iso&quot;:&quot;0&quot;,&quot;shutter_speed&quot;:&quot;0&quot;,&quot;title&quot;:&quot;&quot;}\" data-image-title=\"minoria\" data-image-description=\"\" data-image-caption=\"\" data-large-file=\"https:\/\/i0.wp.com\/www.panfletonegro.com\/v\/wp-content\/uploads\/2013\/02\/dictadua.jpg?fit=480%2C264&amp;ssl=1\" src=\"https:\/\/i0.wp.com\/www.panfletonegro.com\/v\/wp-content\/uploads\/2013\/02\/dictadua-300x165.jpg?resize=300%2C165\" alt=\"minoria\" width=\"300\" height=\"165\" class=\"alignleft size-medium wp-image-35125\" srcset=\"https:\/\/i0.wp.com\/www.panfletonegro.com\/v\/wp-content\/uploads\/2013\/02\/dictadua.jpg?resize=300%2C165&amp;ssl=1 300w, https:\/\/i0.wp.com\/www.panfletonegro.com\/v\/wp-content\/uploads\/2013\/02\/dictadua.jpg?resize=320%2C176&amp;ssl=1 320w, https:\/\/i0.wp.com\/www.panfletonegro.com\/v\/wp-content\/uploads\/2013\/02\/dictadua.jpg?resize=145%2C79&amp;ssl=1 145w, https:\/\/i0.wp.com\/www.panfletonegro.com\/v\/wp-content\/uploads\/2013\/02\/dictadua.jpg?w=480&amp;ssl=1 480w\" sizes=\"auto, (max-width: 300px) 100vw, 300px\" \/><\/a><\/p>\n<p>Seg\u00fan las estad\u00edsticas, el 10% de la poblaci\u00f3n es zurda, es decir, por ser zurdo, pertenezco a una minor\u00eda. Por pertenecer a esa minor\u00eda he tenido muchas veces que lidiar con objetos fabricados para derechos: tijeras, abrelatas, escuadras, pupitres (cuando era ni\u00f1o), y un largo etc\u00e9tera. He tenido que obligatoriamente adaptarme una dictadura de derechos.<\/p>\n<p>Tambi\u00e9n pertenezco a otras muchas minor\u00edas, de las minor\u00eda que preferimos seguir nuestro camino sin \u00abl\u00edderes\u00bb terrenales. Mi l\u00edder no pertenece a este mundo. Soy de la minor\u00eda que no sigue ideolog\u00edas, ni \u00abismos\u00bb, de la minor\u00eda que no se adapta a un grupo, a una tendencia. Pertenezco a la minor\u00eda que no calzamos en una etiqueta.<\/p>\n<p>Prefiero ser minor\u00eda, por eso muchas veces desconf\u00edo de la democracia, porque no siempre, o rara vez, la mayor\u00eda escoje a un buen gobernante. Es una dictadura de la mayor\u00eda. La mayor\u00eda no siempre tiene la raz\u00f3n, ya lo dijo alguien por ah\u00ed, no porque todos crean en un error no quiere decir que este error sea una verdad. La mayor\u00eda no siempre acierta. La mayor\u00eda es proclive a ser manipulable, a ser conducida, y los que no queremos ser manipulados, conducidos, nos vemos obligados serlo, y si no lo somos, estamos en contra de la mayor\u00eda, somos antidemocr\u00e1ticos.<\/p>\n<p>Muchos prefieren escojer lo que la mayor\u00eda escoje, por miedo a lo desconocido, por miedo al ostracismo, a la soledad, a ser se\u00f1alados, prefieren seguir la ruta de los borregos, es m\u00e1s c\u00f3modo, m\u00e1s sencillo. Ese sentido gregario del ser humano hace que busquemos compa\u00f1\u00eda, y hace que la tendencia sea a donde la masa vaya.<\/p>\n<p>Lo confieso, no soy democr\u00e1tico.<\/p>\n","protected":false},"excerpt":{"rendered":"<p>Seg\u00fan las estad\u00edsticas, el 10% de la poblaci\u00f3n es zurda, es decir, por ser zurdo, pertenezco a una minor\u00eda. Por pertenecer a esa minor\u00eda he tenido muchas veces que lidiar con objetos fabricados para derechos: tijeras, abrelatas, escuadras, pupitres (cuando era ni\u00f1o), y un largo etc\u00e9tera. He tenido que obligatoriamente adaptarme una dictadura de derechos. [&hellip;]<\/p>\n","protected":false},"author":2044,"featured_media":35125,"comment_status":"open","ping_status":"open","sticky":false,"template":"","format":"standard","meta":{"jetpack_post_was_ever_published":false,"_jetpack_newsletter_access":"","_jetpack_dont_email_post_to_subs":false,"_jetpack_newsletter_tier_id":0,"_jetpack_memberships_contains_paywalled_content":false,"_jetpack_memberships_contains_paid_content":false,"footnotes":"","jetpack_publicize_message":"","jetpack_publicize_feature_enabled":true,"jetpack_social_post_already_shared":true,"jetpack_social_options":{"image_generator_settings":{"template":"highway","default_image_id":0,"font":"","enabled":false},"version":2}},"categories":[2439],"tags":[],"class_list":{"0":"post-35120","1":"post","2":"type-post","3":"status-publish","4":"format-standard","5":"has-post-thumbnail","7":"category-arte"},"jetpack_publicize_connections":[],"jetpack_featured_media_url":"https:\/\/i0.wp.com\/www.panfletonegro.com\/v\/wp-content\/uploads\/2013\/02\/dictadua.jpg?fit=480%2C264&ssl=1","jetpack_shortlink":"https:\/\/wp.me\/pfpCD-98s","jetpack_sharing_enabled":true,"_links":{"self":[{"href":"https:\/\/www.panfletonegro.com\/v\/wp-json\/wp\/v2\/posts\/35120","targetHints":{"allow":["GET"]}}],"collection":[{"href":"https:\/\/www.panfletonegro.com\/v\/wp-json\/wp\/v2\/posts"}],"about":[{"href":"https:\/\/www.panfletonegro.com\/v\/wp-json\/wp\/v2\/types\/post"}],"author":[{"embeddable":true,"href":"https:\/\/www.panfletonegro.com\/v\/wp-json\/wp\/v2\/users\/2044"}],"replies":[{"embeddable":true,"href":"https:\/\/www.panfletonegro.com\/v\/wp-json\/wp\/v2\/comments?post=35120"}],"version-history":[{"count":0,"href":"https:\/\/www.panfletonegro.com\/v\/wp-json\/wp\/v2\/posts\/35120\/revisions"}],"wp:featuredmedia":[{"embeddable":true,"href":"https:\/\/www.panfletonegro.com\/v\/wp-json\/wp\/v2\/media\/35125"}],"wp:attachment":[{"href":"https:\/\/www.panfletonegro.com\/v\/wp-json\/wp\/v2\/media?parent=35120"}],"wp:term":[{"taxonomy":"category","embeddable":true,"href":"https:\/\/www.panfletonegro.com\/v\/wp-json\/wp\/v2\/categories?post=35120"},{"taxonomy":"post_tag","embeddable":true,"href":"https:\/\/www.panfletonegro.com\/v\/wp-json\/wp\/v2\/tags?post=35120"}],"curies":[{"name":"wp","href":"https:\/\/api.w.org\/{rel}","templated":true}]}}