{"id":35,"date":"2006-07-10T18:59:39","date_gmt":"2006-07-10T22:59:39","guid":{"rendered":"http:\/\/panfletonegro.com\/v\/2006\/07\/10\/35\/"},"modified":"2006-07-10T19:53:24","modified_gmt":"2006-07-10T23:53:24","slug":"35","status":"publish","type":"post","link":"https:\/\/www.panfletonegro.com\/v\/2006\/07\/10\/35\/","title":{"rendered":"Abril : sus vericuetos sinuosos fluctuantes"},"content":{"rendered":"<p><u>I<br \/>\n<\/u>Primavera engalana la Tierra:<br \/>\nesplendor de luz y color<br \/>\nde la resurgida savia<br \/>\ndesprendido<br \/>\ndel pertinaz esbozo<br \/>\ntrazado por los astros<br \/>\nen la faz del universo.<br \/>\nEn las entra\u00f1as de Invierno<br \/>\nse escondi\u00f3<br \/>\ncomo oro en pa\u00f1o<br \/>\nla voluntad de su secreto<br \/>\ny aguard\u00f3 paciente<br \/>\nhasta el instante preciso:<br \/>\ncomo un pesta\u00f1eo<br \/>\nun desperezo<br \/>\ndespacio despierta<br \/>\npero imparable<br \/>\nla ceremonia de su ofrenda.<\/p>\n<p><u>II<br \/>\n<\/u><u> <\/u><u> <\/u>Crepuscular<br \/>\nLa luz transparente en las tardes dilatadas<br \/>\narrebatado esbozo pertinaz de matices<br \/>\ncomo heridas apacibles<br \/>\napetecidas sonrisas.<br \/>\nEl retrato de una despedida ambigua<br \/>\nque se niega as\u00ed misma.<br \/>\nLa llamarada de un beso entreabierto:<br \/>\nmilenaria caricia renovada.<br \/>\n<u>III<br \/>\n<\/u><u> <\/u><u> <\/u>Por la calle del Santo<br \/>\nLa cosecha de azahares tras la siembra ventosa<br \/>\nmancha de pureza infecunda y perfumada<br \/>\nla pisoteada faz de las aceras.<br \/>\nImpulsada por la corriente tras la lluvia<br \/>\nlustrar\u00e1 en su huida la senda que surque<br \/>\ny dejar\u00e1 por los aires de la calle<br \/>\nla memoria de su aroma singular<br \/>\ny un regusto a flor marchita.<\/p>\n<p><u>IV<br \/>\n<\/u>                                               A JRJ y FAR<br \/>\n<u> <\/u><u>Casi una semana de pasi\u00f3n<br \/>\n<\/u><\/p>\n<p>I<br \/>\nDomingo de Ramos\u2026<br \/>\nHab\u00eda siempre que estrenar alguna prenda<br \/>\npero mejor que nunca fueran los zapatos.<br \/>\nAferrado a sus manos magnas y poderosas<br \/>\nlimpio y repeinado<br \/>\nal ajetreo de la calle cuando la tarde refrescaba<br \/>\nera sumarse a la corriente con los cinco sentidos<br \/>\nla esperanza intacta y el candor de un \u00e1ngel.<\/p>\n<p>\u2026Lunes Santo<br \/>\nDesde entonces procura ese d\u00eda estrenar alguna prenda<br \/>\ny aprendi\u00f3 desde ni\u00f1o que nunca fueran los zapatos.<br \/>\nAhora que ya no le hace falta repeinarse<br \/>\ny se aferran a sus manos s\u00f3lo otras manos<br \/>\narrugadas y temblorosas<br \/>\nal ajetreo de la calle cuando la tarde refresca<br \/>\nes sumarse a la corriente justo con lo puesto<br \/>\nla esperanza descosida y el temor de todo un hombre.<br \/>\nII<\/p>\n<p>Mi\u00e9rcoles Santo<br \/>\nNos trata como quien nos conoce bien<br \/>\ncon plena confianza y algo de ternura<br \/>\npero olvida a menudo el v\u00ednculo preciso<br \/>\nadherido a nuestro ser desde su entra\u00f1a.<br \/>\nEl esmero que prest\u00f3 sin reparo<br \/>\na nuestros pasos primeros<br \/>\nahora precisa parejo<br \/>\nhasta acabar de dar los suyos.<br \/>\nNo espera m\u00e1s no espera menos<br \/>\nla educaron en la vieja Ley de Mois\u00e9s:<br \/>\nojo por ojo, diente por diente.<br \/>\nIII<br \/>\nJueves Santo<br \/>\nRasgaba la tarde vencida el son de la saeta<br \/>\ny para atender mejor ech\u00f3 los ojos al cielo<br \/>\nprendado qued\u00f3 as\u00ed de ese instante preciso<br \/>\ny no tuvo m\u00e1s remedio que llorar para adentro.<br \/>\nQueja y luz conformaron en su mirada<br \/>\nel m\u00e1gico escenario de un sortilegio<br \/>\ny la oraci\u00f3n aflor\u00f3 sin rubor ante la imagen.<br \/>\nUn pobre rezo que era s\u00f3lo un ruego inmenso<br \/>\nque ped\u00eda por todos\u2026<br \/>\npor los vivos y por los muertos.<br \/>\nUnos p\u00e1jaros a lo lejos fueron testigos<br \/>\nquietos en el aire con las alas extendidas<br \/>\nel viento los mec\u00eda leve como con ternura.<br \/>\nIV<br \/>\n<u> <\/u><u>           Viernes Santo<br \/>\n<\/u><\/p>\n<p>No quiso el cielo que compartieras penas<br \/>\ny entre las flores como una reina ataviada<br \/>\nsientes caer la lluvia sobre esta tierra.<br \/>\nSabes que pasar\u00e1s cada noche<br \/>\ncomo la voz que te nombra<br \/>\ny que no habr\u00e1 manera de consolar<br \/>\ntu angustia desvalida<br \/>\ny  que no habr\u00e1 manera de consolar<br \/>\nla tristeza  de los tuyos.<br \/>\nV<br \/>\n<u> <\/u><\/p>\n<p>S\u00e1bado Santo<br \/>\nEl Se\u00f1or descansa en el d\u00eda por \u00c9l se\u00f1alado<br \/>\naunque  el Hijo repose en los brazos de la muerte.<br \/>\nSe sabe capaz de devolverlo a la vida<br \/>\ncomo hace con la Tierra cada primavera.<br \/>\nQuien es capaz de concebir todo un Mundo<br \/>\nhasta de lo inefable ha de ser soberano.<\/p>\n","protected":false},"excerpt":{"rendered":"<p>I Primavera engalana la Tierra: esplendor de luz y color de la resurgida savia desprendido del pertinaz esbozo trazado por los astros en la faz del universo. En las entra\u00f1as de Invierno se escondi\u00f3 como oro en pa\u00f1o la voluntad de su secreto y aguard\u00f3 paciente hasta el instante preciso: como un pesta\u00f1eo un desperezo [&hellip;]<\/p>\n","protected":false},"author":24,"featured_media":0,"comment_status":"closed","ping_status":"open","sticky":false,"template":"","format":"standard","meta":{"jetpack_post_was_ever_published":false,"_jetpack_newsletter_access":"","_jetpack_dont_email_post_to_subs":false,"_jetpack_newsletter_tier_id":0,"_jetpack_memberships_contains_paywalled_content":false,"_jetpack_memberships_contains_paid_content":false,"footnotes":"","jetpack_publicize_message":"","jetpack_publicize_feature_enabled":true,"jetpack_social_post_already_shared":false,"jetpack_social_options":{"image_generator_settings":{"template":"highway","default_image_id":0,"font":"","enabled":false},"version":2}},"categories":[2],"tags":[],"class_list":{"0":"post-35","1":"post","2":"type-post","3":"status-publish","4":"format-standard","6":"category-poesia"},"jetpack_publicize_connections":[],"jetpack_featured_media_url":"","jetpack_shortlink":"https:\/\/wp.me\/sfpCD-35","jetpack_sharing_enabled":true,"_links":{"self":[{"href":"https:\/\/www.panfletonegro.com\/v\/wp-json\/wp\/v2\/posts\/35","targetHints":{"allow":["GET"]}}],"collection":[{"href":"https:\/\/www.panfletonegro.com\/v\/wp-json\/wp\/v2\/posts"}],"about":[{"href":"https:\/\/www.panfletonegro.com\/v\/wp-json\/wp\/v2\/types\/post"}],"author":[{"embeddable":true,"href":"https:\/\/www.panfletonegro.com\/v\/wp-json\/wp\/v2\/users\/24"}],"replies":[{"embeddable":true,"href":"https:\/\/www.panfletonegro.com\/v\/wp-json\/wp\/v2\/comments?post=35"}],"version-history":[{"count":0,"href":"https:\/\/www.panfletonegro.com\/v\/wp-json\/wp\/v2\/posts\/35\/revisions"}],"wp:attachment":[{"href":"https:\/\/www.panfletonegro.com\/v\/wp-json\/wp\/v2\/media?parent=35"}],"wp:term":[{"taxonomy":"category","embeddable":true,"href":"https:\/\/www.panfletonegro.com\/v\/wp-json\/wp\/v2\/categories?post=35"},{"taxonomy":"post_tag","embeddable":true,"href":"https:\/\/www.panfletonegro.com\/v\/wp-json\/wp\/v2\/tags?post=35"}],"curies":[{"name":"wp","href":"https:\/\/api.w.org\/{rel}","templated":true}]}}