{"id":3435,"date":"2009-06-17T08:20:31","date_gmt":"2009-06-17T12:50:31","guid":{"rendered":"http:\/\/www.panfletonegro.com\/v\/?p=3435"},"modified":"2009-06-18T05:55:47","modified_gmt":"2009-06-18T10:25:47","slug":"la-encrucijada-de-los-intelectuales-monederos","status":"publish","type":"post","link":"https:\/\/www.panfletonegro.com\/v\/2009\/06\/17\/la-encrucijada-de-los-intelectuales-monederos\/","title":{"rendered":"La encrucijada de los intelectuales \u00abmonederos\u00bb"},"content":{"rendered":"<p><img data-recalc-dims=\"1\" loading=\"lazy\" decoding=\"async\" data-attachment-id=\"3436\" data-permalink=\"https:\/\/www.panfletonegro.com\/v\/2009\/06\/17\/la-encrucijada-de-los-intelectuales-monederos\/monederosucre\/\" data-orig-file=\"https:\/\/i0.wp.com\/www.panfletonegro.com\/v\/wp-content\/uploads\/2009\/06\/monederosucre.jpg?fit=406%2C318&amp;ssl=1\" data-orig-size=\"406,318\" data-comments-opened=\"1\" data-image-meta=\"{&quot;aperture&quot;:&quot;0&quot;,&quot;credit&quot;:&quot;&quot;,&quot;camera&quot;:&quot;&quot;,&quot;caption&quot;:&quot;&quot;,&quot;created_timestamp&quot;:&quot;0&quot;,&quot;copyright&quot;:&quot;&quot;,&quot;focal_length&quot;:&quot;0&quot;,&quot;iso&quot;:&quot;0&quot;,&quot;shutter_speed&quot;:&quot;0&quot;,&quot;title&quot;:&quot;&quot;}\" data-image-title=\"monederosucre\" data-image-description=\"\" data-image-caption=\"\" data-large-file=\"https:\/\/i0.wp.com\/www.panfletonegro.com\/v\/wp-content\/uploads\/2009\/06\/monederosucre.jpg?fit=406%2C318&amp;ssl=1\" class=\"alignnone size-full wp-image-3436\" src=\"https:\/\/i0.wp.com\/www.panfletonegro.com\/v\/wp-content\/uploads\/2009\/06\/monederosucre.jpg?resize=244%2C191\" alt=\"monederosucre\" width=\"244\" height=\"191\" srcset=\"https:\/\/i0.wp.com\/www.panfletonegro.com\/v\/wp-content\/uploads\/2009\/06\/monederosucre.jpg?w=406&amp;ssl=1 406w, https:\/\/i0.wp.com\/www.panfletonegro.com\/v\/wp-content\/uploads\/2009\/06\/monederosucre.jpg?resize=300%2C234&amp;ssl=1 300w\" sizes=\"auto, (max-width: 244px) 100vw, 244px\" \/><\/p>\n<p>De nuevo, los intelectuales a la hoguera del manique\u00edsmo, del macartysmo, de la cacer\u00eda de brujas llana y simple, por haberse atrevido a rozar, con el p\u00e9talo de una rosa sin espinas, a la sacrosanta instituci\u00f3n del estado mon\u00e1rquico y vaticanista gobernado por el Papa de la revoluci\u00f3n bonita, quien desde su p\u00falpito de Al\u00f3 Presidente se encarg\u00f3, personalmente, de fungir del Torquemada de la funci\u00f3n al excomulgar al blasfemo del cielo de los justos; al salirle al paso a las palabras, incluso moderadas, del pesetero Monedero del Centro Internacional Miranda, donde se celebr\u00f3 el encuentro \u201cIntelectuales, democracia y socialismo\u201d, cuyo m\u00e1ximo sacrilegio fue cuestionar el car\u00e1cter stalinista y cogollerico del PSUV, la dependencia pol\u00edtica hacia el \u201chiperliderazgo\u201d del Teniente Coronel y la eterna falta de autocr\u00edtica en el seno de la c\u00fapula del gobierno.<br \/>\n<!--more-->En palabras del propio rey Juan Carlos Monedero, vertidas en una entrevista a \u00daltimas Noticias: \u201csi ministros, diputados o cuadros del partido renuncian a disentir con el Presidente, no se est\u00e1n ganando el sueldo\u201d.<\/p>\n<p><img data-recalc-dims=\"1\" loading=\"lazy\" decoding=\"async\" data-attachment-id=\"3437\" data-permalink=\"https:\/\/www.panfletonegro.com\/v\/2009\/06\/17\/la-encrucijada-de-los-intelectuales-monederos\/juan-carlos-monederos-pg-dand\/\" data-orig-file=\"https:\/\/i0.wp.com\/www.panfletonegro.com\/v\/wp-content\/uploads\/2009\/06\/juan-carlos-monederos-pg-dand.jpg?fit=384%2C288&amp;ssl=1\" data-orig-size=\"384,288\" data-comments-opened=\"1\" data-image-meta=\"{&quot;aperture&quot;:&quot;0&quot;,&quot;credit&quot;:&quot;&quot;,&quot;camera&quot;:&quot;&quot;,&quot;caption&quot;:&quot;&quot;,&quot;created_timestamp&quot;:&quot;0&quot;,&quot;copyright&quot;:&quot;&quot;,&quot;focal_length&quot;:&quot;0&quot;,&quot;iso&quot;:&quot;0&quot;,&quot;shutter_speed&quot;:&quot;0&quot;,&quot;title&quot;:&quot;&quot;}\" data-image-title=\"juan-carlos-monederos-pg-dand\" data-image-description=\"\" data-image-caption=\"\" data-large-file=\"https:\/\/i0.wp.com\/www.panfletonegro.com\/v\/wp-content\/uploads\/2009\/06\/juan-carlos-monederos-pg-dand.jpg?fit=384%2C288&amp;ssl=1\" class=\"alignnone size-full wp-image-3437\" src=\"https:\/\/i0.wp.com\/www.panfletonegro.com\/v\/wp-content\/uploads\/2009\/06\/juan-carlos-monederos-pg-dand.jpg?resize=230%2C173\" alt=\"juan-carlos-monederos-pg-dand\" width=\"230\" height=\"173\" srcset=\"https:\/\/i0.wp.com\/www.panfletonegro.com\/v\/wp-content\/uploads\/2009\/06\/juan-carlos-monederos-pg-dand.jpg?w=384&amp;ssl=1 384w, https:\/\/i0.wp.com\/www.panfletonegro.com\/v\/wp-content\/uploads\/2009\/06\/juan-carlos-monederos-pg-dand.jpg?resize=300%2C225&amp;ssl=1 300w\" sizes=\"auto, (max-width: 230px) 100vw, 230px\" \/><br \/>\nPero ya sabemos, Juan Carlos, cu\u00e1l es al realidad y c\u00f3mo tu opini\u00f3n es tomada literalmente a la inversa, cuando los diputados y los cuadros del partido renuncian de facto a disentir, para garantizar el cobro de su sueldo.<br \/>\nDe hecho, Juan Carlos, aqu\u00ed no se puede disentir de la l\u00ednea de Miraflores, so pena de ser expulsado y condenado p\u00fablicamente a la jaula de los leones de la Hojilla, bajo el l\u00e1tigo indomable del fiero Mario Silva, enemigo declarado del pensamiento cr\u00edtico y general en jefe de la Stasi criolla entendida a la manera del Big Brother en clave de SS. Me explico.<br \/>\nMario Silva es la reencarnaci\u00f3n de la polic\u00eda del pensamiento vislumbrada en la profec\u00eda dist\u00f3pica de George Orwell en 1984. Ahora en el 2009, \u00e9l se encarga de juzgar y de censurar los delitos de piensa-crimen atribuidos a los disidentes de la locotomora roja rojita, como el caso de los integrantes de la lista negra, marca Tasc\u00f3n, encabezada por Ismael Garc\u00eda.<br \/>\nTodos perseguidos, vilipendiados, denostados, masacrados, caricaturizados y acusados de traicionar al Mes\u00edas de la religi\u00f3n en curso por tan s\u00f3lo marcar distancia frente a las directrices del comando Maisanta. Nada m\u00e1s, nada menos.<\/p>\n<p><img data-recalc-dims=\"1\" loading=\"lazy\" decoding=\"async\" data-attachment-id=\"3438\" data-permalink=\"https:\/\/www.panfletonegro.com\/v\/2009\/06\/17\/la-encrucijada-de-los-intelectuales-monederos\/juancarlosmonedero\/\" data-orig-file=\"https:\/\/i0.wp.com\/www.panfletonegro.com\/v\/wp-content\/uploads\/2009\/06\/juancarlosmonedero.jpg?fit=341%2C200&amp;ssl=1\" data-orig-size=\"341,200\" data-comments-opened=\"1\" data-image-meta=\"{&quot;aperture&quot;:&quot;0&quot;,&quot;credit&quot;:&quot;&quot;,&quot;camera&quot;:&quot;&quot;,&quot;caption&quot;:&quot;&quot;,&quot;created_timestamp&quot;:&quot;0&quot;,&quot;copyright&quot;:&quot;&quot;,&quot;focal_length&quot;:&quot;0&quot;,&quot;iso&quot;:&quot;0&quot;,&quot;shutter_speed&quot;:&quot;0&quot;,&quot;title&quot;:&quot;&quot;}\" data-image-title=\"juancarlosmonedero\" data-image-description=\"\" data-image-caption=\"\" data-large-file=\"https:\/\/i0.wp.com\/www.panfletonegro.com\/v\/wp-content\/uploads\/2009\/06\/juancarlosmonedero.jpg?fit=341%2C200&amp;ssl=1\" class=\"alignnone size-full wp-image-3438\" src=\"https:\/\/i0.wp.com\/www.panfletonegro.com\/v\/wp-content\/uploads\/2009\/06\/juancarlosmonedero.jpg?resize=239%2C140\" alt=\"juancarlosmonedero\" width=\"239\" height=\"140\" srcset=\"https:\/\/i0.wp.com\/www.panfletonegro.com\/v\/wp-content\/uploads\/2009\/06\/juancarlosmonedero.jpg?w=341&amp;ssl=1 341w, https:\/\/i0.wp.com\/www.panfletonegro.com\/v\/wp-content\/uploads\/2009\/06\/juancarlosmonedero.jpg?resize=300%2C175&amp;ssl=1 300w\" sizes=\"auto, (max-width: 239px) 100vw, 239px\" \/><br \/>\nA prop\u00f3sito, el mismo gobierno fabric\u00f3 un dispositivo medi\u00e1tico de consenso a trav\u00e9s de su red de canales entubados, al promover la producci\u00f3n de programas de ataque y contraataque a la disidencia, al peor estilo de \u201cLa Talanquera\u201d conducido por N\u00e9stor Francia y por el psiqu\u00edatra de la \u201cdisociaci\u00f3n psic\u00f3tica\u201d. Verdaderos disociados de su contexto, de su entorno y de su naci\u00f3n. Verdaderos enfermos de poder y de ans\u00edas de reconocimiento. Verdaderos enanos intelectuales acomplejados de por vida, incapaces de despuntar y de descollar sin el apoyo incondicional de la d\u00e1diva paternalista.<br \/>\nSon d\u00edas duros para ejercer la libertad de expresi\u00f3n a plenitud y a cabalidad. Son d\u00edas duros para llamar a las cosas por su nombre. Son d\u00edas duros para los escritores, para los poetas, para los artistas y para los cr\u00edticos renegados.<\/p>\n<p><img data-recalc-dims=\"1\" loading=\"lazy\" decoding=\"async\" data-attachment-id=\"3439\" data-permalink=\"https:\/\/www.panfletonegro.com\/v\/2009\/06\/17\/la-encrucijada-de-los-intelectuales-monederos\/t_20071130_monedero_189\/\" data-orig-file=\"https:\/\/i0.wp.com\/www.panfletonegro.com\/v\/wp-content\/uploads\/2009\/06\/t_20071130_monedero_189.jpg?fit=360%2C270&amp;ssl=1\" data-orig-size=\"360,270\" data-comments-opened=\"1\" data-image-meta=\"{&quot;aperture&quot;:&quot;0&quot;,&quot;credit&quot;:&quot;&quot;,&quot;camera&quot;:&quot;&quot;,&quot;caption&quot;:&quot;&quot;,&quot;created_timestamp&quot;:&quot;0&quot;,&quot;copyright&quot;:&quot;&quot;,&quot;focal_length&quot;:&quot;0&quot;,&quot;iso&quot;:&quot;0&quot;,&quot;shutter_speed&quot;:&quot;0&quot;,&quot;title&quot;:&quot;&quot;}\" data-image-title=\"t_20071130_monedero_189\" data-image-description=\"\" data-image-caption=\"\" data-large-file=\"https:\/\/i0.wp.com\/www.panfletonegro.com\/v\/wp-content\/uploads\/2009\/06\/t_20071130_monedero_189.jpg?fit=360%2C270&amp;ssl=1\" class=\"alignnone size-full wp-image-3439\" src=\"https:\/\/i0.wp.com\/www.panfletonegro.com\/v\/wp-content\/uploads\/2009\/06\/t_20071130_monedero_189.jpg?resize=252%2C189\" alt=\"t_20071130_monedero_189\" width=\"252\" height=\"189\" srcset=\"https:\/\/i0.wp.com\/www.panfletonegro.com\/v\/wp-content\/uploads\/2009\/06\/t_20071130_monedero_189.jpg?w=360&amp;ssl=1 360w, https:\/\/i0.wp.com\/www.panfletonegro.com\/v\/wp-content\/uploads\/2009\/06\/t_20071130_monedero_189.jpg?resize=300%2C225&amp;ssl=1 300w\" sizes=\"auto, (max-width: 252px) 100vw, 252px\" \/><br \/>\nSon d\u00edas duros de regreso a los tiempos oscuros del medievo, del nazismo con el odio hacia los supuestos \u201cdegenerados\u201d del expresionismo abstracto, del Hollywood de posguerra, del sapeo de la Alemania Oriental, de la depuraci\u00f3n camboyana instrumentalizada por el genocida Pol Pot, de la Cuba de Fidel en permanente guerra contra los blogueros de la generaci\u00f3n Y, de la China mao\u00edsta y de la intolerancia Talib\u00e1nica del medio oriente, en cada una de sus regiones.<br \/>\nAl respecto, tuvimos la ocasi\u00f3n de conversar con algunos participantes del foro organizado por el Centro Internacional Miranda, y sus denuncias hielan la sangre. Sin embargo, los pobres, con raz\u00f3n, tienen miedo de salir del closet y prefieren ocultar sus identidades, para no correr con la misma suerte de Pesetero. Desde ya, una monedita en desuso dentro de la revoluci\u00f3n todo, fuera de la revoluci\u00f3n, nada.<\/p>\n<p><img data-recalc-dims=\"1\" loading=\"lazy\" decoding=\"async\" data-attachment-id=\"3440\" data-permalink=\"https:\/\/www.panfletonegro.com\/v\/2009\/06\/17\/la-encrucijada-de-los-intelectuales-monederos\/t_juan_carlos_monedero_145\/\" data-orig-file=\"https:\/\/i0.wp.com\/www.panfletonegro.com\/v\/wp-content\/uploads\/2009\/06\/t_juan_carlos_monedero_145.jpg?fit=360%2C271&amp;ssl=1\" data-orig-size=\"360,271\" data-comments-opened=\"1\" data-image-meta=\"{&quot;aperture&quot;:&quot;0&quot;,&quot;credit&quot;:&quot;&quot;,&quot;camera&quot;:&quot;&quot;,&quot;caption&quot;:&quot;&quot;,&quot;created_timestamp&quot;:&quot;0&quot;,&quot;copyright&quot;:&quot;&quot;,&quot;focal_length&quot;:&quot;0&quot;,&quot;iso&quot;:&quot;0&quot;,&quot;shutter_speed&quot;:&quot;0&quot;,&quot;title&quot;:&quot;&quot;}\" data-image-title=\"t_juan_carlos_monedero_145\" data-image-description=\"\" data-image-caption=\"\" data-large-file=\"https:\/\/i0.wp.com\/www.panfletonegro.com\/v\/wp-content\/uploads\/2009\/06\/t_juan_carlos_monedero_145.jpg?fit=360%2C271&amp;ssl=1\" class=\"alignnone size-full wp-image-3440\" src=\"https:\/\/i0.wp.com\/www.panfletonegro.com\/v\/wp-content\/uploads\/2009\/06\/t_juan_carlos_monedero_145.jpg?resize=252%2C190\" alt=\"t_juan_carlos_monedero_145\" width=\"252\" height=\"190\" srcset=\"https:\/\/i0.wp.com\/www.panfletonegro.com\/v\/wp-content\/uploads\/2009\/06\/t_juan_carlos_monedero_145.jpg?w=360&amp;ssl=1 360w, https:\/\/i0.wp.com\/www.panfletonegro.com\/v\/wp-content\/uploads\/2009\/06\/t_juan_carlos_monedero_145.jpg?resize=300%2C225&amp;ssl=1 300w\" sizes=\"auto, (max-width: 252px) 100vw, 252px\" \/><br \/>\nLa \u00faltima purga sovi\u00e9tica en el mundo chavista ha comenzado.<br \/>\nNi hablar del destino de la oposici\u00f3n y de los antiguos adversarios del gobierno.<br \/>\nYa el Presidente se ha dedicado a meterlos a todos en el mismo saco del bochorno y del ostracismo.<br \/>\nYa el Presidente los mand\u00f3 a trabajar y hacer labor social en lugar de abocarse al oficio para el cual fueron instruidos y preparados: pensar, analizar, estudiar, evaluar y sacar conclusiones.<br \/>\nPor desgracia, Hugo Ch\u00e1vez sigue siendo al\u00e9rgico a la cr\u00edtica , aunque ella venga empaquetada y filtrada por el lenguaje de la correcci\u00f3n pol\u00edtica, aunque ella venga domesticada y purificada para no herir la sensibilidad de Nicol\u00e1s Maduro.<\/p>\n<p><img data-recalc-dims=\"1\" loading=\"lazy\" decoding=\"async\" data-attachment-id=\"3441\" data-permalink=\"https:\/\/www.panfletonegro.com\/v\/2009\/06\/17\/la-encrucijada-de-los-intelectuales-monederos\/t_monedero_130\/\" data-orig-file=\"https:\/\/i0.wp.com\/www.panfletonegro.com\/v\/wp-content\/uploads\/2009\/06\/t_monedero_130.jpg?fit=360%2C270&amp;ssl=1\" data-orig-size=\"360,270\" data-comments-opened=\"1\" data-image-meta=\"{&quot;aperture&quot;:&quot;0&quot;,&quot;credit&quot;:&quot;&quot;,&quot;camera&quot;:&quot;&quot;,&quot;caption&quot;:&quot;&quot;,&quot;created_timestamp&quot;:&quot;0&quot;,&quot;copyright&quot;:&quot;&quot;,&quot;focal_length&quot;:&quot;0&quot;,&quot;iso&quot;:&quot;0&quot;,&quot;shutter_speed&quot;:&quot;0&quot;,&quot;title&quot;:&quot;&quot;}\" data-image-title=\"t_monedero_130\" data-image-description=\"\" data-image-caption=\"\" data-large-file=\"https:\/\/i0.wp.com\/www.panfletonegro.com\/v\/wp-content\/uploads\/2009\/06\/t_monedero_130.jpg?fit=360%2C270&amp;ssl=1\" class=\"alignnone size-full wp-image-3441\" src=\"https:\/\/i0.wp.com\/www.panfletonegro.com\/v\/wp-content\/uploads\/2009\/06\/t_monedero_130.jpg?resize=252%2C189\" alt=\"t_monedero_130\" width=\"252\" height=\"189\" srcset=\"https:\/\/i0.wp.com\/www.panfletonegro.com\/v\/wp-content\/uploads\/2009\/06\/t_monedero_130.jpg?w=360&amp;ssl=1 360w, https:\/\/i0.wp.com\/www.panfletonegro.com\/v\/wp-content\/uploads\/2009\/06\/t_monedero_130.jpg?resize=300%2C225&amp;ssl=1 300w\" sizes=\"auto, (max-width: 252px) 100vw, 252px\" \/><br \/>\nPobrecitos. Tienen miedo, mucho miedo. Tienen terror a la alteridad, a pesar de justificarla en discursos y en planes quinquenales demag\u00f3gicos.<br \/>\nPobrecitos. \u00danicamente aceptan intelectuales d\u00f3ciles, sumisos y serviciales como los creadores de \u201cZamora\u201d, la pel\u00edcula. Los intelectuales aliados a H\u00e9ctor Soto y a Abel Prieto.<\/p>\n<p><img data-recalc-dims=\"1\" loading=\"lazy\" decoding=\"async\" data-attachment-id=\"3442\" data-permalink=\"https:\/\/www.panfletonegro.com\/v\/2009\/06\/17\/la-encrucijada-de-los-intelectuales-monederos\/zamora5-560x371\/\" data-orig-file=\"https:\/\/i0.wp.com\/www.panfletonegro.com\/v\/wp-content\/uploads\/2009\/06\/zamora5-560x371.jpg?fit=560%2C371&amp;ssl=1\" data-orig-size=\"560,371\" data-comments-opened=\"1\" data-image-meta=\"{&quot;aperture&quot;:&quot;0&quot;,&quot;credit&quot;:&quot;&quot;,&quot;camera&quot;:&quot;&quot;,&quot;caption&quot;:&quot;&quot;,&quot;created_timestamp&quot;:&quot;0&quot;,&quot;copyright&quot;:&quot;&quot;,&quot;focal_length&quot;:&quot;0&quot;,&quot;iso&quot;:&quot;0&quot;,&quot;shutter_speed&quot;:&quot;0&quot;,&quot;title&quot;:&quot;&quot;}\" data-image-title=\"zamora5-560&amp;#215;371\" data-image-description=\"\" data-image-caption=\"\" data-large-file=\"https:\/\/i0.wp.com\/www.panfletonegro.com\/v\/wp-content\/uploads\/2009\/06\/zamora5-560x371.jpg?fit=560%2C371&amp;ssl=1\" class=\"alignnone size-full wp-image-3442\" src=\"https:\/\/i0.wp.com\/www.panfletonegro.com\/v\/wp-content\/uploads\/2009\/06\/zamora5-560x371.jpg?resize=274%2C182\" alt=\"zamora5-560x371\" width=\"274\" height=\"182\" srcset=\"https:\/\/i0.wp.com\/www.panfletonegro.com\/v\/wp-content\/uploads\/2009\/06\/zamora5-560x371.jpg?resize=560%2C371&amp;ssl=1 560w, https:\/\/i0.wp.com\/www.panfletonegro.com\/v\/wp-content\/uploads\/2009\/06\/zamora5-560x371.jpg?resize=300%2C198&amp;ssl=1 300w\" sizes=\"auto, (max-width: 274px) 100vw, 274px\" \/><br \/>\nDe resto, \u00a1al pared\u00f3n de fusilamiento de la caja boba!<br \/>\nBienvenidos de retorno a la era superada de Marcos P\u00e9rez J\u00edmenez y Juan Vicente G\u00f3mez, con c\u00e1rcel de la Rotunda incluida en el marco de la parrilla de VTV.<br \/>\nBienvenidos de retorno al para\u00edso vertical y unilateral de la Uni\u00f3n Sovi\u00e9tica.<br \/>\nO est\u00e1s conmigo, o est\u00e1s en contra m\u00edo.<br \/>\nSe acabaron las medias tintas.<br \/>\nEs el bushismo convenido y decretado por el Chavismo.<br \/>\nVaya paradoja, vaya iron\u00eda.<br \/>\nUna vez m\u00e1s, la izquierda y la derecha se dan de la mano.<br \/>\nOjal\u00e1 que no sea por mucho tiempo.<br \/>\nMientras tanto, seguimos en la lucha por la red, por la calle, por la pared.<br \/>\nCiertamente, como dir\u00eda Monedero, \u201cla revoluci\u00f3n est\u00e1 en una encrucijada\u201d.<br \/>\nCiertamente, como afirma \u00e9l, \u201clas revoluciones se empezaron a pudrir cuando se fren\u00f3 la cr\u00edtica, cuando se silenci\u00f3 el debate\u201d.<br \/>\nCiertamente, ya nos hab\u00edamos dado cuenta, Juan Carlos.<br \/>\nDe todas formas, te lo agradecemos porque nunca es tarde para despertar del sue\u00f1o.<br \/>\nBienvenido tu tambi\u00e9n a la batalla del pensamiento.<\/p>\n","protected":false},"excerpt":{"rendered":"<p>De nuevo, los intelectuales a la hoguera del manique\u00edsmo, del macartysmo, de la cacer\u00eda de brujas llana y simple, por haberse atrevido a rozar, con el p\u00e9talo de una rosa sin espinas, a la sacrosanta instituci\u00f3n del estado mon\u00e1rquico y vaticanista gobernado por el Papa de la revoluci\u00f3n bonita, quien desde su p\u00falpito de Al\u00f3 [&hellip;]<\/p>\n","protected":false},"author":76,"featured_media":3436,"comment_status":"open","ping_status":"open","sticky":false,"template":"","format":"standard","meta":{"jetpack_post_was_ever_published":false,"_jetpack_newsletter_access":"","_jetpack_dont_email_post_to_subs":false,"_jetpack_newsletter_tier_id":0,"_jetpack_memberships_contains_paywalled_content":false,"_jetpack_memberships_contains_paid_content":false,"footnotes":"","jetpack_publicize_message":"","jetpack_publicize_feature_enabled":true,"jetpack_social_post_already_shared":false,"jetpack_social_options":{"image_generator_settings":{"template":"highway","default_image_id":0,"font":"","enabled":false},"version":2}},"categories":[3],"tags":[],"class_list":{"0":"post-3435","1":"post","2":"type-post","3":"status-publish","4":"format-standard","5":"has-post-thumbnail","7":"category-descontento"},"jetpack_publicize_connections":[],"jetpack_featured_media_url":"https:\/\/i0.wp.com\/www.panfletonegro.com\/v\/wp-content\/uploads\/2009\/06\/monederosucre.jpg?fit=406%2C318&ssl=1","jetpack_shortlink":"https:\/\/wp.me\/pfpCD-Tp","jetpack_sharing_enabled":true,"_links":{"self":[{"href":"https:\/\/www.panfletonegro.com\/v\/wp-json\/wp\/v2\/posts\/3435","targetHints":{"allow":["GET"]}}],"collection":[{"href":"https:\/\/www.panfletonegro.com\/v\/wp-json\/wp\/v2\/posts"}],"about":[{"href":"https:\/\/www.panfletonegro.com\/v\/wp-json\/wp\/v2\/types\/post"}],"author":[{"embeddable":true,"href":"https:\/\/www.panfletonegro.com\/v\/wp-json\/wp\/v2\/users\/76"}],"replies":[{"embeddable":true,"href":"https:\/\/www.panfletonegro.com\/v\/wp-json\/wp\/v2\/comments?post=3435"}],"version-history":[{"count":0,"href":"https:\/\/www.panfletonegro.com\/v\/wp-json\/wp\/v2\/posts\/3435\/revisions"}],"wp:featuredmedia":[{"embeddable":true,"href":"https:\/\/www.panfletonegro.com\/v\/wp-json\/wp\/v2\/media\/3436"}],"wp:attachment":[{"href":"https:\/\/www.panfletonegro.com\/v\/wp-json\/wp\/v2\/media?parent=3435"}],"wp:term":[{"taxonomy":"category","embeddable":true,"href":"https:\/\/www.panfletonegro.com\/v\/wp-json\/wp\/v2\/categories?post=3435"},{"taxonomy":"post_tag","embeddable":true,"href":"https:\/\/www.panfletonegro.com\/v\/wp-json\/wp\/v2\/tags?post=3435"}],"curies":[{"name":"wp","href":"https:\/\/api.w.org\/{rel}","templated":true}]}}