{"id":33944,"date":"2013-01-12T18:31:45","date_gmt":"2013-01-12T23:01:45","guid":{"rendered":"http:\/\/www.panfletonegro.com\/v\/?p=33944"},"modified":"2013-01-12T19:35:57","modified_gmt":"2013-01-13T00:05:57","slug":"cronicas-de-la-rbv-iii-adjetivos-compulsivos","status":"publish","type":"post","link":"https:\/\/www.panfletonegro.com\/v\/2013\/01\/12\/cronicas-de-la-rbv-iii-adjetivos-compulsivos\/","title":{"rendered":"Cr\u00f3nicas de la RBV (III): Adjetivos compulsivos."},"content":{"rendered":"<p style=\"text-align: center;\"><a href=\"http:\/\/www.panfletonegro.com\/v\/2013\/01\/12\/cronicas-de-la-rbv-iii-adjetivos-compulsivos\/caricatura\/\" rel=\"attachment wp-att-33946\"><img data-recalc-dims=\"1\" loading=\"lazy\" decoding=\"async\" data-attachment-id=\"33946\" data-permalink=\"https:\/\/www.panfletonegro.com\/v\/2013\/01\/12\/cronicas-de-la-rbv-iii-adjetivos-compulsivos\/caricatura\/\" data-orig-file=\"https:\/\/i0.wp.com\/www.panfletonegro.com\/v\/wp-content\/uploads\/2013\/01\/caricatura.jpg?fit=425%2C290&amp;ssl=1\" data-orig-size=\"425,290\" data-comments-opened=\"1\" data-image-meta=\"{&quot;aperture&quot;:&quot;0&quot;,&quot;credit&quot;:&quot;&quot;,&quot;camera&quot;:&quot;&quot;,&quot;caption&quot;:&quot;&quot;,&quot;created_timestamp&quot;:&quot;0&quot;,&quot;copyright&quot;:&quot;&quot;,&quot;focal_length&quot;:&quot;0&quot;,&quot;iso&quot;:&quot;0&quot;,&quot;shutter_speed&quot;:&quot;0&quot;,&quot;title&quot;:&quot;&quot;}\" data-image-title=\"caricatura\" data-image-description=\"\" data-image-caption=\"\" data-large-file=\"https:\/\/i0.wp.com\/www.panfletonegro.com\/v\/wp-content\/uploads\/2013\/01\/caricatura.jpg?fit=425%2C290&amp;ssl=1\" class=\"size-medium wp-image-33946 aligncenter\" alt=\"caricatura\" src=\"https:\/\/i0.wp.com\/www.panfletonegro.com\/v\/wp-content\/uploads\/2013\/01\/caricatura-300x204.jpg?resize=300%2C204\" width=\"300\" height=\"204\" srcset=\"https:\/\/i0.wp.com\/www.panfletonegro.com\/v\/wp-content\/uploads\/2013\/01\/caricatura.jpg?resize=300%2C204&amp;ssl=1 300w, https:\/\/i0.wp.com\/www.panfletonegro.com\/v\/wp-content\/uploads\/2013\/01\/caricatura.jpg?resize=320%2C218&amp;ssl=1 320w, https:\/\/i0.wp.com\/www.panfletonegro.com\/v\/wp-content\/uploads\/2013\/01\/caricatura.jpg?resize=145%2C98&amp;ssl=1 145w, https:\/\/i0.wp.com\/www.panfletonegro.com\/v\/wp-content\/uploads\/2013\/01\/caricatura.jpg?w=425&amp;ssl=1 425w\" sizes=\"auto, (max-width: 300px) 100vw, 300px\" \/><\/a><\/p>\n<p>Hubo una conversaci\u00f3n bastante simp\u00e1tica en el muro de facebook de una amiga. Un debate bastante serio sobre lo rid\u00edculo que se puede poner el chauvinismo, el nacionalismo o el regionalismo. Ya juzgar\u00e1n las capturas de pantalla.<\/p>\n<figure id=\"attachment_33958\" aria-describedby=\"caption-attachment-33958\" style=\"width: 300px\" class=\"wp-caption aligncenter\"><a href=\"https:\/\/i0.wp.com\/www.panfletonegro.com\/v\/wp-content\/uploads\/2013\/01\/Captura-de-pantalla-de-2013-01-12-16_38_24.png\"><img data-recalc-dims=\"1\" loading=\"lazy\" decoding=\"async\" data-attachment-id=\"33958\" data-permalink=\"https:\/\/www.panfletonegro.com\/v\/2013\/01\/12\/cronicas-de-la-rbv-iii-adjetivos-compulsivos\/captura-de-pantalla-de-2013-01-12-16_38_24\/\" data-orig-file=\"https:\/\/i0.wp.com\/www.panfletonegro.com\/v\/wp-content\/uploads\/2013\/01\/Captura-de-pantalla-de-2013-01-12-16_38_24.png?fit=631%2C614&amp;ssl=1\" data-orig-size=\"631,614\" data-comments-opened=\"1\" data-image-meta=\"{&quot;aperture&quot;:&quot;0&quot;,&quot;credit&quot;:&quot;&quot;,&quot;camera&quot;:&quot;&quot;,&quot;caption&quot;:&quot;&quot;,&quot;created_timestamp&quot;:&quot;0&quot;,&quot;copyright&quot;:&quot;&quot;,&quot;focal_length&quot;:&quot;0&quot;,&quot;iso&quot;:&quot;0&quot;,&quot;shutter_speed&quot;:&quot;0&quot;,&quot;title&quot;:&quot;&quot;}\" data-image-title=\"Conversaci\u00f3n seria\" data-image-description=\"\" data-image-caption=\"&lt;p&gt;Ah \u00bfQue no es seria?&lt;\/p&gt;\n\" data-large-file=\"https:\/\/i0.wp.com\/www.panfletonegro.com\/v\/wp-content\/uploads\/2013\/01\/Captura-de-pantalla-de-2013-01-12-16_38_24.png?fit=631%2C614&amp;ssl=1\" class=\"size-medium wp-image-33958 \" alt=\"Ah \u00bfQue no es seria?\" src=\"https:\/\/i0.wp.com\/www.panfletonegro.com\/v\/wp-content\/uploads\/2013\/01\/Captura-de-pantalla-de-2013-01-12-16_38_24-300x291.png?resize=300%2C291\" width=\"300\" height=\"291\" srcset=\"https:\/\/i0.wp.com\/www.panfletonegro.com\/v\/wp-content\/uploads\/2013\/01\/Captura-de-pantalla-de-2013-01-12-16_38_24.png?resize=300%2C291&amp;ssl=1 300w, https:\/\/i0.wp.com\/www.panfletonegro.com\/v\/wp-content\/uploads\/2013\/01\/Captura-de-pantalla-de-2013-01-12-16_38_24.png?resize=320%2C311&amp;ssl=1 320w, https:\/\/i0.wp.com\/www.panfletonegro.com\/v\/wp-content\/uploads\/2013\/01\/Captura-de-pantalla-de-2013-01-12-16_38_24.png?resize=145%2C141&amp;ssl=1 145w, https:\/\/i0.wp.com\/www.panfletonegro.com\/v\/wp-content\/uploads\/2013\/01\/Captura-de-pantalla-de-2013-01-12-16_38_24.png?resize=495%2C481&amp;ssl=1 495w, https:\/\/i0.wp.com\/www.panfletonegro.com\/v\/wp-content\/uploads\/2013\/01\/Captura-de-pantalla-de-2013-01-12-16_38_24.png?w=631&amp;ssl=1 631w\" sizes=\"auto, (max-width: 300px) 100vw, 300px\" \/><\/a><figcaption id=\"caption-attachment-33958\" class=\"wp-caption-text\">Ah \u00bfQue no es seria?<\/figcaption><\/figure>\n<p>&nbsp;<\/p>\n<p>Empieza como una broma, empiezas a escribir en may\u00fasculas, aumenta la adrenalina, las cosas se acaloran, no sabes muy bien por d\u00f3nde vas, una punta aqu\u00ed una punta all\u00e1, est\u00e1s perdiendo el control, de repente hay lluvia de vidrios, caos total y gente llorando, te das cuenta que te perdiste en tsunami de la broma y ya no recuerdas como empez\u00f3.<\/p>\n<p>Ahora entiendo a los fan\u00e1ticos, escribiendo en may\u00fasculas sent\u00eda realmente que estaba vociferando, y a\u00f1adido a que el sue\u00f1o pega, olvido el punto y me encuentro bromeando sin ton ni son.<\/p>\n<p>Era una burla al chauvinismo tonto, del que somos el mejor pa\u00eds del mundo, solo porque nacimos dentro de unos bordes imaginarios de la geograf\u00eda del mundo, a esa tonter\u00eda de enorgullecernos de algo circunstancial.<\/p>\n<p>Nos burlamos, ohhh si, como nos burlamos, de los lugares comunes. \u201cTENEMOS LAS MUJERES MAS BELLAS\u201d, pero co\u00f1ol. Que el mundo encuentre al fenotipo (y ahora el bistur\u00ed) de algunas mujeres de Venezuela atractivo no es ning\u00fan logro, es una casualidad.<\/p>\n<p>\u201cTENEMOS LA CA\u00cdDA DE AGUA M\u00c1S ALTO DEL MUNDO\u201d, pero co\u00f1o, si Brasil se vuelve loco alg\u00fan d\u00eda y las fronteras cambian, eso ya no ser\u00eda un \u201clogro\u201d venezolano.<\/p>\n<p>\u00bfNuestra gastronom\u00eda?, pero chamo, haganme una lista de 10 platos nacionales, que no se coman en ning\u00fan otro lado y que se considere un manjar nacional. (EL PABELL\u00d3ON Y&#8230;. Y EL ASADO NEGRO Y&#8230; LAS HALLACAS Y&#8230; ESTEEEE, LAS AREPAS -no marico esas las compartimos con Colombia- Y LAS EMPANADAS, YYYYYY&#8230;)<\/p>\n<p>Lo que me llam\u00f3 la atenci\u00f3n de la conversaci\u00f3n, es el fondo muy en el fondo. Entre el sarcasmo y las bromas, me doy cuenta de algo. Somos un pa\u00eds sin objetivos. No s\u00e9 qui\u00e9n de ustedes se logra mamar el objetivo de pa\u00eds en educaci\u00f3n, por ejemplo: \u201cPromover y garantizar al pueblo venezolano el desarrollo sociocultural mediante la formaci\u00f3n integral de todos los ciudadanos y ciudadanas, como ente rector de las pol\u00edticas educativas en concordancia con los lineamientos del Estado y comprometidos con la participaci\u00f3n popular para un mayor nivel de desarrollo, materializando la universalizaci\u00f3n de la educaci\u00f3n y fortaleciendo el acceso, permanencia y prosecuci\u00f3n del Subsistema de Educaci\u00f3n B\u00e1sica\u201d<\/p>\n<p>A la grand\u00edsima puta, \u00bfQu\u00e9 mierda dijo y con qu\u00e9 se come? \u00bfEso es un objetivo del pa\u00eds?<\/p>\n<p>Comparemos con:<\/p>\n<p>\u201cThe wealth of a nation lies in its people &#8211; their commitment to country and community, their willingness to strive and persevere, their ability to think, achieve and excel. Our future depends on our continually renewing and regenerating our leadership and citizenry, building upon the experience of the past, learning from the circumstances of the present, and preparing for the challenges of the future. How we bring up our young at home and teach them in school will shape Singapore in the next generation.<\/p>\n<p>The mission of the Education Service is to mould the future of the nation, by moulding the people who will determine the future of the nation. The Service will provide our children with a balanced and well-rounded education, develop them to their full potential, and nurture them into good citizens, conscious of their responsibilities to family, society and country.\u201d<\/p>\n<p>\u00bfNotaron alguna diferencia?<\/p>\n<p>Veo la ingenuidad de los cartelitos del facebook que ponen \u201cVenezuela: Fauna, Flora, Gente, Comida, Paisajes\u201d. Verga chamo, te va a atropellar un carrito de helados. Dime alguna naci\u00f3n que no tenga fauna, flora, gente, comida y paisajes. \u201cYo no es que sea agrandado, pero nac\u00ed en Venezuela\u201d, \u201cYo no eleg\u00ed nacer en Venezuela, solo tuve suerte\u201d<\/p>\n<p>Nosotros no somos un pa\u00eds objetivo, somo un pa\u00eds adjetivo. Somos adjetivo-compulsivos. Venezuela grande, patria bonita, inmensa, libre, alegre, bochinchera, positiva, libertaria, generosa, delicada, inteligente, revolucionaria, bolivariana, bananera.<\/p>\n<p>Queremos describir un pa\u00eds en una palabra y exponer una idea compleja en 140 caract\u00e9res. Un pa\u00eds es m\u00e1s que eso y tratando de sobresimplificar los problemas adjetivizando, al final terminamos confundiendo la sensibilidad con la sensibler\u00eda, la simplicidad con la simpleza, la filosof\u00eda con la divagaci\u00f3n y la sencillez con la banalidad (\u00bfo bananalidad?).<\/p>\n<p>No hay algo objetivo a lo que agarrarnos, como: \u201cNuestro objetivo de pa\u00eds para los pr\u00f3ximos tres a\u00f1os es disminuir los cr\u00edmenes violentos 3 puntos porcentuales aplicando tales y tales medidas sobre la base de los estudios de tal y tales personas\u201d. Entonces nos apegamos a los adjetivos calificativos que consigamos. \u201cMi mam\u00e1 es bonita, inteligente y blanca\u201d, \u201cmi pap\u00e1 es trabajador, abstemio y casi no es abusador\u201d<\/p>\n<p>Era la base de mis cr\u00edticas a Capriles, no el qu\u00e9 iba a hacer si ganaba, sino el c\u00f3mo. Ch\u00e1vez dijo que en 2013 iba a eliminar la pobreza, pero nunca dijo el c\u00f3mo, y miren el peo que tenemos hoy.<\/p>\n<p>Ahora hasta un \u201cestoy orgulloso de mi color de piel\u201d, me parece un excesivo \u201ccromaticismo\u201d. Eso tambi\u00e9n es una circunstancia casual de nuestro pool gen\u00e9tico. Me suena a \u201cestoy orgulloso del adjetivo con el que nac\u00ed\u201d.<\/p>\n<p>\u00bfSentirnos orgullosos de casualidades?, es como sentirnos orgullosos de ganar la loter\u00eda: \u201cVerga pana, le d\u00ed y le d\u00ed y le d\u00ed hasta que despu\u00e9s de a\u00f1os de estar jugando loter\u00eda, fui el uno entre chorrochocientos n\u00fameros de probabilidad\u201d. O sentirnos orgullosos de que nos caiga un rayo: \u201c\u00bfSabes cu\u00e1les son las probabilidades de que te caiga un rayo?, una en un mill\u00f3n, ese soy yo mi pana\u201d.<\/p>\n<p>No, no me enorgullece el Salto Angel, ni las playas, ni el pico Bol\u00edvar o el \u00c1vila, Me gusta mirarlos, pero no por nada esas vainas se llaman accidentes geogr\u00e1ficos. Me siento orgulloso de las cosas que se logran con esfuerzo y dedicaci\u00f3n. Cosas que implican el trabajo y testarudez para eliminar las casualidades. Esfuerzos que son la continua pelea en contra de la Ley de Murphy. Pero \u00bfnacionalismo por los paisajes, la flora y la fauna dejando de lado los pranes, los baches, y la escasez? Olvidalo, es una soberana pendejada (\u00bfVen que s\u00ed tenemos soberan\u00eda en algo?). Decir que somos chiquitos cuando somos chiquitos nos permite crecer, pero decir que somos grandes cuando somos chiquitos nos vuelve rid\u00edculos.<\/p>\n<figure style=\"width: 800px\" class=\"wp-caption aligncenter\"><img data-recalc-dims=\"1\" loading=\"lazy\" decoding=\"async\" alt=\"\" src=\"https:\/\/i0.wp.com\/www.venezuelatuya.com\/canaima\/angel\/saltoangel800.jpg?resize=696%2C522\" width=\"696\" height=\"522\" \/><figcaption class=\"wp-caption-text\">Esto es un accidente de la naturaleza. Es bonito si, pero no es ninguna obra nuestra.<\/figcaption><\/figure>\n<p>Yo tambi\u00e9n estoy metido en este experimento que es la p\u00e1gina de facebook de la <a href=\"https:\/\/www.facebook.com\/bananarepublicofvenezuela?fref=ts\">Rep\u00fablica Bananera de Venezuela<\/a> y aunque la inspiraci\u00f3n de este art\u00edculo no viene de all\u00ed, lo suscribo a las cr\u00f3nicas porque a veces necesitamos no preguntarle a la abuelita si estamos bonitos, sino mirarnos un buen rato en el espejo, mirar el estado en el que estamos y decirnos a nosotros (la sociedad) que un adjetivo que podr\u00eda describirnos bien es ese: Bananeros.<\/p>\n","protected":false},"excerpt":{"rendered":"<p>Hubo una conversaci\u00f3n bastante simp\u00e1tica en el muro de facebook de una amiga. Un debate bastante serio sobre lo rid\u00edculo que se puede poner el chauvinismo, el nacionalismo o el regionalismo. Ya juzgar\u00e1n las capturas de pantalla. &nbsp; Empieza como una broma, empiezas a escribir en may\u00fasculas, aumenta la adrenalina, las cosas se acaloran, no [&hellip;]<\/p>\n","protected":false},"author":2238,"featured_media":33946,"comment_status":"open","ping_status":"open","sticky":false,"template":"","format":"standard","meta":{"jetpack_post_was_ever_published":false,"_jetpack_newsletter_access":"","_jetpack_dont_email_post_to_subs":false,"_jetpack_newsletter_tier_id":0,"_jetpack_memberships_contains_paywalled_content":false,"_jetpack_memberships_contains_paid_content":false,"footnotes":"","jetpack_publicize_message":"","jetpack_publicize_feature_enabled":true,"jetpack_social_post_already_shared":true,"jetpack_social_options":{"image_generator_settings":{"template":"highway","default_image_id":0,"font":"","enabled":false},"version":2}},"categories":[3],"tags":[2332],"class_list":{"0":"post-33944","1":"post","2":"type-post","3":"status-publish","4":"format-standard","5":"has-post-thumbnail","7":"category-descontento","8":"tag-crbv"},"jetpack_publicize_connections":[],"jetpack_featured_media_url":"https:\/\/i0.wp.com\/www.panfletonegro.com\/v\/wp-content\/uploads\/2013\/01\/caricatura.jpg?fit=425%2C290&ssl=1","jetpack_shortlink":"https:\/\/wp.me\/pfpCD-8Pu","jetpack_sharing_enabled":true,"_links":{"self":[{"href":"https:\/\/www.panfletonegro.com\/v\/wp-json\/wp\/v2\/posts\/33944","targetHints":{"allow":["GET"]}}],"collection":[{"href":"https:\/\/www.panfletonegro.com\/v\/wp-json\/wp\/v2\/posts"}],"about":[{"href":"https:\/\/www.panfletonegro.com\/v\/wp-json\/wp\/v2\/types\/post"}],"author":[{"embeddable":true,"href":"https:\/\/www.panfletonegro.com\/v\/wp-json\/wp\/v2\/users\/2238"}],"replies":[{"embeddable":true,"href":"https:\/\/www.panfletonegro.com\/v\/wp-json\/wp\/v2\/comments?post=33944"}],"version-history":[{"count":0,"href":"https:\/\/www.panfletonegro.com\/v\/wp-json\/wp\/v2\/posts\/33944\/revisions"}],"wp:featuredmedia":[{"embeddable":true,"href":"https:\/\/www.panfletonegro.com\/v\/wp-json\/wp\/v2\/media\/33946"}],"wp:attachment":[{"href":"https:\/\/www.panfletonegro.com\/v\/wp-json\/wp\/v2\/media?parent=33944"}],"wp:term":[{"taxonomy":"category","embeddable":true,"href":"https:\/\/www.panfletonegro.com\/v\/wp-json\/wp\/v2\/categories?post=33944"},{"taxonomy":"post_tag","embeddable":true,"href":"https:\/\/www.panfletonegro.com\/v\/wp-json\/wp\/v2\/tags?post=33944"}],"curies":[{"name":"wp","href":"https:\/\/api.w.org\/{rel}","templated":true}]}}