{"id":32525,"date":"2012-12-01T19:36:10","date_gmt":"2012-12-02T00:06:10","guid":{"rendered":"http:\/\/www.panfletonegro.com\/v\/?p=32525"},"modified":"2012-12-02T08:28:47","modified_gmt":"2012-12-02T12:58:47","slug":"por-que-no","status":"publish","type":"post","link":"https:\/\/www.panfletonegro.com\/v\/2012\/12\/01\/por-que-no\/","title":{"rendered":"\u00bfPor Qu\u00e9 No?"},"content":{"rendered":"<p><em>\u00bf<\/em>Qu\u00e9 fue lo que me arrech\u00f3 tanto que me puso a enajenar hostilmente a cualquier potencial lector? Fue tan violenta la cosa que, hoy d\u00eda, se me ignora y se me pone 1 estrella, ya sea por dejarme claro que soy un pat\u00e1n o por sincero desagrado a mis art\u00edculos (si este es el caso, el malquiste sin duda ha aportado a que no me den ni el \u00abbenefit of the doubt\u00bb).<\/p>\n<p>La respuesta est\u00e1 en esta serie de <a title=\"Philosophy and Communism\" href=\"http:\/\/www.lacan.com\/thevideos\/?p=327\">videos<\/a> (en ingl\u00e9s&#8230; si no lo hablas, <a title=\"consejos para aprender a hablar ingl\u00e9s\" href=\"http:\/\/jujinga.net\/post-3269-10_consejos_para_aprender_idiomas_con_tu_PC.html\">modern\u00edzate<\/a> co\u00f1o). El primer video es una introducci\u00f3n lacaniana, velo solo si eres uno de esos masoquistas lacanianos.<\/p>\n<p>Dos burgueses uber-intelectuales discutiendo las correlaciones entre el comunismo y la filosof\u00eda es el perfecto ejemplo del problema intelectual que presenta el sistema hegem\u00f3nico de capitalismo estatal, y que est\u00e1 muy presente en panfletonegro: las discusiones verdaderamente arrechas son privilegio de quienes han adquirido el estatus necesario (dem\u00e1s est\u00e1 decir que para adquirir estatus hay que seguir las reglas del sistema).<\/p>\n<p>Una condici\u00f3n necesaria de la servitud es que el siervo acceda no solo a servir, sino a ser siervo. Esta elecci\u00f3n solo puede ser subconsciente, el siervo debe programarse para navegar los abismos secretos de su ser como le convenga m\u00e1s al maestro. Cuando pobres panfleteros don nadies como nosotros hablamos, si queremos los beneficios que puede ofrecer este sistema, tenemos que permitirle a nuestro subconsciente que nos limite, que nos diga \u00absi va,\u00bb \u00abni de vaina,\u00bb y \u00ab\u00a1peligro!\u00bb dependiendo de lo que le convenga a la instituci\u00f3n abstracta del maestro capitalista.<\/p>\n<p>Con lo cual lo que se ve son an\u00e1lisis pre-ensamblados de pel\u00edculas opio-del-pueblo, literatura inconsecuente y eventos \u00abpol\u00edticos.\u00bb De vez en cuando se ve varianza, y aunque aparecen unas vainas muy buenas, hasta excelentes (vi\u00e9ndolos a ustedes, emo de mierda troll doppelganger, Edgar B), tienden a ser m\u00e1s pre-empaquetaciones, solo que de corrientes no-dominantes (v\u00e9nganse Chorizo, Vientoqueacariciaelprado).<\/p>\n<p>Lo que nunca se ve es una discusi\u00f3n de alto grado, vanguardista, desmedida y desmiedada&#8230; Nunca nos ver\u00e1s en un nivel prohibido, que les toca solo a grandes como Badiou y Zizek.<\/p>\n<p>\u00bfPor qu\u00e9 no?<\/p>\n<p>Por eso quem\u00e9 mi podio, y sin podio alguno me retiro.<\/p>\n","protected":false},"excerpt":{"rendered":"<p>\u00bfQu\u00e9 fue lo que me arrech\u00f3 tanto que me puso a enajenar hostilmente a cualquier potencial lector? Fue tan violenta la cosa que, hoy d\u00eda, se me ignora y se me pone 1 estrella, ya sea por dejarme claro que soy un pat\u00e1n o por sincero desagrado a mis art\u00edculos (si este es el caso, [&hellip;]<\/p>\n","protected":false},"author":2183,"featured_media":32532,"comment_status":"open","ping_status":"open","sticky":false,"template":"","format":"standard","meta":{"jetpack_post_was_ever_published":false,"_jetpack_newsletter_access":"","_jetpack_dont_email_post_to_subs":false,"_jetpack_newsletter_tier_id":0,"_jetpack_memberships_contains_paywalled_content":false,"_jetpack_memberships_contains_paid_content":false,"footnotes":"","jetpack_publicize_message":"","jetpack_publicize_feature_enabled":true,"jetpack_social_post_already_shared":true,"jetpack_social_options":{"image_generator_settings":{"template":"highway","default_image_id":0,"font":"","enabled":false},"version":2}},"categories":[3],"tags":[801,156],"class_list":{"0":"post-32525","1":"post","2":"type-post","3":"status-publish","4":"format-standard","5":"has-post-thumbnail","7":"category-descontento","8":"tag-muerte-a-panfletonegro","9":"tag-panfletonegro"},"jetpack_publicize_connections":[],"jetpack_featured_media_url":"https:\/\/i0.wp.com\/www.panfletonegro.com\/v\/wp-content\/uploads\/2012\/12\/Peasants-at-Table-El-Almuerzo.jpg?fit=1119%2C972&ssl=1","jetpack_shortlink":"https:\/\/wp.me\/pfpCD-8sB","jetpack_sharing_enabled":true,"_links":{"self":[{"href":"https:\/\/www.panfletonegro.com\/v\/wp-json\/wp\/v2\/posts\/32525","targetHints":{"allow":["GET"]}}],"collection":[{"href":"https:\/\/www.panfletonegro.com\/v\/wp-json\/wp\/v2\/posts"}],"about":[{"href":"https:\/\/www.panfletonegro.com\/v\/wp-json\/wp\/v2\/types\/post"}],"author":[{"embeddable":true,"href":"https:\/\/www.panfletonegro.com\/v\/wp-json\/wp\/v2\/users\/2183"}],"replies":[{"embeddable":true,"href":"https:\/\/www.panfletonegro.com\/v\/wp-json\/wp\/v2\/comments?post=32525"}],"version-history":[{"count":0,"href":"https:\/\/www.panfletonegro.com\/v\/wp-json\/wp\/v2\/posts\/32525\/revisions"}],"wp:featuredmedia":[{"embeddable":true,"href":"https:\/\/www.panfletonegro.com\/v\/wp-json\/wp\/v2\/media\/32532"}],"wp:attachment":[{"href":"https:\/\/www.panfletonegro.com\/v\/wp-json\/wp\/v2\/media?parent=32525"}],"wp:term":[{"taxonomy":"category","embeddable":true,"href":"https:\/\/www.panfletonegro.com\/v\/wp-json\/wp\/v2\/categories?post=32525"},{"taxonomy":"post_tag","embeddable":true,"href":"https:\/\/www.panfletonegro.com\/v\/wp-json\/wp\/v2\/tags?post=32525"}],"curies":[{"name":"wp","href":"https:\/\/api.w.org\/{rel}","templated":true}]}}