{"id":32312,"date":"2012-11-24T23:54:02","date_gmt":"2012-11-25T04:24:02","guid":{"rendered":"http:\/\/www.panfletonegro.com\/v\/?p=32312"},"modified":"2012-11-25T21:44:36","modified_gmt":"2012-11-26T02:14:36","slug":"inexorablemente","status":"publish","type":"post","link":"https:\/\/www.panfletonegro.com\/v\/2012\/11\/24\/inexorablemente\/","title":{"rendered":"CIVILIZACI\u00d3N Y CULTURA: LOS SUE\u00d1OS Y ENSUE\u00d1OS TOMAR\u00c1N NUEVAS FORMAS."},"content":{"rendered":"<p style=\"text-align: left\" align=\"center\"><strong>CIVILIZACI\u00d3N Y CULTURA: LOS SUE\u00d1OS Y ENSUE\u00d1OS TOMAR\u00c1N NUEVAS FORMAS.<br \/>\n<\/strong><\/p>\n<p align=\"center\"><strong>\u00a0<\/strong><\/p>\n<p style=\"text-align: left\" align=\"right\"><strong>POR CARLOS SCHULMAISTER<\/strong><\/p>\n<p><strong>\u00a0<\/strong><\/p>\n<p><strong>\u00a0<\/strong><\/p>\n<p><strong>Si miramos en perspectiva el camino transitado por el g\u00e9nero humano desde el neol\u00edtico hasta hoy podemos comprobar el fascinante espect\u00e1culo del desarrollo de la civilizaci\u00f3n y la complejizaci\u00f3n de la cultura, dos fen\u00f3menos tan estrechamente ligados que no pueden ser pensados separadamente.<\/strong><\/p>\n<p><strong>Lo auspicioso para la humanidad, en este proceso, es que ha logrado tomar conciencia de su formidable poder creativo. La humanidad, los hombres, transforman lo que tocan, no importa ya conocer en cu\u00e1nto tiempo lo hizo \u00e9ste o aquel pueblo, sociedad o Estado, pues todos cambian, se modifican, se crean y recrean constantemente, incluso cuando pareciera que no lo est\u00e1n haciendo.<\/strong><\/p>\n<p><strong>Frutos de esa particular condici\u00f3n de los humanos son el crecimiento de la cultura, su diversificaci\u00f3n, su expansi\u00f3n y su creciente poder de transformaci\u00f3n y de autotransformaci\u00f3n. Particularmente interesantes son, para la s\u00edntesis hist\u00f3rica, los recorridos efectuados por el saber cient\u00edfico, la configuraci\u00f3n de las ciencias en su inacabado proceso de especializaci\u00f3n y de aplicaci\u00f3n de sus resultados en la realidad, es decir, en el proceso de transformaciones que somete a los individuos, a la naturaleza y a la cultura a pasar por sucesivos estados, o sucesivas realidades dentro de la realidad. Y aqu\u00ed me viene a la mente la palabra infinito.<\/strong><\/p>\n<p><strong>En este maravilloso proceso de constante y acelerad\u00edsima transformaci\u00f3n de la cultura, en t\u00e9rminos generales, es preciso destacar la correlativa transformaci\u00f3n de los paisajes de la cultura, es decir, de aquello que podr\u00edamos considerar la corporizaci\u00f3n de las ideas recibidas, creadas y recreadas por la\u00a0 humanidad a trav\u00e9s de los tiempos. Me refiero al mundo de las estructuras y las infraestructuras materiales, al mundo de las cosas y los objetos, donde tambi\u00e9n aplicamos las notas de crecimiento, magnitudes, diversidad, variaci\u00f3n y complejidad crecientes, obvias, por lo dem\u00e1s,\u00a0 a esta altura de nuestro relato.<\/strong><\/p>\n<p><strong>Pero mucho m\u00e1s extraordinario y maravilloso que esa condici\u00f3n materializadora de ideas es el desarrollo exponencial de la capacidad humana de creaci\u00f3n de ideas, pues en este proceso todo tiene que ver con todo, todo lo creado tiene relaci\u00f3n entre si y con zonas oscuras que est\u00e1n all\u00ed precisamente esperando ser exploradas. De modo que las magnitudes de la creatividad de las ideas son inmensamente superiores que las de sus respectivas materializaciones.<\/strong><\/p>\n<p><strong>Pero si las transformaciones y la complejizaci\u00f3n de la cultura s\u00f3lo pudieran ser observadas teniendo en cuenta para ello las variaciones de magnitudes, de diversidad, de n\u00famero, de existencia y presencia de ideas y cosas materiales\u00a0 bien podr\u00eda uno preguntarse hasta d\u00f3nde llegar\u00e1 este proceso? Dicho de otro modo, \u00bfeste proceso es indetenible bajo ciertas condiciones? Y seguramente un silencio, m\u00e1s breve o m\u00e1s largo seg\u00fan los casos, seguir\u00eda a ese interrogante.<\/strong><\/p>\n<p><strong>Claro, uno bien puede pensar, con l\u00f3gica sencilla, \u00bfhasta cu\u00e1ndo?, \u00bfhasta d\u00f3nde?, \u00bfpodemos ser optimistas todav\u00eda?, \u00bf\u2026 y si sucede algo que nunca hubi\u00e9ramos cre\u00eddo posible?<\/strong><\/p>\n<p><strong>Que no cunda el p\u00e1nico, se\u00f1ores, nada de Apocalipsis. Simplemente que uno puede pensar si la m\u00e1quina humana, el cerebro humano\u2026 \u00a1el cuerpo humano -pong\u00e1mosle para dejar a todos contentos-! \u00bf\u2026 No se cansar\u00e1 de trabajar tanto? \u00bf\u2026 No perder\u00e1 en alg\u00fan momento tan sorprendente vigor?<\/strong><\/p>\n<p><strong>Es sabido que especialmente en la antropolog\u00eda m\u00e1s reciente se vienen investigando los crecientes contrastes entre el gran desarrollo experimentado por ciertos campos del pensamiento humano y el subdesarrollo y hasta involuci\u00f3n en otros; as\u00ed como tambi\u00e9n ciertas transformaciones de la corporalidad humana no ya bajo la inspiraci\u00f3n de viejas tesis marxistas acerca de los efectos transformadores del colonialismo o de la explotaci\u00f3n industrial, de las cuales nos separan a\u00f1os-luz teniendo en cuenta las fenomenales transformaciones tendenciales alcanzadas por la humanidad en las \u00faltimas d\u00e9cadas.<\/strong><\/p>\n<p><strong>\u00a1Los constrastes a los que me refiero se prometen auspiciosos para la humanidad! Lo dir\u00e9 sint\u00e9ticamente. Hasta aqu\u00ed hab\u00edamos considerado al equipamiento corporal como si se tratara del disco r\u00edgido de un ordenador, y las transformaciones que describimos se refer\u00edan a los contenidos simb\u00f3licos de la cultura, a los campos, los programas, \u00a1al software de la condici\u00f3n humana!<\/strong><\/p>\n<p><strong>\u00a1Pues bien, ahora vamos a incluir al hardware, a la m\u00e1quina en si, a esa unidad b\u00edo-psico-emocional con las potencialidades que se puede observar en las versiones y desarrollos m\u00e1s avanzadas, las cuales, por fortuna, no dependen de pertenencia o adscripci\u00f3n a raza, doctrina, ideolog\u00eda o religi\u00f3n alguna.<\/strong><\/p>\n<p><strong>\u00a1El hardware de los humanos actuales tambi\u00e9n se transforma! \u00a1Y lo hace hacia adelante! Lo dicen cada vez m\u00e1s los cient\u00edficos especializados: la capacidad de autotransformaci\u00f3n de ese equipamiento se potencia cada vez m\u00e1s, por lo cual, puede que pronto resulte exigua la capacidad descriptiva de la condici\u00f3n humana que posee ese mismo t\u00e9rmino, <em>la<\/em> condici\u00f3n humana, dicho en singular.<\/strong><\/p>\n<p><strong>Ciertamente, la humanidad marcha por rumbos y velocidades diferenciales en el desarrollo de las potencialidades humanas, dicho esto no con el cl\u00e1sico y lastimero sonsonete de la desigualdad entre los hombres. \u00a1Noooo, basta de eso! \u00a1Dicho con el arm\u00f3nico y esperanzado tarareo que prefigura una pr\u00f3xima gran composici\u00f3n art\u00edstica de la humanidad toda!<\/strong><\/p>\n<p><strong>\u00a1De una humanidad que, como puede, con avances y retrocesos, con gozos y dolores, unos m\u00e1s y otros menos, unos antes y otros despu\u00e9s va dejando atr\u00e1s el lastre que le imped\u00eda caminar hacia el horizonte!<\/strong><\/p>\n<p><strong>\u00a1Que cada vez puede llegar m\u00e1s lejos con su mirada y su pensamiento porque el dolor y la inteligencia, el sufrimiento y la buena educaci\u00f3n presentes donde florece la libertad (a condici\u00f3n de que contin\u00fae haci\u00e9ndolo) le van quitando aquello que empa\u00f1aba su entendimiento y enfriaba sus corazones.<\/strong><\/p>\n<p><strong>\u00a1Y esto, inexorablemente seguir\u00e1 sucediendo!<\/strong><\/p>\n<p><strong>\u00a1En consecuencia,\u00a0 renacer\u00e1n fueguitos en los corazones de la humanidad y los sue\u00f1os y ensue\u00f1os tomar\u00e1n nuevas formas!<\/strong><\/p>\n<p><strong>\u00a1Inexorablemente!<\/strong><\/p>\n<p align=\"center\"><strong>o0o\u00a0\u00a0 o0o\u00a0\u00a0 o0o<\/strong><\/p>\n<p><strong>\u00a0<\/strong><\/p>\n<p>&nbsp;<\/p>\n","protected":false},"excerpt":{"rendered":"<p>CIVILIZACI\u00d3N Y CULTURA: LOS SUE\u00d1OS Y ENSUE\u00d1OS TOMAR\u00c1N NUEVAS FORMAS. \u00a0 POR CARLOS SCHULMAISTER \u00a0 \u00a0 Si miramos en perspectiva el camino transitado por el g\u00e9nero humano desde el neol\u00edtico hasta hoy podemos comprobar el fascinante espect\u00e1culo del desarrollo de la civilizaci\u00f3n y la complejizaci\u00f3n de la cultura, dos fen\u00f3menos tan estrechamente ligados que no [&hellip;]<\/p>\n","protected":false},"author":1411,"featured_media":0,"comment_status":"open","ping_status":"open","sticky":false,"template":"","format":"standard","meta":{"jetpack_post_was_ever_published":false,"_jetpack_newsletter_access":"","_jetpack_dont_email_post_to_subs":false,"_jetpack_newsletter_tier_id":0,"_jetpack_memberships_contains_paywalled_content":false,"_jetpack_memberships_contains_paid_content":false,"footnotes":"","jetpack_publicize_message":"","jetpack_publicize_feature_enabled":true,"jetpack_social_post_already_shared":false,"jetpack_social_options":{"image_generator_settings":{"template":"highway","default_image_id":0,"font":"","enabled":false},"version":2}},"categories":[1],"tags":[],"class_list":{"0":"post-32312","1":"post","2":"type-post","3":"status-publish","4":"format-standard","6":"category-azares"},"jetpack_publicize_connections":[],"jetpack_featured_media_url":"","jetpack_shortlink":"https:\/\/wp.me\/pfpCD-8pa","jetpack_sharing_enabled":true,"_links":{"self":[{"href":"https:\/\/www.panfletonegro.com\/v\/wp-json\/wp\/v2\/posts\/32312","targetHints":{"allow":["GET"]}}],"collection":[{"href":"https:\/\/www.panfletonegro.com\/v\/wp-json\/wp\/v2\/posts"}],"about":[{"href":"https:\/\/www.panfletonegro.com\/v\/wp-json\/wp\/v2\/types\/post"}],"author":[{"embeddable":true,"href":"https:\/\/www.panfletonegro.com\/v\/wp-json\/wp\/v2\/users\/1411"}],"replies":[{"embeddable":true,"href":"https:\/\/www.panfletonegro.com\/v\/wp-json\/wp\/v2\/comments?post=32312"}],"version-history":[{"count":0,"href":"https:\/\/www.panfletonegro.com\/v\/wp-json\/wp\/v2\/posts\/32312\/revisions"}],"wp:attachment":[{"href":"https:\/\/www.panfletonegro.com\/v\/wp-json\/wp\/v2\/media?parent=32312"}],"wp:term":[{"taxonomy":"category","embeddable":true,"href":"https:\/\/www.panfletonegro.com\/v\/wp-json\/wp\/v2\/categories?post=32312"},{"taxonomy":"post_tag","embeddable":true,"href":"https:\/\/www.panfletonegro.com\/v\/wp-json\/wp\/v2\/tags?post=32312"}],"curies":[{"name":"wp","href":"https:\/\/api.w.org\/{rel}","templated":true}]}}