{"id":31443,"date":"2012-10-31T20:06:21","date_gmt":"2012-11-01T00:36:21","guid":{"rendered":"http:\/\/www.panfletonegro.com\/v\/?p=31443"},"modified":"2014-06-07T11:52:16","modified_gmt":"2014-06-07T16:22:16","slug":"31443","status":"publish","type":"post","link":"https:\/\/www.panfletonegro.com\/v\/2012\/10\/31\/31443\/","title":{"rendered":"La realidad de la realidad"},"content":{"rendered":"<div class=\"separator\" style=\"clear: both; text-align: center;\"><\/div>\n<p>&nbsp;<\/p>\n<div class=\"MsoNormal\">\n<div class=\"separator\" style=\"clear: both; text-align: center;\"><a style=\"margin-left: 1em; margin-right: 1em;\" href=\"https:\/\/i0.wp.com\/3.bp.blogspot.com\/-O5l1CfL2QtE\/UJG__6p33bI\/AAAAAAAAExU\/kJJf-e5VLoo\/s1600\/reality.jpg\"><img data-recalc-dims=\"1\" loading=\"lazy\" decoding=\"async\" src=\"https:\/\/i0.wp.com\/3.bp.blogspot.com\/-O5l1CfL2QtE\/UJG__6p33bI\/AAAAAAAAExU\/kJJf-e5VLoo\/s400\/reality.jpg?resize=400%2C319\" alt=\"\" width=\"400\" height=\"319\" border=\"0\" \/><\/a><\/div>\n<h3><span style=\"font-family: Verdana, sans-serif;\"><br \/>\n<\/span><\/h3>\n<h3><span style=\"font-family: Verdana, sans-serif;\">\u201cLa realidad es aquello que cuando dejas de creer en ella,<br \/>\nno desaparece\u201d<\/span><span style=\"font-family: Verdana, sans-serif;\">Philip K. Dick<\/span><\/h3>\n<\/div>\n<div class=\"MsoNormal\"><span style=\"font-family: Verdana, sans-serif;\"><br \/>\n<\/span><\/div>\n<div class=\"MsoNormal\"><span style=\"font-family: Verdana, sans-serif;\">\u00a0<\/span><span style=\"font-family: Arial, Helvetica, sans-serif;\">\u00bfQue queremos decir<\/span>\u00a0<span style=\"font-family: Arial, Helvetica, sans-serif;\">cuando hablamos de la realidad? Eso nos lleva a que es real. Ah\u00ed es cuando<\/span><br \/>\n<span style=\"font-family: Arial, Helvetica, sans-serif;\"> comienza el problema.<\/span><\/div>\n<div class=\"MsoNormal\"><span style=\"font-family: Arial, Helvetica, sans-serif;\">\u00a0Podemos decir que la<\/span>\u00a0<span style=\"font-family: Arial, Helvetica, sans-serif;\">realidad es lo que percibimos con nuestros sentidos, pero estos son pocos<\/span><br \/>\n<span style=\"font-family: Arial, Helvetica, sans-serif;\"> fiables, las personas amputadas de alg\u00fan miembro siguen sintiendo que lo tienen,<\/span><br \/>\n<span style=\"font-family: Arial, Helvetica, sans-serif;\"> si consumimos alucin\u00f3genos nuestros sentidos nos dar\u00e1n otra sensaci\u00f3n que una<\/span><br \/>\n<span style=\"font-family: Arial, Helvetica, sans-serif;\"> persona, sin alucin\u00f3genos dir\u00e1 que no es real. Podemos decir entonces que la<\/span><br \/>\n<span style=\"font-family: Arial, Helvetica, sans-serif;\"> realidad es lo que un grupo mayoritario de la poblaci\u00f3n esta de acuerdo que es<\/span><br \/>\n<span style=\"font-family: Arial, Helvetica, sans-serif;\"> real.<\/span><\/div>\n<div class=\"MsoNormal\"><span style=\"font-family: Arial, Helvetica, sans-serif;\">\u00a0El problema es que tambi\u00e9n<\/span>\u00a0<span style=\"font-family: Arial, Helvetica, sans-serif;\">hay alucinaciones colectivas, en el sur de Asia hay una afecci\u00f3n que es<\/span><a style=\"font-family: Arial, Helvetica, sans-serif;\" href=\"http:\/\/en.wikipedia.org\/wiki\/Koro_(medicine)\"> llamada Koro,<\/a><span style=\"font-family: Arial, Helvetica, sans-serif;\"> la cual es la sensaci\u00f3n que el pene se vuelve mas peque\u00f1o y se mete<\/span><br \/>\n<span style=\"font-family: Arial, Helvetica, sans-serif;\"> dentro del cuerpo.<\/span><\/div>\n<div class=\"MsoNormal\"><span style=\"font-family: Arial, Helvetica, sans-serif;\">\u00a0Adem\u00e1s no nos dice<\/span>\u00a0<span style=\"font-family: Arial, Helvetica, sans-serif;\">nada sobre el n\u00famero 3, o el mismo lenguaje.<\/span><\/div>\n<div class=\"MsoNormal\"><span style=\"font-family: Arial, Helvetica, sans-serif;\">\u00a0No la realidad es<\/span>\u00a0<span style=\"font-family: Arial, Helvetica, sans-serif;\">otra cosa.<\/span><\/div>\n<div class=\"MsoNormal\"><span style=\"font-family: Arial, Helvetica, sans-serif;\">\u00a0Ya antes en el 2008 hab\u00eda<\/span>\u00a0<span style=\"font-family: Arial, Helvetica, sans-serif;\">escrito sobre la realidad en un post largo llamado; \u00bfExiste la realidad? <\/span><a style=\"font-family: Arial, Helvetica, sans-serif;\" href=\"http:\/\/opuscrisis.blogspot.com\/2008\/04\/existe-la-realidad.html\">http:\/\/opuscrisis.blogspot.com\/2008\/04\/existe-la-realidad.html<\/a><br \/>\n<span style=\"font-family: Arial, Helvetica, sans-serif;\"> La pueden leer, hablo de cosas interesantes, pero al final como que me dio miedo\u00a0<\/span><span style=\"font-family: Arial, Helvetica, sans-serif;\">el perro y no llegue a una conclusi\u00f3n a la pregunta.<\/span><\/div>\n<div class=\"MsoNormal\"><span style=\"font-family: Arial, Helvetica, sans-serif;\">\u00a0Vamos a intentarlo de<\/span>\u00a0<span style=\"font-family: Arial, Helvetica, sans-serif;\">nuevo.<\/span><\/div>\n<div class=\"MsoNormal\"><span style=\"font-family: Arial, Helvetica, sans-serif;\">\u00a0Algo en lo que falle<\/span>\u00a0<span style=\"font-family: Arial, Helvetica, sans-serif;\">en el post anterior fue que me puse hablar de la cualidad m\u00e1s resaltante de la<\/span>\u00a0<span style=\"font-family: Arial, Helvetica, sans-serif;\">realidad sin especificar.<\/span><\/div>\n<div class=\"MsoNormal\"><span style=\"font-family: Arial, Helvetica, sans-serif;\">\u00a0Si algo es real es<\/span>\u00a0<span style=\"font-family: Arial, Helvetica, sans-serif;\">debido a que existe, entonces el problema recae en la existencia o inexistencia<\/span>\u00a0<span style=\"font-family: Arial, Helvetica, sans-serif;\">de las cosas.<\/span><\/div>\n<div class=\"MsoNormal\"><span style=\"font-family: Arial, Helvetica, sans-serif;\">\u00a0Pero como dije antes<\/span>\u00a0<span style=\"font-family: Arial, Helvetica, sans-serif;\">el numero 3 no existe, tampoco los pensamientos y hay cosas que existen y son<\/span><br \/>\n<span style=\"font-family: Arial, Helvetica, sans-serif;\"> muy reales en nuestras vidas como el dinero que si todos dejaran de pensar que<\/span>\u00a0<span style=\"font-family: Arial, Helvetica, sans-serif;\">tiene un valor seria solo papel sucio y dejar\u00edan de existir.<\/span><\/div>\n<div class=\"MsoNormal\"><span style=\"font-family: Arial, Helvetica, sans-serif;\">\u00a0Sobre este problema<\/span>\u00a0<span style=\"font-family: Arial, Helvetica, sans-serif;\">fil\u00f3sofos mucho mas inteligentes que yo lo han pensado desde hace 2500 a\u00f1os y a<\/span><br \/>\n<span style=\"font-family: Arial, Helvetica, sans-serif;\"> pesar que de todo, solo nos hablan de vaguedades, podemos resumir esa larga<\/span>\u00a0<span style=\"font-family: Arial, Helvetica, sans-serif;\">discusi\u00f3n de mas de 2500 a\u00f1os en dos posturas ante la realidad<\/span><\/div>\n<div class=\"MsoNormal\"><span style=\"font-family: Arial, Helvetica, sans-serif;\"><strong>1.-<\/strong> La realidad<br \/>\nsin nosotros.<\/span><\/div>\n<div class=\"MsoNormal\"><span style=\"font-family: Arial, Helvetica, sans-serif;\">\u00a0Esto es que existe<br \/>\nuna realidad objetiva, sin los pensamientos subjetivos de nuestra mente.<\/span><\/div>\n<div class=\"MsoNormal\"><span style=\"font-family: Arial, Helvetica, sans-serif;\">\u00a0Naturalmente tiene el<br \/>\nproblema que muchas de las cosas por las cuales sufrimos, como las guerras no<br \/>\nson reales.<\/span><\/div>\n<div class=\"MsoNormal\"><span style=\"font-family: Arial, Helvetica, sans-serif;\"><strong>2.-<\/strong>La segunda<br \/>\ncompara la realidad con las cosas de las cuales depende o est\u00e1n organizadas.<\/span><\/div>\n<div class=\"MsoNormal\"><span style=\"font-family: Arial, Helvetica, sans-serif;\">\u00a0Por lo menos, las<br \/>\ncosas est\u00e1n hechas de mol\u00e9culas, y estas de \u00e1tomos, los \u00e1tomos de neutrones,<br \/>\nelectrones y protones, estos a su vez est\u00e1n compuestos de quarks. Esto es que<br \/>\ncada una depende de las otras. Esta definici\u00f3n es mas problem\u00e1tica, ya que<br \/>\ncosas como el la monta\u00f1a como el Avila no existir\u00eda, la realidad estar\u00eda<br \/>\nconfinada a fundaciones desconocidas de la cual depende todo lo dem\u00e1s.<\/span><\/div>\n<div class=\"MsoNormal\"><span style=\"font-family: Arial, Helvetica, sans-serif;\">\u00a0A grandes rasgos\u00a0 en eso se ha basado las discusiones de los<br \/>\nfil\u00f3sofos.<\/span><\/div>\n<div class=\"MsoNormal\"><span style=\"font-family: Arial, Helvetica, sans-serif;\">\u00a0(Se lo juro lean a<\/span>\u00a0<span style=\"font-family: Arial, Helvetica, sans-serif;\">descartes, Hume, Kant, Putnan, lacan y un largu\u00edsimo etc\u00e9tera y ver\u00e1n que caen,<\/span><br \/>\n<span style=\"font-family: Arial, Helvetica, sans-serif;\"> en el fondo caen en esas dos categor\u00edas)<\/span><\/div>\n<div class=\"MsoNormal\"><span style=\"font-family: Arial, Helvetica, sans-serif;\">\u00a0Evidentemente eso no<\/span>\u00a0<span style=\"font-family: Arial, Helvetica, sans-serif;\">es satisfactorio.<\/span><\/div>\n<div class=\"MsoNormal\">\n<p><span style=\"font-family: Arial, Helvetica, sans-serif;\">\u00a0Por eso vamos a dejar<\/span>\u00a0<span style=\"font-family: Arial, Helvetica, sans-serif;\">a los filosos en paz, no han respondido nada y vamos a la ciencia.<\/span><\/p>\n<div class=\"separator\" style=\"clear: both; text-align: center;\"><a style=\"margin-left: 1em; margin-right: 1em;\" href=\"https:\/\/i0.wp.com\/3.bp.blogspot.com\/-wXkKyY8kxLo\/UJG_-GbCjLI\/AAAAAAAAExM\/ZZHwOwijAxY\/s1600\/reality%2B%25281%2529.jpg\"><img data-recalc-dims=\"1\" loading=\"lazy\" decoding=\"async\" src=\"https:\/\/i0.wp.com\/3.bp.blogspot.com\/-wXkKyY8kxLo\/UJG_-GbCjLI\/AAAAAAAAExM\/ZZHwOwijAxY\/s400\/reality%2B%25281%2529.jpg?resize=400%2C282\" alt=\"\" width=\"400\" height=\"282\" border=\"0\" \/><\/a><\/div>\n<p><span style=\"font-family: Arial, Helvetica, sans-serif;\"><br \/>\n<\/span><\/p>\n<\/div>\n<div class=\"MsoNormal\"><span style=\"font-family: Arial, Helvetica, sans-serif;\">II<\/span><\/div>\n<div class=\"MsoNormal\"><span style=\"font-family: Arial, Helvetica, sans-serif;\">Si alguien me pega con un bate, evidentemente tengo que<\/span>\u00a0<span style=\"font-family: Arial, Helvetica, sans-serif;\">pensar que el bate es real. Eso duele, y no puedo dudar que existe, pero el\u00a0<\/span><span style=\"font-family: Arial, Helvetica, sans-serif;\">bate esta compuesto de moleculas unidas por las fuerzas electromagn\u00e9ticas, la<\/span><br \/>\n<span style=\"font-family: Arial, Helvetica, sans-serif;\"> cual esta dada por la relaci\u00f3n de electrones y protones de sus \u00e1tomos, pero la\u00a0<\/span><span style=\"font-family: Arial, Helvetica, sans-serif;\">mayor parte de los \u00e1tomos es espacio vac\u00edo, por lo tanto las rocas como todo lo\u00a0<\/span><span style=\"font-family: Arial, Helvetica, sans-serif;\">que existe es mayormente espacio vac\u00edo con algunas impurezas de cosas.\u00a0 Entonces tenemos que tomar en cuenta a las\u00a0<\/span><span style=\"font-family: Arial, Helvetica, sans-serif;\">fuerzas.<\/span><\/div>\n<div class=\"MsoNormal\"><span style=\"font-family: Arial, Helvetica, sans-serif;\">\u00a0La repulsi\u00f3n electromagn\u00e9tica<\/span>\u00a0<span style=\"font-family: Arial, Helvetica, sans-serif;\">es la que nos hace tocar las cosas, los gluones son quienes mantienen unido al<\/span><br \/>\n<span style=\"font-family: Arial, Helvetica, sans-serif;\"> nucleo (que tambi\u00e9n es mayormente espacio vac\u00edo) y que no podamos atravesar<\/span><br \/>\n<span style=\"font-family: Arial, Helvetica, sans-serif;\"> paredes (la manera como esas fuerzas actuan entre las moleculas es la que nos<\/span><br \/>\n<span style=\"font-family: Arial, Helvetica, sans-serif;\"> da la sensaci\u00f3n de suavidad o dureza de algo).<\/span><\/div>\n<div class=\"MsoNormal\"><span style=\"font-family: Arial, Helvetica, sans-serif;\">\u00a0Entonces las cosas<\/span>\u00a0<span style=\"font-family: Arial, Helvetica, sans-serif;\">estan hechas en su mayor parte de espacio vacio, se puede decir que las cosas y<\/span><br \/>\n<span style=\"font-family: Arial, Helvetica, sans-serif;\"> nosotros mismos somos un vacio con algunas\u00a0<\/span>impurezas<span style=\"font-family: Arial, Helvetica, sans-serif;\">\u00a0de materia.<\/span><\/div>\n<div class=\"MsoNormal\"><span style=\"font-family: Arial, Helvetica, sans-serif;\">\u00a0Pero la materia misma<\/span>\u00a0<span style=\"font-family: Arial, Helvetica, sans-serif;\">tiene problemas y este comienza con el principio de incertidumbre<\/span><\/div>\n<div class=\"MsoNormal\">\n<div class=\"separator\" style=\"clear: both; text-align: center;\"><a style=\"margin-left: 1em; margin-right: 1em;\" href=\"https:\/\/i0.wp.com\/2.bp.blogspot.com\/-lrJnyw6TVEY\/UJHA4btgWJI\/AAAAAAAAExk\/pJq8kFxtMuw\/s1600\/principio%2Bincertidumbre.jpg\"><img data-recalc-dims=\"1\" loading=\"lazy\" decoding=\"async\" src=\"https:\/\/i0.wp.com\/2.bp.blogspot.com\/-lrJnyw6TVEY\/UJHA4btgWJI\/AAAAAAAAExk\/pJq8kFxtMuw\/s200\/principio%2Bincertidumbre.jpg?resize=200%2C159\" alt=\"\" width=\"200\" height=\"159\" border=\"0\" \/><\/a><\/div>\n<p><span style=\"font-family: Arial, Helvetica, sans-serif;\"><br \/>\n<\/span><\/p>\n<\/div>\n<div class=\"MsoNormal\"><!--[if gte vml 1]><v:shapetype id=\"_x0000_t75\" coordsize=\"21600,21600\"  o:spt=\"75\" o:preferrelative=\"t\" path=\"m@4@5l@4@11@9@11@9@5xe\" filled=\"f\"  stroked=\"f\">\n<v:stroke joinstyle=\"miter\"><\/v:stroke>\n<v:formulas>\n<v:f eqn=\"if lineDrawn pixelLineWidth 0\"><\/v:f>\n<v:f eqn=\"sum @0 1 0\"><\/v:f>\n<v:f eqn=\"sum 0 0 @1\"><\/v:f>\n<v:f eqn=\"prod @2 1 2\"><\/v:f>\n<v:f eqn=\"prod @3 21600 pixelWidth\"><\/v:f>\n<v:f eqn=\"prod @3 21600 pixelHeight\"><\/v:f>\n<v:f eqn=\"sum @0 0 1\"><\/v:f>\n<v:f eqn=\"prod @6 1 2\"><\/v:f>\n<v:f eqn=\"prod @7 21600 pixelWidth\"><\/v:f>\n<v:f eqn=\"sum @8 21600 0\"><\/v:f>\n<v:f eqn=\"prod @7 21600 pixelHeight\"><\/v:f>\n<v:f eqn=\"sum @10 21600 0\"><\/v:f>\n<\/v:formulas>\n<v:path o:extrusionok=\"f\" gradientshapeok=\"t\" o:connecttype=\"rect\"><\/v:path>\n<o:lock v:ext=\"edit\" aspectratio=\"t\"><\/o:lock>\n<\/v:shapetype><v:shape id=\"_x0000_i1025\" type=\"#_x0000_t75\" alt=\"\\Delta E \\cdot \\Delta t \\ge \\frac{\\hbar}{2} \"  style='width:82.5pt;height:30.75pt'>\n<v:imagedata src=\"file:\/\/\/C:\\DOCUME~1\\LUISL~1\\CONFIG~1\\Temp\\msohtml1\\01\\clip_image001.gif\"   o:href=\"http:\/\/upload.wikimedia.org\/math\/b\/d\/d\/bdddc18c56a29d8144d328b399feac1a.png\"><\/v:imagedata>\n<\/v:shape>< ![endif]--><!--[if !vml]--><span style=\"font-family: Arial, Helvetica, sans-serif;\"><!--[endif]--><\/span><\/div>\n<div class=\"MsoNormal\"><span style=\"font-family: Arial, Helvetica, sans-serif;\">Donde la variaci\u00f3n de la energ\u00eda <strong>E<\/strong> por la variaci\u00f3n del <strong>T<\/strong>iempo<\/span>\u00a0<span style=\"font-family: Arial, Helvetica, sans-serif;\">tiene que ser mayor o igual a la constante de plack divida entre 2 por Pi.<\/span><\/div>\n<div class=\"MsoNormal\"><span style=\"font-family: Arial, Helvetica, sans-serif;\">\u00a0Hay muchas maneras<\/span>\u00a0<span style=\"font-family: Arial, Helvetica, sans-serif;\">como se puede escribir la relaci\u00f3n de incertidumbre, en este caso tome la de energ\u00eda\u00a0 y el tiempo, ya que esto comienza a decirnos algo\u00a0<\/span><span style=\"font-family: Arial, Helvetica, sans-serif;\">profundo sobre la realidad.<\/span><\/div>\n<div class=\"MsoNormal\"><span style=\"font-family: Arial, Helvetica, sans-serif;\">\u00a0A nivel at\u00f3mico no<\/span>\u00a0<span style=\"font-family: Arial, Helvetica, sans-serif;\">podemos, por principio saber la energ\u00eda de nada en un determinado tiempo.<\/span><\/div>\n<div class=\"MsoNormal\"><span style=\"font-family: Arial, Helvetica, sans-serif;\">\u00a0Esto es que la<\/span>\u00a0<span style=\"font-family: Arial, Helvetica, sans-serif;\">incertidumbre es un limite de lo que podemos conocer, y solo podemos saber la<\/span><br \/>\n<span style=\"font-family: Arial, Helvetica, sans-serif;\"> probabilidad que cierta part\u00edcula tenga determinada energ\u00eda en un momento\u00a0<\/span><span style=\"font-family: Arial, Helvetica, sans-serif;\">determinado,<\/span><\/div>\n<div class=\"MsoNormal\"><span style=\"font-family: Arial, Helvetica, sans-serif;\">\u00a0Esto se vale para<\/span>\u00a0<span style=\"font-family: Arial, Helvetica, sans-serif;\">todo, las part\u00edculas como el electr\u00f3n, no siguen un camino dado, sino su<\/span><br \/>\n<span style=\"font-family: Arial, Helvetica, sans-serif;\"> distribuci\u00f3n estad\u00edstica<\/span><\/div>\n<div class=\"MsoNormal\"><span style=\"font-family: Arial, Helvetica, sans-serif;\"><strong>++<\/strong>Es como si yo<\/span>\u00a0<span style=\"font-family: Arial, Helvetica, sans-serif;\">para ir de caracas a valencia tomara todos los caminos posibles, algunos de<\/span><br \/>\n<span style=\"font-family: Arial, Helvetica, sans-serif;\"> ellos pasan por New York y otros por Moscu, pero existe una gran probabilidad o<\/span><br \/>\n<span style=\"font-family: Arial, Helvetica, sans-serif;\"> que la mayor parte de esos caminos sean por la autopista del centro, pero eso\u00a0<\/span><span style=\"font-family: Arial, Helvetica, sans-serif;\">no es seguro)<\/span><strong style=\"font-family: Arial, Helvetica, sans-serif;\">++<\/strong><\/div>\n<div class=\"MsoNormal\"><span style=\"font-family: Arial, Helvetica, sans-serif;\">\u00a0De hecho la relaci\u00f3n<\/span>\u00a0<span style=\"font-family: Arial, Helvetica, sans-serif;\">de incertidumbre es solo un limite a lo que podemos conocer, ya que si medimos<\/span><br \/>\n<span style=\"font-family: Arial, Helvetica, sans-serif;\"> muy acuciosamente una de las variables, alteramos el sistema.<\/span><\/div>\n<div class=\"MsoNormal\"><span style=\"font-family: Arial, Helvetica, sans-serif;\">\u00a0En mi post anterior<\/span>\u00a0<span style=\"font-family: Arial, Helvetica, sans-serif;\">hable sobre el experimento de Young de la doble rendija y el patr\u00f3n de Airy que<\/span><br \/>\n<span style=\"font-family: Arial, Helvetica, sans-serif;\"> surge. Eso tambi\u00e9n pasa con electrones, podemos disparar un solo electr\u00f3n cada d\u00eda<\/span><br \/>\n<span style=\"font-family: Arial, Helvetica, sans-serif;\"> a una pantalla fosforescente con los dos agujeros abiertos. Uno solo cada d\u00eda,<\/span><br \/>\n<span style=\"font-family: Arial, Helvetica, sans-serif;\"> y si anotamos las posiciones nos damos cuenta al cabo de 2000 a\u00f1os que se formo<\/span><br \/>\n<span style=\"font-family: Arial, Helvetica, sans-serif;\"> el mismo patr\u00f3n de Airy \u00bfcomo sabe el electr\u00f3n donde debe incidir? Pero un electr\u00f3n<\/span><br \/>\n<span style=\"font-family: Arial, Helvetica, sans-serif;\"> es muy peque\u00f1o, de hecho no tiene tama\u00f1o, pero parece comportarse como si lo<\/span><br \/>\n<span style=\"font-family: Arial, Helvetica, sans-serif;\"> tuviese. Pero tambi\u00e9n se ha realizado ese mismo experimento con cosas que se<\/span><br \/>\n<span style=\"font-family: Arial, Helvetica, sans-serif;\"> pueden ver en el microscopio como una mol\u00e9cula de <\/span><span style=\"border: 1pt none windowtext; padding: 0cm;\">buckyballs<\/span><span style=\"border: 1pt none windowtext; font-family: Verdana, sans-serif; font-size: 13pt; padding: 0cm;\">.<\/span><\/div>\n<div class=\"MsoNormal\"><span style=\"border: 1pt none windowtext; font-family: Verdana, sans-serif; font-size: 13pt; padding: 0cm;\">\u00a0La famosa dualidad onda part\u00edcula, es algo<\/span><span style=\"border: 1pt none windowtext; font-family: Verdana, sans-serif; font-size: 13pt; padding: 0cm;\">\u00a0<span style=\"font-family: Verdana, sans-serif;\">simple y no tiene connotaciones metaf\u00edsicas, son como el agua, que esta<\/span><br \/>\n<span style=\"font-family: Verdana, sans-serif;\"> compuesta de mol\u00e9culas, pero se comporta ondulatoriamente, eso se debe a que<\/span><br \/>\n<span style=\"font-family: Verdana, sans-serif;\"> todas las part\u00edculas tienen una onda asociada, el problema es que esa<\/span><br \/>\n<span style=\"font-family: Verdana, sans-serif;\"> superposici\u00f3n de ondas se trasfiere al medidor, y al medidor del medidor, ya que<\/span><br \/>\n<span style=\"font-family: Verdana, sans-serif;\"> estos objetos tambi\u00e9n est\u00e1n compuestos de part\u00edculas y todos entran en un<\/span><br \/>\n<span style=\"font-family: Verdana, sans-serif;\"> estado de superposici\u00f3n de ondas que solo termina cuando una mente \u00a0hace un acto de observaci\u00f3n.<\/span><\/span><\/div>\n<div class=\"MsoNormal\"><span style=\"border: 1pt none windowtext; font-family: Verdana, sans-serif; font-size: 13pt; padding: 0cm;\">\u00a0Esta es seg\u00fan la escuela de Copenhagen el<\/span><span style=\"border: 1pt none windowtext; font-family: Verdana, sans-serif; font-size: 13pt; padding: 0cm;\">\u00a0<span style=\"font-family: Verdana, sans-serif;\">observador es el que hace la realidad al colapsar la funci\u00f3n de ondas.<\/span><\/span><\/div>\n<div class=\"MsoNormal\"><span style=\"border: 1pt none windowtext; font-family: Verdana, sans-serif; font-size: 13pt; padding: 0cm;\">\u00a0Esto es problem\u00e1tico. Tengo un amigo que no lo<\/span><span style=\"border: 1pt none windowtext; font-family: Verdana, sans-serif; font-size: 13pt; padding: 0cm;\"><span style=\"font-family: Verdana, sans-serif;\">\u00a0<\/span><span style=\"font-family: Verdana, sans-serif;\">veo desde hace a\u00f1os \u00bfEsta vivo\u00bf para mi el esta en un estado de superposici\u00f3n<\/span>\u00a0<span style=\"font-family: Verdana, sans-serif;\">de ondas, ni esta vivo, ni esta muerto. Solo al observarlo lo podr\u00e9 saber y<\/span>\u00a0<span style=\"font-family: Verdana, sans-serif;\">realizar lo que llaman \u00a0pero estoy\u00a0<\/span><span style=\"font-family: Verdana, sans-serif;\">seguro que el mismo no se siente no se siente vivo-muerto, ya que hay alguien\u00a0<\/span><span style=\"font-family: Verdana, sans-serif;\">mas que lo observa. <\/span><\/span><\/div>\n<div class=\"MsoNormal\"><span style=\"border: 1pt none windowtext; font-family: Verdana, sans-serif; font-size: 13pt; padding: 0cm;\">\u00a0Entonces nosotros al observar al universo le<\/span><span style=\"border: 1pt none windowtext; font-family: Verdana, sans-serif; font-size: 13pt; padding: 0cm;\">\u00a0<span style=\"font-family: Verdana, sans-serif;\">damos existencia, y si existe es real.<\/span><\/span><\/div>\n<div class=\"MsoNormal\"><span style=\"border: 1pt none windowtext; font-family: Verdana, sans-serif; font-size: 13pt; padding: 0cm;\">Naturalmente esa importancia \u00a0la mente o m\u00e1s bien a la conciencia no es satisfactoria, para eliminar ese<\/span><span style=\"border: 1pt none windowtext; font-family: Verdana, sans-serif; font-size: 13pt; padding: 0cm;\"><span style=\"font-size: 13pt;\">\u00a0<\/span><span style=\"font-family: Verdana, sans-serif;\"><span style=\"font-size: 13pt;\">factor que\u00a0<\/span><\/span><span style=\"font-size: 17px; line-height: 26px;\">surge<\/span><span style=\"font-family: Verdana, sans-serif;\"><span style=\"font-size: 13pt;\">\u00a0de las matematicas, Hewitt y Everett propusieron que todas<\/span><\/span><br \/>\n<span style=\"font-size: 13pt; font-family: Verdana, sans-serif;\"> las probabilidades que parecen en las ecuaciones son universos alternativos que<\/span><br \/>\n<span style=\"font-size: 13pt; font-family: Verdana, sans-serif;\"> existen realmente, no se si eso\u00a0 puede<\/span><span style=\"font-size: 13pt; font-family: Verdana, sans-serif;\">\u00a0<\/span><span style=\"font-size: 13pt; font-family: Verdana, sans-serif;\">ser verdadero, pero me parece algo exagerado decir que existen infinitos<\/span><span style=\"font-size: 13pt; font-family: Verdana, sans-serif;\">\u00a0<\/span><span style=\"font-size: 13pt; font-family: Verdana, sans-serif;\">universos para explicar uno solo.<\/span><\/span><\/div>\n<div class=\"MsoNormal\"><span style=\"border: 1pt none windowtext; font-family: Verdana, sans-serif; font-size: 13pt; padding: 0cm;\">\u00a0Pero todo recae en el patron de Airy que se<\/span><span style=\"border: 1pt none windowtext; font-family: Verdana, sans-serif; font-size: 13pt; padding: 0cm;\">\u00a0<span style=\"font-family: Verdana, sans-serif;\">forma \u00bfC\u00f3mo podemos explicar ese hecho fundamental?<\/span><\/span><\/div>\n<div class=\"MsoNormal\"><span style=\"border: 1pt none windowtext; font-family: Verdana, sans-serif; font-size: 13pt; padding: 0cm;\">\u00a0La f\u00edsica qu\u00e1ntica llego a dos<\/span><span style=\"border: 1pt none windowtext; font-family: Verdana, sans-serif; font-size: 13pt; padding: 0cm;\">\u00a0<span style=\"font-family: Verdana, sans-serif;\">soluciones parad\u00f3jicas.<\/span><\/span><\/div>\n<div class=\"MsoNormal\"><span style=\"border: 1pt none windowtext; font-family: Verdana, sans-serif; font-size: 13pt; padding: 0cm;\">\u00a01.- Solo existen fantasmas que nos parecen<br \/>\nreales cuando realizamos una observaci\u00f3n<\/span><\/div>\n<div class=\"MsoNormal\"><span style=\"border: 1pt none windowtext; font-family: Verdana, sans-serif; font-size: 13pt; padding: 0cm;\">\u00a02.- Que todo existe y las probabilidades que<br \/>\nsalen de las ecuaciones son universos alternos y todo son reales.<\/span><\/div>\n<div class=\"MsoNormal\"><span style=\"border: 1pt none windowtext; font-family: Verdana, sans-serif; font-size: 13pt; padding: 0cm;\">\u00a0Llegamos a un punto similar al que dicen los<\/span><span style=\"border: 1pt none windowtext; font-family: Verdana, sans-serif; font-size: 13pt; padding: 0cm;\">\u00a0<span style=\"font-family: Verdana, sans-serif;\">filosofos.<\/span><\/span><\/div>\n<div class=\"MsoNormal\"><span style=\"border: 1pt none windowtext; font-family: Verdana, sans-serif; font-size: 13pt; padding: 0cm;\">\u00a0De cualquier manera ninguno de ellos explica<\/span><span style=\"border: 1pt none windowtext; font-family: Verdana, sans-serif; font-size: 13pt; padding: 0cm;\">\u00a0<span style=\"font-family: Verdana, sans-serif;\">lo mas basico de nuestra percepci\u00f3n de la realidad; El paso del tiempo y la\u00a0<\/span><span style=\"font-family: Verdana, sans-serif;\">gravedad.<\/span><\/span><\/div>\n<div class=\"MsoNormal\"><span style=\"border: 1pt none windowtext; font-family: Verdana, sans-serif; font-size: 13pt; padding: 0cm;\">\u00a0Pero antes de meternos en ese problema \u00bfQu\u00e9<\/span><span style=\"border: 1pt none windowtext; font-family: Verdana, sans-serif; font-size: 13pt; padding: 0cm;\">\u00a0<span style=\"font-family: Verdana, sans-serif;\">nos dice las matematicas?<\/span><\/span><\/div>\n<div class=\"MsoNormal\">\n<div class=\"separator\" style=\"clear: both; text-align: center;\"><a style=\"margin-left: 1em; margin-right: 1em;\" href=\"https:\/\/i0.wp.com\/4.bp.blogspot.com\/--ORpkGmlESw\/UJHAJMhuU-I\/AAAAAAAAExc\/9GPdnbnBDEs\/s1600\/Sign-RealityCheck-3-300x292.jpg\"><img data-recalc-dims=\"1\" height=\"292\" width=\"300\" decoding=\"async\" src=\"https:\/\/i0.wp.com\/4.bp.blogspot.com\/--ORpkGmlESw\/UJHAJMhuU-I\/AAAAAAAAExc\/9GPdnbnBDEs\/s1600\/Sign-RealityCheck-3-300x292.jpg?resize=300%2C292\" alt=\"\" border=\"0\" \/><\/a><\/div>\n<p><span style=\"font-family: Verdana, sans-serif;\"><br \/>\n<\/span><\/p>\n<\/div>\n<div class=\"MsoNormal\"><span style=\"border: 1pt none windowtext; font-family: Verdana, sans-serif; font-size: 13pt; padding: 0cm;\">III<\/span><\/div>\n<div class=\"MsoNormal\"><span style=\"border: 1pt none windowtext; font-family: Verdana, sans-serif; font-size: 13pt; padding: 0cm;\">En 1915 Einstein\u00a0 se dio cuenta que las ecuaciones de la<\/span><span style=\"border: 1pt none windowtext; font-family: Verdana, sans-serif; font-size: 13pt; padding: 0cm;\">\u00a0<span style=\"font-family: Verdana, sans-serif;\">relatividad daban como consecuencia que el universo se expand\u00eda, y se paso\u00a0<\/span><span style=\"font-family: Verdana, sans-serif;\">meses tratando de buscar un equilibrio para que no pasara eso, al final le dio\u00a0<\/span><span style=\"font-family: Verdana, sans-serif;\">a su constante G el valor de 0(cero) ya que eso era lo que dec\u00eda la ciencia en ese<\/span><br \/>\n<span style=\"font-family: Verdana, sans-serif;\"> momento. De esta manera perdi\u00f3 la oportunidad de hacer la mayor predicci\u00f3n cient\u00edfica<\/span><br \/>\n<span style=\"font-family: Verdana, sans-serif;\"> de todos los tiempos. Diez a\u00f1os despu\u00e9s cuando Hubble dio a conocer que el\u00a0<\/span><span style=\"font-family: Verdana, sans-serif;\">universo se expand\u00eda, Einstein dijo que ponerle el valor de cero a su constante\u00a0<\/span><span style=\"font-family: Verdana, sans-serif;\">hab\u00eda sido el mayor error de su vida. Y lo fue.<\/span><\/span><\/div>\n<div class=\"MsoNormal\"><span style=\"border: 1pt none windowtext; font-family: Verdana, sans-serif; padding: 0cm;\"><span style=\"font-size: 13pt;\">\u00a0En los a\u00f1os 30 Dirac unificando las diferentes\u00a0versiones de la mec\u00e1nica qu\u00e1ntica\u00a0 le\u00a0<\/span><span style=\"font-size: medium;\">apareci\u00f3<\/span><span style=\"font-size: 13pt;\">\u00a0en sus\u00a0<\/span><span style=\"font-size: medium;\">c\u00e1lculos<\/span><span style=\"font-size: 13pt;\">\u00a0<\/span><span style=\"font-size: medium;\">t\u00e9rminos<\/span><span style=\"font-size: 13pt;\">\u00a0con\u00a0<\/span><span style=\"font-size: medium;\">ra\u00edces<\/span><span style=\"font-size: 13pt;\">\u00a0cuadradas, lo l\u00f3gico en ese\u00a0momento era tomar solo los t\u00e9rminos positivos y desechar los negativos de la\u00a0ra\u00edz.<\/span><\/span><\/div>\n<div class=\"MsoNormal\"><span style=\"border: 1pt none windowtext; font-family: Verdana, sans-serif; padding: 0cm;\"><span style=\"font-size: 13pt;\">\u00a0Quiz\u00e1s record\u00e1ndose del ejemplo de Einstein no\u00a0lo hizo. Y propuso que existia la antimateria, pocos despu\u00e9s se descubrieron\u00a0los positrones en los rayos cosmicos, de hecho luego que revisaron las placas<br \/>\ntomadas anteriormente\u00a0<\/span><span style=\"font-size: medium;\">aparec\u00edan<\/span><span style=\"font-size: 13pt;\">\u00a0cientos de ellas con trazas de los positrones,\u00a0pero que hasta que Dirac se le\u00a0<\/span><span style=\"font-size: medium;\">ocurri\u00f3<\/span><span style=\"font-size: 13pt;\">\u00a0en creer que las\u00a0<\/span><span style=\"font-size: medium;\">matem\u00e1ticas<\/span><span style=\"font-size: 13pt;\">\u00a0dec\u00edan algo\u00a0profundo acerca del universo, nadie sabia que eran.<\/span><\/span><\/div>\n<div class=\"MsoNormal\"><span style=\"border: 1pt none windowtext; font-family: Verdana, sans-serif; font-size: 13pt; padding: 0cm;\">\u00a0Desde ese momento cuando alguien ve\u00eda que aparec\u00eda<\/span><span style=\"border: 1pt none windowtext; font-family: Verdana, sans-serif; font-size: 13pt; padding: 0cm;\">\u00a0<span style=\"font-family: Verdana, sans-serif;\">en sus c\u00e1lculos un aspecto extra\u00f1o sobre la naturaleza, era mas dif\u00edcil\u00a0<\/span><span style=\"font-family: Verdana, sans-serif;\">desecharlo como solo un subproducto de los c\u00e1lculos.<\/span><\/span><\/div>\n<div class=\"MsoNormal\"><span style=\"border: 1pt none windowtext; font-family: Verdana, sans-serif; font-size: 13pt; padding: 0cm;\">(Plank descubri\u00f3 la teor\u00eda qu\u00e1ntica<\/span><span style=\"border: 1pt none windowtext; font-family: Verdana, sans-serif; font-size: 13pt; padding: 0cm;\">\u00a0<span style=\"font-family: Verdana, sans-serif;\">cuando no supo aplicar las ecuaciones probabil\u00edsticas de Boltzmann, ya despreciaba\u00a0<\/span><span style=\"font-family: Verdana, sans-serif;\">el enfoque estad\u00edstico, gracias a ese error es que ahora tenemos computadoras)<\/span><\/span><\/div>\n<div class=\"MsoNormal\"><span style=\"border: 1pt none windowtext; font-family: Verdana, sans-serif; font-size: 13pt; padding: 0cm;\">\u00a0Todo esto nos dice que las matem\u00e1ticas no<\/span><span style=\"border: 1pt none windowtext; font-family: Verdana, sans-serif; font-size: 13pt; padding: 0cm;\">\u00a0<span style=\"font-family: Verdana, sans-serif;\">dicen algo profundo sobre la realidad, evidentemente existe un mont\u00f3n de matem\u00e1ticas\u00a0<\/span><span style=\"font-family: Verdana, sans-serif;\">que no tiene relaci\u00f3n con el universo en el que vivimos, pero algunos han\u00a0<\/span><span style=\"font-family: Verdana, sans-serif;\">supuesto que pueden ser aplicadas a otros universos donde tendr\u00edan efectos f\u00edsicos\u00a0<\/span><span style=\"font-family: Verdana, sans-serif;\">tangibles.<\/span><\/span><\/div>\n<div class=\"MsoNormal\"><span style=\"border: 1pt none windowtext; font-family: Verdana, sans-serif; font-size: 13pt; padding: 0cm;\">\u00a0Se puede decir que las matem\u00e1ticas son un<\/span><span style=\"border: 1pt none windowtext; font-family: Verdana, sans-serif; font-size: 13pt; padding: 0cm;\">\u00a0<span style=\"font-family: Verdana, sans-serif;\">lenguaje que esta constantemente ampli\u00e1ndose.<\/span><\/span><\/div>\n<div class=\"MsoNormal\"><span style=\"border: 1pt none windowtext; font-family: Verdana, sans-serif; font-size: 13pt; padding: 0cm;\">\u00a0Yo como la mayor\u00eda de las personas lo utilizaba,<\/span><span style=\"border: 1pt none windowtext; font-family: Verdana, sans-serif; font-size: 13pt; padding: 0cm;\"><span style=\"font-family: Verdana, sans-serif;\">\u00a0<\/span><span style=\"font-family: Verdana, sans-serif;\">sin pensar realmente en lo que significaba lo que hacia, solo para resolver un\u00a0<\/span><span style=\"font-family: Verdana, sans-serif;\">calculo mas, una herramienta, que se utiliza sin pensar en la herramienta misma.\u00a0<\/span><span style=\"font-family: Verdana, sans-serif;\">Mi hermano fue el que me abri\u00f3 los ojos, que muchas ecuaciones nos dicen m\u00e1s de<\/span><br \/>\n<span style=\"font-family: Verdana, sans-serif;\"> lo que queremos o\u00edr, y me puso el ejemplo de la ecuaci\u00f3n de Boltzmann, pero ya<\/span>\u00a0<span style=\"font-family: Verdana, sans-serif;\">llegaremos a eso.<\/span><\/span><\/div>\n","protected":false},"excerpt":{"rendered":"<p>&nbsp; \u201cLa realidad es aquello que cuando dejas de creer en ella, no desaparece\u201dPhilip K. Dick \u00a0\u00bfQue queremos decir\u00a0cuando hablamos de la realidad? Eso nos lleva a que es real. Ah\u00ed es cuando comienza el problema. \u00a0Podemos decir que la\u00a0realidad es lo que percibimos con nuestros sentidos, pero estos son pocos fiables, las personas amputadas [&hellip;]<\/p>\n","protected":false},"author":1033,"featured_media":0,"comment_status":"open","ping_status":"open","sticky":false,"template":"","format":"standard","meta":{"jetpack_post_was_ever_published":false,"_jetpack_newsletter_access":"","_jetpack_dont_email_post_to_subs":false,"_jetpack_newsletter_tier_id":0,"_jetpack_memberships_contains_paywalled_content":false,"_jetpack_memberships_contains_paid_content":false,"footnotes":"","jetpack_publicize_message":"","jetpack_publicize_feature_enabled":true,"jetpack_social_post_already_shared":false,"jetpack_social_options":{"image_generator_settings":{"template":"highway","default_image_id":0,"font":"","enabled":false},"version":2}},"categories":[2439],"tags":[],"class_list":{"0":"post-31443","1":"post","2":"type-post","3":"status-publish","4":"format-standard","6":"category-arte"},"jetpack_publicize_connections":[],"jetpack_featured_media_url":"","jetpack_shortlink":"https:\/\/wp.me\/sfpCD-31443","jetpack_sharing_enabled":true,"_links":{"self":[{"href":"https:\/\/www.panfletonegro.com\/v\/wp-json\/wp\/v2\/posts\/31443","targetHints":{"allow":["GET"]}}],"collection":[{"href":"https:\/\/www.panfletonegro.com\/v\/wp-json\/wp\/v2\/posts"}],"about":[{"href":"https:\/\/www.panfletonegro.com\/v\/wp-json\/wp\/v2\/types\/post"}],"author":[{"embeddable":true,"href":"https:\/\/www.panfletonegro.com\/v\/wp-json\/wp\/v2\/users\/1033"}],"replies":[{"embeddable":true,"href":"https:\/\/www.panfletonegro.com\/v\/wp-json\/wp\/v2\/comments?post=31443"}],"version-history":[{"count":0,"href":"https:\/\/www.panfletonegro.com\/v\/wp-json\/wp\/v2\/posts\/31443\/revisions"}],"wp:attachment":[{"href":"https:\/\/www.panfletonegro.com\/v\/wp-json\/wp\/v2\/media?parent=31443"}],"wp:term":[{"taxonomy":"category","embeddable":true,"href":"https:\/\/www.panfletonegro.com\/v\/wp-json\/wp\/v2\/categories?post=31443"},{"taxonomy":"post_tag","embeddable":true,"href":"https:\/\/www.panfletonegro.com\/v\/wp-json\/wp\/v2\/tags?post=31443"}],"curies":[{"name":"wp","href":"https:\/\/api.w.org\/{rel}","templated":true}]}}