{"id":31250,"date":"2012-10-28T18:28:46","date_gmt":"2012-10-28T22:58:46","guid":{"rendered":"http:\/\/www.panfletonegro.com\/v\/?p=31250"},"modified":"2012-10-28T18:28:46","modified_gmt":"2012-10-28T22:58:46","slug":"gritar-democracia-no-es-suficiente-3","status":"publish","type":"post","link":"https:\/\/www.panfletonegro.com\/v\/2012\/10\/28\/gritar-democracia-no-es-suficiente-3\/","title":{"rendered":"Gritar \u00a1Democracia! no es suficiente"},"content":{"rendered":"<p align=\"RIGHT\"><em><span style=\"color: #000000\"><span style=\"font-family: Georgia, 'Bitstream Charter', serif\"><span style=\"font-size: large\">\u00abNosotros, los pol\u00edticos, tenemos la obligaci\u00f3n de unir\u00a0<\/span><\/span><\/span><\/em><\/p>\n<p align=\"RIGHT\"><em><span style=\"color: #000000\"><span style=\"font-family: Georgia, 'Bitstream Charter', serif\"><span style=\"font-size: large\">todos los pueblos de Nuestra Am\u00e9rica\u00bb<\/span><\/span><\/span><\/em><\/p>\n<p align=\"RIGHT\"><span style=\"color: #000000\"><span style=\"font-family: arial, sans-serif\"><span style=\"font-size: medium\">Juan Domingo Per\u00f3n (1948)<\/span><\/span><\/span><\/p>\n<p align=\"RIGHT\"><span style=\"color: #000000\"><span style=\"font-family: arial, sans-serif\"><span style=\"font-size: medium\">-Documental:\u00a0<\/span><\/span><\/span><em><span style=\"color: #000000\"><span style=\"font-family: Georgia, 'Bitstream Charter', serif\"><span style=\"font-size: medium\">La Caracas<\/span><\/span><\/span><\/em><span style=\"color: #000000\"><span style=\"font-family: arial, sans-serif\"><span style=\"font-size: medium\">&#8211;<\/span><\/span><\/span><\/p>\n<p><span style=\"color: #000000\"><span style=\"font-family: Georgia, 'Bitstream Charter', serif\"><span style=\"font-size: large\"><br \/>\nSorprenderse ante las cosas que se han naturalizado y reificado en la sociedad no es un defecto, sino una capacidad de cr\u00edtica en vigencia. Y yo todav\u00eda me sorprendo -o me hago sorprender- de la intolerancia que vive nuestra pol\u00edtica actual.<\/span><\/span><\/span><\/p>\n<p><span style=\"color: #000000\"><span style=\"font-family: arial, sans-serif\"><span style=\"font-size: large\">(Despu\u00e9s de un p\u00e1rrafo como el de arriba, el apoyo o el odio de la gente que lea depender\u00e1 de si digo algo que, seg\u00fan su criterio, me haga chavista u opositor, porque si participas \u00abactivamente\u00bb en la pol\u00edtica actual eres o uno o lo otro, sin espacios para grises -mejor dicho para rosados u otros colores-. Por esta raz\u00f3n mi postura est\u00e1 planteada a todo lo largo del texto y no en una sola frase.)<\/span><\/span><\/span><\/p>\n<p><span style=\"color: #000000\"><span style=\"font-family: arial, sans-serif\"><span style=\"font-size: large\">Me sorprende la intolerancia por las pr\u00e1cticas a las que conlleva y por las m\u00e1scaras de hipocres\u00eda o de ingenuidad o ignorancia tras las que se intenta ocultar sin mucho \u00e9xito.<\/span><\/span><\/span><\/p>\n<p><span style=\"color: #000000\"><span style=\"font-family: arial, sans-serif\"><span style=\"font-size: large\">Por un lado, est\u00e1 la postura clara del discurso oficialista que fomenta el nacionalismo en las personas que lo apoyan y no en las personas que vivan en el pa\u00eds, una pr\u00e1ctica com\u00fan en los nacionalismos, pero extra\u00f1a en un gobierno del siglo XXI que busca rescatar a la especie humana de los vicios que nos consumen -idea que te\u00f3ricamente comparto- y extra\u00f1a tambi\u00e9n al momento de hablar de Nuestra Am\u00e9rica y de la uni\u00f3n de los pueblos hermanos en ideolog\u00eda, y digo que es extra\u00f1a porque las pr\u00e1cticas chauvinistas implican exclusi\u00f3n y delimitaci\u00f3n espec\u00edfica de un territorio en el cual no caben todas las personas. Esta delimitaci\u00f3n de territorio, por ende, impide y choca con el discurso de \u00ablo m\u00edo es nuestro y lo tuyo es nuestro\u00bb. Pero ya esto lo deber\u00edamos tener procesado despu\u00e9s de 14 a\u00f1os de escuchar.<\/span><\/span><\/span><\/p>\n<p><span style=\"color: #000000\"><span style=\"font-family: arial, sans-serif\"><span style=\"font-size: large\">Ahora, no hablar\u00e9 de la oposici\u00f3n cl\u00e1sica que juega en el mismo \u00e1mbito y con la misma exclusi\u00f3n del oficialismo, sino que hablar\u00e9 de esta \u00bfnueva? oposici\u00f3n. La de los j\u00f3venes y la que se considera la salvadora del pa\u00eds, que piensa que por tener una <\/span><\/span><\/span><em><span style=\"color: #000000\"><span style=\"font-family: Georgia, 'Bitstream Charter', serif\"><span style=\"font-size: large\"><em><strong>consciencia hecha en socialismo <\/strong><\/em><\/span><\/span><\/span><\/em><span style=\"color: #000000\"><span style=\"font-family: arial, sans-serif\"><span style=\"font-size: large\">esta exenta de las pr\u00e1cticas de la cuarta rep\u00fablica. Esta misma no est\u00e1 compuesta exclusivamente por j\u00f3venes, sino por adultos que creen, o les hacen creer que creen, en ellos para salvar la patria que les est\u00e1n robando bajo un discurso que no es m\u00e1s que eso, palabrer\u00eda, dicen esos adultos.<\/span><\/span><\/span><\/p>\n<p><span style=\"color: #000000\"><span style=\"font-family: arial, sans-serif\"><span style=\"font-size: large\">Esta nueva oposici\u00f3n reclama democracia y libertad, y ante las elecciones en las cuales qued\u00f3 electo nuevamente -o mejor dicho, viejamente- el presidente Ch\u00e1vez, se hicieron reclamos de: trampa electoral por un lado y reclamos a la poblaci\u00f3n por otro. Desde decir que hay distintas maneras de obtener la mayor\u00eda de votos por medios truchos, hasta plantear que Venezuela est\u00e1 poblada por personas absurdas, sin sentido y que no saben lo que les conviene mejor -y ac\u00e1 es donde, me parece, que <\/span><\/span><\/span><em><span style=\"color: #000000\"><span style=\"font-family: Georgia, 'Bitstream Charter', serif\"><span style=\"font-size: large\"><em><strong>se evidencia de forma contundente lo que se pod\u00eda venir si Capriles obten\u00eda los votos necesarios<\/strong><\/em><\/span><\/span><\/span><\/em><span style=\"color: #000000\"><span style=\"font-family: arial, sans-serif\"><span style=\"font-size: large\">-.<\/span><\/span><\/span><\/p>\n<p><span style=\"color: #000000\"><span style=\"font-family: arial, sans-serif\"><span style=\"font-size: large\">Veo a personas que escriben en las redes sociales deseando la muerte de Ch\u00e1vez, para esto comento en breve al &lt;&lt;Profeta de Am\u00e9rica&gt;&gt; -Reinaldo Dos Santos- el cual no se ha equivocado en ninguna de sus visiones del futuro y preconiza la muerte tanto de Ch\u00e1vez como de Fidel a principios del a\u00f1o 2013. Si usted -compatrioto o conmatriota- lo busca por Youtube podr\u00e1 ver un video que se titula <\/span><\/span><\/span><a href=\"http:\/\/www.youtube.com\/watch?feature=player_embedded&amp;v=LMVGOy6Av4g\"><span style=\"color: #000000\"><span style=\"font-family: Georgia, 'Bitstream Charter', serif\"><span style=\"font-size: large\">\u00abProfec\u00eda &#8211; Elecciones Venezuela 2012\u00bb<\/span><\/span><\/span><\/a><span style=\"color: #000000\"><span style=\"font-family: arial, sans-serif\"><span style=\"font-size: large\">, y abajo de su video ver\u00e1s a la gente celebrando y deseando la muerte del ya expresidente, actual presidente y futuro presidente del pa\u00eds.<\/span><\/span><\/span><\/p>\n<p><span style=\"color: #000000\"><span style=\"font-family: arial, sans-serif\"><span style=\"font-size: large\">No es el punto creer o no creer en lo que Reinaldo Dos Santos diga, ni si lo dice con una intenci\u00f3n en espec\u00edfico, lo que interesa ac\u00e1 es la perversi\u00f3n -mi sorpresa obligada-, el odio a tal punto de desear la muerte, y <\/span><\/span><\/span><em><span style=\"color: #000000\"><span style=\"font-family: Georgia, 'Bitstream Charter', serif\"><span style=\"font-size: large\"><em><strong>las ganas de pasar por encima de los votos de la mayor\u00eda<\/strong><\/em><\/span><\/span><\/span><\/em><em><\/em><em><span style=\"color: #000000\"><span style=\"font-family: Georgia, 'Bitstream Charter', serif\"><span style=\"font-size: large\"><em><strong>e invocar a una fuerza divina y superior <\/strong><\/em><\/span><\/span><\/span><\/em><span style=\"color: #000000\"><span style=\"font-family: arial, sans-serif\"><span style=\"font-size: large\">porque es lo \u00fanico que podr\u00eda acabar con otra fuerza divina y superior como lo es Ch\u00e1vez, y esta fatalidad la seguimos teniendo en Venezuela y en Latinoam\u00e9rica muchos a\u00f1os despu\u00e9s de que Mart\u00edn Bar\u00f3 naci\u00f3-luch\u00f3-muri\u00f3 en un continente m\u00e1s de \u00e9l que de muchos de nosotros nacidos ac\u00e1.<\/span><\/span><\/span><\/p>\n<p><strong><span style=\"color: #000000\"><span style=\"font-family: Georgia, 'Bitstream Charter', serif\"><span style=\"font-size: large\"><strong>En resumen<\/strong><\/span><\/span><\/span><\/strong><span style=\"color: #000000\"><span style=\"font-family: arial, sans-serif\"><span style=\"font-size: large\">, hablar de democracia pero no aceptar los resultados, querer que respeten tu voto pero no respetar el de los dem\u00e1s -sea que votaron por otra opci\u00f3n o que no quisieron votar ya que en Venezuela no es obligatorio sino voluntario- y desear eliminar de ra\u00edz -muerte- al bando que te hace oposici\u00f3n ideol\u00f3gica, es lo menos democr\u00e1tico que se me ocurre. Tan poco democr\u00e1tico que me da p\u00e1nico que llegue a ser verdad la muerte de Ch\u00e1vez y lo que pueda pasar en ese panorama con esta idea que tiene la oposici\u00f3n -y el chavismo- de que no hay chavismo sin Ch\u00e1vez. A esto yo digo, o pregunto porque es mejor que lo digas y lo pienses por cuenta propia, \u00bfhace cu\u00e1nto muri\u00f3 Per\u00f3n? Y \u00bfsab\u00edas que en argentina, en las \u00faltimas d\u00e9cadas, ni se piensa en un candidato a presidente que no se diga peronista?<\/span><\/span><\/span><\/p>\n","protected":false},"excerpt":{"rendered":"<p>\u00abNosotros, los pol\u00edticos, tenemos la obligaci\u00f3n de unir\u00a0 todos los pueblos de Nuestra Am\u00e9rica\u00bb Juan Domingo Per\u00f3n (1948) -Documental:\u00a0La Caracas&#8211; Sorprenderse ante las cosas que se han naturalizado y reificado en la sociedad no es un defecto, sino una capacidad de cr\u00edtica en vigencia. Y yo todav\u00eda me sorprendo -o me hago sorprender- de la [&hellip;]<\/p>\n","protected":false},"author":2020,"featured_media":0,"comment_status":"open","ping_status":"open","sticky":false,"template":"","format":"standard","meta":{"jetpack_post_was_ever_published":false,"_jetpack_newsletter_access":"","_jetpack_dont_email_post_to_subs":false,"_jetpack_newsletter_tier_id":0,"_jetpack_memberships_contains_paywalled_content":false,"_jetpack_memberships_contains_paid_content":false,"footnotes":"","jetpack_publicize_message":"","jetpack_publicize_feature_enabled":true,"jetpack_social_post_already_shared":false,"jetpack_social_options":{"image_generator_settings":{"template":"highway","default_image_id":0,"font":"","enabled":false},"version":2}},"categories":[1],"tags":[2142,2140],"class_list":{"0":"post-31250","1":"post","2":"type-post","3":"status-publish","4":"format-standard","6":"category-azares","7":"tag-chavismo-peronismo","8":"tag-oficialismo-oposicion"},"jetpack_publicize_connections":[],"jetpack_featured_media_url":"","jetpack_shortlink":"https:\/\/wp.me\/pfpCD-882","jetpack_sharing_enabled":true,"_links":{"self":[{"href":"https:\/\/www.panfletonegro.com\/v\/wp-json\/wp\/v2\/posts\/31250","targetHints":{"allow":["GET"]}}],"collection":[{"href":"https:\/\/www.panfletonegro.com\/v\/wp-json\/wp\/v2\/posts"}],"about":[{"href":"https:\/\/www.panfletonegro.com\/v\/wp-json\/wp\/v2\/types\/post"}],"author":[{"embeddable":true,"href":"https:\/\/www.panfletonegro.com\/v\/wp-json\/wp\/v2\/users\/2020"}],"replies":[{"embeddable":true,"href":"https:\/\/www.panfletonegro.com\/v\/wp-json\/wp\/v2\/comments?post=31250"}],"version-history":[{"count":0,"href":"https:\/\/www.panfletonegro.com\/v\/wp-json\/wp\/v2\/posts\/31250\/revisions"}],"wp:attachment":[{"href":"https:\/\/www.panfletonegro.com\/v\/wp-json\/wp\/v2\/media?parent=31250"}],"wp:term":[{"taxonomy":"category","embeddable":true,"href":"https:\/\/www.panfletonegro.com\/v\/wp-json\/wp\/v2\/categories?post=31250"},{"taxonomy":"post_tag","embeddable":true,"href":"https:\/\/www.panfletonegro.com\/v\/wp-json\/wp\/v2\/tags?post=31250"}],"curies":[{"name":"wp","href":"https:\/\/api.w.org\/{rel}","templated":true}]}}