{"id":31090,"date":"2012-10-24T21:35:37","date_gmt":"2012-10-25T02:05:37","guid":{"rendered":"http:\/\/www.panfletonegro.com\/v\/?p=31090"},"modified":"2012-10-28T07:38:02","modified_gmt":"2012-10-28T12:08:02","slug":"breve-historia-de-una-increible-mentira","status":"publish","type":"post","link":"https:\/\/www.panfletonegro.com\/v\/2012\/10\/24\/breve-historia-de-una-increible-mentira\/","title":{"rendered":"BREVE HISTORIA DE UNA INCREIBLE MENTIRA"},"content":{"rendered":"<p style=\"text-align: left\" align=\"center\"><strong>BREVE HISTORIA DE UNA INCREIBLE MENTIRA<\/strong><\/p>\n<p align=\"right\"><strong>\u00a0<\/strong><\/p>\n<p align=\"right\"><strong>POR CARLOS SCHULMAISTER<\/strong><\/p>\n<p>Cuando cay\u00f3 Per\u00f3n en 1955, \u00e9l y su creatura ya hab\u00edan demostrado su labilidad pol\u00edtica e ideol\u00f3gica cuando las circunstancias lo requer\u00edan, eso que a\u00f1os m\u00e1s tarde se llam\u00f3 pragmatismo cuando se lo quer\u00eda presentar como una capacidad o valor agregado.<\/p>\n<p>Sin embargo, en ese momento no cab\u00edan dudas acerca de la naturaleza del peronismo como fen\u00f3meno pol\u00edtico de inducci\u00f3n de masas desde el poder, y como epifen\u00f3meno residual de la pol\u00edtica internacional de la primera mitad del sigloXX.<\/p>\n<p>Las condiciones en que se produjo la ca\u00edda dejaron un movimiento pol\u00edtico desactivado y mostrenco. Entre la persecuci\u00f3n y la demolici\u00f3n de las conquistas sociales positivas que aquel hab\u00eda implementado \u2013adem\u00e1s de las negativas- que fueron suprimidas por una posterior clase pol\u00edtica en el poder tan antiperonista como est\u00fapida, surgi\u00f3 de las cenizas un proceso pr\u00e1cticamente de base, auton\u00f3mico en cierta medida, de reconstrucci\u00f3n de nuevas dirigencias y cacicazgos gremiales y pol\u00edticos.<\/p>\n<p>A una d\u00e9cada de regimentaci\u00f3n pol\u00edtica e ideol\u00f3gica de las personas y las instituciones siguieron casi dos m\u00e1s que pretendieron desarmar aquella actividad, y que no lo lograron debido a la incapacidad pol\u00edtica de una dirigencia entreguista y revanchista que, salvo honrosas excepciones, trabaj\u00f3 para su enemigo y para otras fuerzas agazapadas, como las del comunismo internacional, siempre alerta a cualquier se\u00f1al conveniente a sus objetivos.<\/p>\n<p>El peronismo en el gobierno hab\u00eda tenido dirigentes e intelectuales interesantes, adem\u00e1s de los otros, pero como siempre ocurre no son los interesantes los que logran ser escuchados sino los obsecuentes, los mediocres, los oportunistas, la basura pol\u00edtica digamos.<\/p>\n<p>Pero en esos momentos no hab\u00eda movimiento, no hab\u00eda conductor pr\u00e1cticamente, ni cuerpo doctrinario de pol\u00edtica, econom\u00eda e ideolog\u00eda que hubiera sido mamado por las masas. La orientaci\u00f3n de la pol\u00edtica hab\u00eda nacido en la c\u00fapula y de all\u00ed hab\u00eda descendido por todo el movimiento, igual que antes con el fascismo, con la diferencia de que en \u00e9ste era b\u00e1sicamente descendente, en tanto en el peronismo restaba espacio para que desde las bases sociales existiera un poco de autonom\u00eda e iniciativa, en ocasiones\u00a0 sobre aspectos correctos, aunque hayan sido pocos. Como en todo movimiento pol\u00edtico personalista y populista, las masas y las dirigencias no pasan de ser claques, en ocasiones muy ilustradas y siempre bien remuneradas del poder pol\u00edtico dictatorial.<\/p>\n<p>Faltaba organizaci\u00f3n y sobre todo m\u00edstica, faltaba el escenario favorable, el nacionalismo hab\u00eda entrado en competencia con otras fuerzas y pensamientos que bregaban por un espacio propio, y lo mismo suced\u00eda en el plano internacional. Cuando se produce la aparici\u00f3n de la tercera posici\u00f3n con la Conferencia de Bandung Per\u00f3n estuvo al margen. Veinte a\u00f1os m\u00e1s tarde le construyeron un relato que atend\u00eda al car\u00e1cter precursor del Tercer Mundo representado por el discurso de Per\u00f3n en el Congreso de Filosof\u00eda en Mendoza, en 1949. Pero salvo dentro del peronismo, internacionalmente nunca se le concedi\u00f3 a Per\u00f3n ese m\u00e9rito.<\/p>\n<p>Al peronismo en reorganizaci\u00f3n le faltaba ideolog\u00eda m\u00e1s que doctrina, pero no era el nazifascismo el ingrediente m\u00e1s feliz ni el m\u00e1s esperado. Los trabajadores andaban bebiendo de otras fuentes adem\u00e1s de recordar el \u201cpara\u00edso\u201d peronista. El eje del activismo lo constituyeron crecientemenete los planteos gremiales reivindicatorios y los recorridos y b\u00fasquedas de los sectores juveniles, especialmente de aquellos que siendo de or\u00edgenes sociales bajos hab\u00edan podido llegar a la universidad.<\/p>\n<p>Fuera de estos escasos j\u00f3venes, la mayor\u00eda de los hijos de aquellos peronistas fundadores integraban, como sus mayores, las filas de la clase baja o trabajadora, y como tal segu\u00edan siendo perseguidos, despreciados y excluidos socialmente por las dem\u00e1s clases y estratos.<\/p>\n<p>En tiempos en que la televisi\u00f3n era un lujo de las clases favorecidas de las grandes ciudades del pa\u00eds y en el interior no exist\u00eda, aquella generaci\u00f3n fue conformando una suerte de imperfecta conciencia de clase en base a la voluntad, y a cierta dosis de resentimiento contra aquellas.<\/p>\n<p>La lectura en las bibliotecas p\u00fablicas, sobre todo de literatura m\u00e1s que de historia, le permit\u00eda abrir brechas en la r\u00edgida ingenier\u00eda educativa de entonces (tanto p\u00fablica como privada). Adem\u00e1s, la todav\u00eda vigente y s\u00f3lida matriz familiar era fuente de transmisi\u00f3n oral de la memoria\u00a0 de los de abajo con la que pod\u00edan resistir las constantes referencias enemigas al \u201ctirano pr\u00f3fugo\u201d.<\/p>\n<p>Para esos ni\u00f1os y j\u00f3venes el tirano no deb\u00eda ser tan malo, as\u00ed como los comunistas de la URRS tampoco deb\u00edan serlo. Los relatos familiares de los de abajo transmit\u00edan una m\u00edstica y una \u00e9pica que resist\u00eda los argumentos y las razones de los sucesivos gobiernos y las fuerzas vivas del establishment.<\/p>\n<p>De tirano, muerto pol\u00edticamente, Per\u00f3n se fue convirtiendo gradualmente en el resurrecto que alg\u00fan d\u00eda volver\u00eda. Para los de abajo, no hac\u00eda falta estudiar a Per\u00f3n y al peronismo. Era como pretender revisar las sangres y los linajes, farisaica pretensi\u00f3n de burgueses y arist\u00f3cratas, los intr\u00ednsecamente malos de la sociedad occidental. Como es sabido, los pobres no hacen beneficio de inventario en ese aspecto. Ning\u00fan pobre de la tierra. \u00a1Bendito sea aquel que me dio un plato de lentejas!<\/p>\n<p>De modo que en ese contexto pol\u00edtico, econ\u00f3mico y social, con esos insumos y con las correspondientes limitaciones del conocimiento una generaci\u00f3n juvenil de clase baja fue construyendo su conciencia social con sentido opuesto a la de los integrantes juveniles de las otras clases sociales.<\/p>\n<p>Para los j\u00f3venes peronistas la \u201cconciencia\u201d propia conten\u00eda la verdad, en tanto las otras estaban absolutamente equivocadas. Es decir, equivocadas ex profeso, a diferencia de la de uno que efectivamente constitu\u00eda la verdad bajo todo punto de vista. Y en las otras fracciones suced\u00eda lo mismo, pero a la inversa.<\/p>\n<p>En ese amplio abanico pol\u00edtico ideol\u00f3gico contestatario, los respectivos desarrollos te\u00f3ricos se sosten\u00edan en base a planteos conceptuales dogm\u00e1ticos, lo que podr\u00edamos llamar lo proactivo de sus planteos, desde ya y hoy ya se ha estudiado bastante, cargados de mitos y prejuicios. Pero hab\u00eda otra gruesa parte de su bagaje contestatario que eran de mero car\u00e1cter reactivo.<\/p>\n<p>As\u00ed, aquella diversidad de j\u00f3venes que dec\u00edan amar a los pobres, a los pueblos y a las naciones y patrias estaban tan confundidos que aun atribuy\u00e9ndose\u00a0 pertenencia a esos campos se consideraban mutuamente enemigos, y a menudo mucho m\u00e1s que con respecto a sus supuestos enemigos originarios, los de las famosas oligarqu\u00edas decimon\u00f3nicas, por lo menos en el discurso.<\/p>\n<p>Esto pon\u00eda en duda cu\u00e1les eran los enemigos reales y cu\u00e1les los aparentes. Pues, de hecho, a quienes m\u00e1s se tem\u00eda no era a los representantes de los intereses de clase de los privilegiados sino a aquellos dirigentes, partidos e ideolog\u00edas pol\u00edticas cuya atracci\u00f3n o misterio pon\u00eda en peligro el monopolio del peronismo en la representaci\u00f3n de las v\u00edctimas\u00a0 sociales, nacionales y populares.<\/p>\n<p>Llevar la bandera y no dejar que nos la arrebaten siempre ha sido m\u00e1s importante que el resultado de la batalla. Esa bandera, sea de trapo, de palabras o de im\u00e1genes, tiene m\u00e1s poder que los insumos armament\u00edsticos disponibles.<\/p>\n<p>M\u00e1s tarde, el Conductor natural reapareci\u00f3 y reclam\u00f3 cada vez m\u00e1s sus derechos, debiendo en cierto momento hacer un equilibrio ideol\u00f3gico y sobre todo pragm\u00e1tico para que la competencia ideol\u00f3gica interna y externa no le arrebatara su liderazgo.<\/p>\n<p>Desde entonces, en una suerte de s\u00edntesis ideol\u00f3gica, por lo dem\u00e1s vacua y aparente, estableci\u00f3 que sus seguidores no deb\u00edan ser apresurados ni retardatarios. Sin embargo, ya los apotegmas peronistas ten\u00edan autoridad y pesaban por si mismos en la presunta conciencia pol\u00edtica de sus seguidores.<\/p>\n<p>Ciertamente, lo que compon\u00eda el bagaje pol\u00edtico de combate no s\u00f3lo de los peronistas sino de todo el arco opositor y no s\u00f3lo de los j\u00f3venes sino de todas las generaciones politizadas era un conjunto de relatos, en realidad clich\u00e9s. Todos ellos daban por cierto que ten\u00edan la exclusiva herramienta de combate pol\u00edtico e ideol\u00f3gico contra la para ellos emblem\u00e1tica mentira capitalista y liberal.<\/p>\n<p>La diferencia entre el dogmatismo opositor de izquierda y el peronista estribaba en que los ap\u00f3stoles del Libro (Das Kapital) argumentaban tupido y parec\u00edan inteligentes, en tanto los peronistas, sin libros de cabecera, argumentaban con relatos emocionales de la memoria heredada de sus mayores y no con principios y teor\u00edas pol\u00edticas, a las que sol\u00edan tener por complicadas, absurdas y\u2026 peligrosas. Como cat\u00f3licos putativos ten\u00edan buena cantidad de contaminaci\u00f3n preconciliar del tipo que avalaba y legitimaba la prohibici\u00f3n divina de comer del \u00e1rbol de la ciencia del bien y del mal.<\/p>\n<p>Pero tanto unos como otros eran dogm\u00e1ticos y doctrinarios. Unos lo eran del Libro, otros de la Palabra revelada. Unos hablaban de crear conciencia en base al desarrollo del conocimiento liberador por ellos provisto. Los otros hablaban de edificar un templo en sus corazones para Per\u00f3n y Evita, pese a que \u00e9sta hab\u00eda fallecido y otra mujer ocupaba su lugar.<\/p>\n<p>En suma, se enfrentaban la Raz\u00f3n contra la Fe. Pero, ojo\u2026 ninguna era lo que aparentaba ser. Ambas descansaban sobre supuestos falaces. Ninguna merec\u00eda ser escrita con may\u00fascula, pese a que de hecho as\u00ed se escrib\u00edan al igual que Patria y Pueblo.<\/p>\n<p>De modo que los combates ideol\u00f3gicos de entonces, de tipo intelectual, eran siempre menos que los combates pol\u00edticos originados por el amor y el odio. La v\u00eda emocional de conversi\u00f3n era y ser\u00e1 siempre m\u00e1s f\u00e1cil y atrayente que la intelectual. Y no es que as\u00ed ocurriera porque por entonces los pobres fueran mayor\u00eda, como habitualmente se dec\u00eda y se cre\u00eda. Ser\u00eda muy infantil hacer ese reduccionismo para enlazarse luego con la cuesti\u00f3n de la mayor\u00eda como base de la soberan\u00eda del pueblo, a pesar de que esto se sigue haciendo hasta la actualidad por los gobiernos populistas cuando conviene a sus planes, pero que puede dejar de hacerse cuando al poder en peligro le resulte conveniente y necesario imponerse mediante un autogolpe desde el poder mismo, convirtiendo en juez y jurado al partido o a las vanguardias esclarecidas y subrogando a las mayor\u00edas, las cuales, para ese momento ya pueden ser as\u00ed llamadas s\u00f3lo utilizando las comillas.<\/p>\n<p>Los ap\u00f3stoles del Libro combat\u00edan y eran capaces de morir por sus ideas, a las que consideraban su verdad y la \u00fanica verdad. Los ap\u00f3stoles de la emoci\u00f3n eran capaces de hacer lo propio por las emociones y por la Fe en la superioridad de su causa.<\/p>\n<p>Estos \u00faltimos no necesitaban demostraciones argumentativas como los otros, sino simplemente la difusi\u00f3n de \u201clas obras\u201d realizadas por el Conductor y grandes dosis de amor que llevaban en sus corazones, y de d\u00f3nde saldr\u00eda la voluntad para poner \u201cpiedras\u201d en sus manos.<\/p>\n<p>El compromiso con la causa ten\u00eda para los j\u00f3venes hijos de los peronistas derrocados en 1955 un sentido de redenci\u00f3n social, proceso m\u00edstico consistente en ejercer la representaci\u00f3n moral de nuestros padres y conquistar su reivindicaci\u00f3n, pues era en el plano familiar donde se produc\u00eda aquella fuerte conversi\u00f3n inicial.<\/p>\n<p>Frente a los \u201cte\u00f3ricos\u201d, los hombres de acci\u00f3n, \u00e9stos que no necesitaban discutir ideas porque ten\u00edan la sangre caliente y por eso pod\u00edan indignarse. Para aquellos \u00e9stos eran b\u00e1rbaros, y para \u00e9stos aquellos eran cobardes. La pol\u00edtica, pues, no descansaba en la raz\u00f3n ni en la discusi\u00f3n, sino en la e, en la voluntad y en la acci\u00f3n. Estos factores se expresan siempre en concreto, no en abstracto; en los hechos, no en las ideas. La pol\u00edtica, desde esta semi concepci\u00f3n es una encarnaci\u00f3n de la fe individual de los ap\u00f3stoles en la sociedad.<\/p>\n<p>En cambio, para los de izquierda, la pol\u00edtica parec\u00eda ser el trasvasamiento de las ideas y las fuerzas sociales en pugna a la conciencia individual y luego su vuelta hacia los colectivos convertida en insumos organizacionales.<\/p>\n<p>Pero todo era una confusi\u00f3n. En el peronismo se encontraban ideas e intereses contrapuestos, de izquierda, derecha y centro. Los guerrilleros admiraban ritualidades del arte militar convencional y las hac\u00edan propias junto con metodolog\u00edas nuevas a la vez antiguas, y de un lado y del otro se estudiaba el arte del enemigo.<\/p>\n<p>Algunos quer\u00edan destruir todas las fuerzas militares y otros conspiraban para producir levantamientos armados en las Fuerzas Armadas que introdujeran una pica en sus filas y llevaran a cabo procesos dictatoriales populistas que sirvieran de contenci\u00f3n a los planteos de extrema izquierda.<\/p>\n<p>Parad\u00f3jicamente, esos j\u00f3venes de entonces que ten\u00edan ideas tan dispares y contrapuestas a los 20 a\u00f1os hab\u00edan sentido admiraci\u00f3n por los militares cada vez que los vieron desfilar en las plazas de sus pueblos cuando iban a la escuela primaria o a la secundaria. Era cuando \u00e9stos todav\u00eda conservaban un cierto prestigio ante las masas, independientemente de si era realmente merecido.<\/p>\n<p>Y muchos que a los 20 fung\u00edan de bizarros de izquierda hab\u00edan sentido a los 14 atracci\u00f3n por la Tacuara en los a\u00f1os de su expansi\u00f3n por los colegios secundarios de las grandes ciudades, o hab\u00edan sentido admiraci\u00f3n por Jos\u00e9 Antonio Primo de Rivera.<\/p>\n<p>Ante tantas contradicciones, vaivenes y derivas experimentadas en el seno del peronismo, bien vale preguntar \u00bfde qu\u00e9 cultura pol\u00edtica nacional y popular hablan ahora quienes est\u00e1n en el gobierno\u00a0 \u00a1y en el poder!? Porque esa diversidad de amores y odios simult\u00e1neos y sucesivos se dieron por dentro y por fuera del peronismo, pero hoy \u00e9ste h\u00edbrido ha hecho acreencia de todos esos delirios absorbiendo todas aquellas manifestaciones contestatarias, de los cuales, a favor o en contra de ellas emergi\u00f3 durante m\u00e1s de 50 a\u00f1os la persecuci\u00f3n, la muerte, la discriminaci\u00f3n, la exclusi\u00f3n de unos y la inclusi\u00f3n de otros, y siempre la corrupci\u00f3n de los que gobiernan, el aumento de la pobreza y la destrucci\u00f3n de la naci\u00f3n y la rep\u00fablica.<\/p>\n<p>Ser peronistas signific\u00f3 vivir y morir en el seno de un \u201cmovimiento\u201d (\u00bfser\u00e1 tal?) donde simult\u00e1nea o sucesivamente se ha podido ser nacionales, nacionalistas, integristas, cat\u00f3licos, preconciliar, tradicionalista, modernista, postconciliar, cristianos, integristas, rosistas, antirosistas, mitristas, antimitristas, roquistas, antirroquistas, revisionistas, marxistas, neomarxistas, irigoyenistas, uriburistass, nazi, fascistas, falangistas, militaristas, antimilitaristas, apresurados, retardatarios, montoneristas, antimontoneristas,\u00a0 antimperialista, capitalista nacional, anticapitalista, nasserista, guevarista, castrista, reformistas, socialistas, revolucionarios, evolucionistas, stalinistas, antistalinistas, mao\u00edstas, menemistas, duhaldistas, kirchneristas, cristinistas, chavistas, evotistas, de derecha, de centro, de izquierda, de clase baja, media, alta, de abajo, del medio, de arriba, de los costados, federales, unitarios, institucionalistas, comunitaristas, antisemitas, sionistas, antisionistas, negacionistas, antisin\u00e1rquicos, masones, liberales, antiliberales, neoliberales, enemigos de Rojas, amigos de Rojas, proteccionistas, librecambistas, desarrollistas, estatistas, privatistas, antiyanquis, proyanquis, globalif\u00edlicos, globalif\u00f3bicos, antibrasileros, probrasileros, paternalistas, populistas, progresistas, clasistas, integracionistas, machistas, feministas, open mind, justicialistas, laboristas, obreristas, de base, peronistas, neoperonistas, vandoristas, evitistas, isabelinos, l\u00f3pezreguistas, herministas, renovadores, anarcoperonistas, narcoperonistas, etc, etc (o sea que hay m\u00e1s\u2026).<\/p>\n<p>Casi cien \u201cismos\u201d para adjetivarlo.<\/p>\n<p>Claro, se me dir\u00e1 que todo eso es una virtud de este amontonamiento llamado peronismo, pero que la mayor\u00eda de los argentinos no nos hab\u00edamos dado cuenta porque somos cortos de entendederas. \u00bfAcaso ser\u00e1 porque todos nos hemos vuelto peronistas sin saberlo?<\/p>\n<p>\u00a1Claro que s\u00ed! \u00a1Porque eso significa que el peronismo est\u00e1 vivo y hace del cambiar un deber y una actualizaci\u00f3n constante como nos recordara en los 90\u00b4s el ubicuo Cafiero\u2026 decano de los bolas de bronce del peronismo!<\/p>\n<p>\u00a1Ma\u00b4qu\u00e9 va a estar vivo! \u00a1Muri\u00f3 con el General hace casi 40 a\u00f1os y no con las botas puestas! \u00a1No pretendan que existe! \u00a1No sean hip\u00f3critas! \u00a1Traidores a la sociedad, a la rep\u00fablica y a la naci\u00f3n!<\/p>\n<p>&nbsp;<\/p>\n<p align=\"center\">o0o\u00a0\u00a0 o0o\u00a0\u00a0 o0o<\/p>\n","protected":false},"excerpt":{"rendered":"<p>BREVE HISTORIA DE UNA INCREIBLE MENTIRA \u00a0 POR CARLOS SCHULMAISTER Cuando cay\u00f3 Per\u00f3n en 1955, \u00e9l y su creatura ya hab\u00edan demostrado su labilidad pol\u00edtica e ideol\u00f3gica cuando las circunstancias lo requer\u00edan, eso que a\u00f1os m\u00e1s tarde se llam\u00f3 pragmatismo cuando se lo quer\u00eda presentar como una capacidad o valor agregado. Sin embargo, en ese [&hellip;]<\/p>\n","protected":false},"author":1411,"featured_media":0,"comment_status":"open","ping_status":"open","sticky":false,"template":"","format":"standard","meta":{"jetpack_post_was_ever_published":false,"_jetpack_newsletter_access":"","_jetpack_dont_email_post_to_subs":false,"_jetpack_newsletter_tier_id":0,"_jetpack_memberships_contains_paywalled_content":false,"_jetpack_memberships_contains_paid_content":false,"footnotes":"","jetpack_publicize_message":"","jetpack_publicize_feature_enabled":true,"jetpack_social_post_already_shared":false,"jetpack_social_options":{"image_generator_settings":{"template":"highway","default_image_id":0,"font":"","enabled":false},"version":2}},"categories":[1],"tags":[],"class_list":{"0":"post-31090","1":"post","2":"type-post","3":"status-publish","4":"format-standard","6":"category-azares"},"jetpack_publicize_connections":[],"jetpack_featured_media_url":"","jetpack_shortlink":"https:\/\/wp.me\/pfpCD-85s","jetpack_sharing_enabled":true,"_links":{"self":[{"href":"https:\/\/www.panfletonegro.com\/v\/wp-json\/wp\/v2\/posts\/31090","targetHints":{"allow":["GET"]}}],"collection":[{"href":"https:\/\/www.panfletonegro.com\/v\/wp-json\/wp\/v2\/posts"}],"about":[{"href":"https:\/\/www.panfletonegro.com\/v\/wp-json\/wp\/v2\/types\/post"}],"author":[{"embeddable":true,"href":"https:\/\/www.panfletonegro.com\/v\/wp-json\/wp\/v2\/users\/1411"}],"replies":[{"embeddable":true,"href":"https:\/\/www.panfletonegro.com\/v\/wp-json\/wp\/v2\/comments?post=31090"}],"version-history":[{"count":0,"href":"https:\/\/www.panfletonegro.com\/v\/wp-json\/wp\/v2\/posts\/31090\/revisions"}],"wp:attachment":[{"href":"https:\/\/www.panfletonegro.com\/v\/wp-json\/wp\/v2\/media?parent=31090"}],"wp:term":[{"taxonomy":"category","embeddable":true,"href":"https:\/\/www.panfletonegro.com\/v\/wp-json\/wp\/v2\/categories?post=31090"},{"taxonomy":"post_tag","embeddable":true,"href":"https:\/\/www.panfletonegro.com\/v\/wp-json\/wp\/v2\/tags?post=31090"}],"curies":[{"name":"wp","href":"https:\/\/api.w.org\/{rel}","templated":true}]}}