{"id":30923,"date":"2012-10-17T21:21:28","date_gmt":"2012-10-18T01:51:28","guid":{"rendered":"http:\/\/www.panfletonegro.com\/v\/?p=30923"},"modified":"2014-06-07T11:53:16","modified_gmt":"2014-06-07T16:23:16","slug":"ejercicio-a-4-manos-con-edgar-buloz-que-hubiese-pasado-si","status":"publish","type":"post","link":"https:\/\/www.panfletonegro.com\/v\/2012\/10\/17\/ejercicio-a-4-manos-con-edgar-buloz-que-hubiese-pasado-si\/","title":{"rendered":"Ejercicio a 4 manos con Edgar Buloz: Qu\u00e9 hubiese pasado si\u2026"},"content":{"rendered":"<p>Con mi amigo Edgar decid\u00ed jugar al <em>what if <\/em> partiendo de un hecho hist\u00f3rico <\/p>\n<p>o ucron\u00edas, que son el resultado de un ejercicio mental que responde a la pregunta <\/p>\n<p>\u00ab\u00bfQu\u00e9 habr\u00eda pasado si &#8230;?\u00bb<\/p>\n<p><strong>Caracas, 4 de Febrero de 1992<\/strong><\/p>\n<p>\u201c\u2026\u201cPresidente, p\u00eddale perd\u00f3n a este pueblo noble, por estos 30 a\u00f1os de corrupci\u00f3n y traici\u00f3n a la patria\u201d. Gritos hist\u00e9ricos, a todo pulm\u00f3n, de un militar an\u00f3nimo, un Teniente-Coronel del Ej\u00e9rcito, aparentemente. El Presidente Constitucional de la Rep\u00fablica de Venezuela, Carlos Andr\u00e9s P\u00e9rez Rodr\u00edguez, con su caracter\u00edstica calma y sobriedad, dirige su vista hacia la c\u00e1mara de televisi\u00f3n; Venezolana de Televisi\u00f3n ha sido el \u00fanico canal que ha podido entrar a este lugar. El camar\u00f3grafo, capaz mas por respeto que por miedo, decide dejar de enfocar al depuesto Presidente, y dirige la c\u00e1mara velozmente hacia el lado contrario, mostr\u00e1ndonos una fugaz panor\u00e1mica del Estadio Universitario de Caracas. En el fondo, se pueden distinguir algunas voces protestando; con mucha dificultad se logra reconocer la voz del hasta ahora Ministro de la Defensa, General Fernando Ochoa Antich, quien increpa a los Militares Golpistas \u201cCarajo, yo los puse en esto, y as\u00ed es que\u2026\u201d. La siguiente imagen nos muestra a un pelot\u00f3n de soldados con boinas rojas y un tricolor en el brazo, entrando violentamente al campo deportivo, mientras del otro lado se observa a otro grupo salvajemente manoteando al resto de los prisioneros; adem\u00e1s del Presidente y del Ministro de la Defensa, logramos observar a otros miembros del Alto Mando Militar, del tren ministerial, del Congreso de la Rep\u00fablica, destac\u00e1ndose el Presidente del Congreso, Dr. Pedro Paris Montesinos y el Ministro de Relaciones Interiores, Virgilio \u00c1vila Vivas, entre muchos otros. Un Oficial Sublevado golpea al Presidente P\u00e9rez. Ordenes van y vienen. Gritos y protestas airadas. La c\u00e1mara se mueve muy r\u00e1pido, de un lado para el otro. Confusi\u00f3n. Alguien \u2013con un fuerte y marcado acento andino- grita \u201cQue viva Venez\u2026\u201d Disparos interrumpen la frase. Silencio. Monitores en blanco\u2026\u201d<\/p>\n<p><em>(USLAR-PIETRI, Arturo. \u201cNosotros, Los Notables\u201d. Caracas: Editorial Centauro, 784 p\u00e1gs. A\u00f1o 1997)<\/em><\/p>\n<p><a href=\"https:\/\/i0.wp.com\/www.panfletonegro.com\/v\/wp-content\/uploads\/2012\/10\/CarlosAndresPerez.jpg\"><img data-recalc-dims=\"1\" loading=\"lazy\" decoding=\"async\" data-attachment-id=\"30924\" data-permalink=\"https:\/\/www.panfletonegro.com\/v\/2012\/10\/17\/ejercicio-a-4-manos-con-edgar-buloz-que-hubiese-pasado-si\/carlosandresperez\/\" data-orig-file=\"https:\/\/i0.wp.com\/www.panfletonegro.com\/v\/wp-content\/uploads\/2012\/10\/CarlosAndresPerez.jpg?fit=316%2C226&amp;ssl=1\" data-orig-size=\"316,226\" data-comments-opened=\"1\" data-image-meta=\"{&quot;aperture&quot;:&quot;0&quot;,&quot;credit&quot;:&quot;&quot;,&quot;camera&quot;:&quot;&quot;,&quot;caption&quot;:&quot;&quot;,&quot;created_timestamp&quot;:&quot;1348274654&quot;,&quot;copyright&quot;:&quot;&quot;,&quot;focal_length&quot;:&quot;0&quot;,&quot;iso&quot;:&quot;0&quot;,&quot;shutter_speed&quot;:&quot;0&quot;,&quot;title&quot;:&quot;&quot;}\" data-image-title=\"CarlosAndresPerez\" data-image-description=\"\" data-image-caption=\"\" data-large-file=\"https:\/\/i0.wp.com\/www.panfletonegro.com\/v\/wp-content\/uploads\/2012\/10\/CarlosAndresPerez.jpg?fit=316%2C226&amp;ssl=1\" src=\"https:\/\/i0.wp.com\/www.panfletonegro.com\/v\/wp-content\/uploads\/2012\/10\/CarlosAndresPerez-300x214.jpg?resize=300%2C214\" alt=\"\" title=\"CarlosAndresPerez\" width=\"300\" height=\"214\" class=\"aligncenter size-medium wp-image-30924\" srcset=\"https:\/\/i0.wp.com\/www.panfletonegro.com\/v\/wp-content\/uploads\/2012\/10\/CarlosAndresPerez.jpg?resize=300%2C214&amp;ssl=1 300w, https:\/\/i0.wp.com\/www.panfletonegro.com\/v\/wp-content\/uploads\/2012\/10\/CarlosAndresPerez.jpg?resize=145%2C103&amp;ssl=1 145w, https:\/\/i0.wp.com\/www.panfletonegro.com\/v\/wp-content\/uploads\/2012\/10\/CarlosAndresPerez.jpg?w=316&amp;ssl=1 316w\" sizes=\"auto, (max-width: 300px) 100vw, 300px\" \/><\/a><\/p>\n<p><strong>A\u00f1o 0<\/strong><\/p>\n<p>\u201cResulta que Eva no se comi\u00f3 la manzana y la pareja se qued\u00f3 en el Ed\u00e9n. La cosa era propiamente un para\u00edso, y con todas sus necesidades cubiertas y todo el tiempo del mundo disponible, literalmente, Ad\u00e1n y Eva, profundamente enamorados, decidieron hacer lo que cualquier pareja sensata har\u00eda en su lugar: Tener sexo como si no hubiese ma\u00f1ana. A toda hora, salvaje, tierno, creativo, circense sexo. Perfeccionaron t\u00e9cnicas a\u00fan no conocidas ni imaginadas. Despu\u00e9s de un orgasmo absoluto, perfecto e indescriptible, Ad\u00e1n logr\u00f3 articular una frase que resume muy bien este periodo en el Ed\u00e9n: \u201cEva, mi reina, \u00a1gracias a dios no te comiste esa  manzana de mierda!\u201d Pero, como todo, se aburrieron uno del otro. Decidieron entonces darse un tiempo y empezaron a explorar sus propios cuerpos, y en la mismas condiciones, lograron inventar t\u00e9cnicas de masturbaci\u00f3n sumamente variadas y evolucionadas, que ning\u00fan terrestre por m\u00e1s solo, horny, creativo, ocioso e incapacitado para conseguir una pareja que sea, llegar\u00e1 jam\u00e1s a conocer. Una vez esta etapa en el Ed\u00e9n termin\u00f3, despu\u00e9s de haber explorado todo el repertorio er\u00f3tico disponible en las galaxias, en un rel\u00e1mpago de lucidez, decidieron suicidarse, porque qu\u00e9 m\u00e1s da. Despu\u00e9s de una triste despedida, se guindaron de un \u00e1rbol. Pero al pasar dos d\u00edas guindados y conscientes, hablando pajita mientras llegaba la muerte, se dieron cuenta que eran inmortales, menudo problema. Fue entonces que se pusieron a trabajar, y como no les volv\u00eda el apetito sexual, ni hab\u00edan revoluciones, ni dictaduras, ni religiones ni demagogos que los retrasaran, lograron despu\u00e9s de un siglo de constante y disciplinado esfuerzo, alcanzar un desarrollo tecnol\u00f3gico que le permiti\u00f3, finalmente, construir una modesta pero confortable nave espacial, y se fueron pal co\u00f1o, porque qu\u00e9 ladilla el para\u00edso.\u201d <\/p>\n<p><em>(Pergamino encontrado en Tucupita, Venezuela, 1987)<\/em><\/p>\n<p><a href=\"https:\/\/i0.wp.com\/www.panfletonegro.com\/v\/wp-content\/uploads\/2012\/10\/735978416330.jpg\"><img data-recalc-dims=\"1\" loading=\"lazy\" decoding=\"async\" data-attachment-id=\"30925\" data-permalink=\"https:\/\/www.panfletonegro.com\/v\/2012\/10\/17\/ejercicio-a-4-manos-con-edgar-buloz-que-hubiese-pasado-si\/attachment\/735978416330\/\" data-orig-file=\"https:\/\/i0.wp.com\/www.panfletonegro.com\/v\/wp-content\/uploads\/2012\/10\/735978416330.jpg?fit=1000%2C1408&amp;ssl=1\" data-orig-size=\"1000,1408\" data-comments-opened=\"1\" data-image-meta=\"{&quot;aperture&quot;:&quot;0&quot;,&quot;credit&quot;:&quot;&quot;,&quot;camera&quot;:&quot;&quot;,&quot;caption&quot;:&quot;&quot;,&quot;created_timestamp&quot;:&quot;0&quot;,&quot;copyright&quot;:&quot;&quot;,&quot;focal_length&quot;:&quot;0&quot;,&quot;iso&quot;:&quot;0&quot;,&quot;shutter_speed&quot;:&quot;0&quot;,&quot;title&quot;:&quot;&quot;}\" data-image-title=\"735978416330\" data-image-description=\"\" data-image-caption=\"\" data-large-file=\"https:\/\/i0.wp.com\/www.panfletonegro.com\/v\/wp-content\/uploads\/2012\/10\/735978416330.jpg?fit=696%2C980&amp;ssl=1\" src=\"https:\/\/i0.wp.com\/www.panfletonegro.com\/v\/wp-content\/uploads\/2012\/10\/735978416330-213x300.jpg?resize=213%2C300\" alt=\"\" title=\"735978416330\" width=\"213\" height=\"300\" class=\"aligncenter size-medium wp-image-30925\" srcset=\"https:\/\/i0.wp.com\/www.panfletonegro.com\/v\/wp-content\/uploads\/2012\/10\/735978416330.jpg?resize=213%2C300&amp;ssl=1 213w, https:\/\/i0.wp.com\/www.panfletonegro.com\/v\/wp-content\/uploads\/2012\/10\/735978416330.jpg?resize=727%2C1024&amp;ssl=1 727w, https:\/\/i0.wp.com\/www.panfletonegro.com\/v\/wp-content\/uploads\/2012\/10\/735978416330.jpg?resize=320%2C450&amp;ssl=1 320w, https:\/\/i0.wp.com\/www.panfletonegro.com\/v\/wp-content\/uploads\/2012\/10\/735978416330.jpg?resize=145%2C204&amp;ssl=1 145w, https:\/\/i0.wp.com\/www.panfletonegro.com\/v\/wp-content\/uploads\/2012\/10\/735978416330.jpg?resize=495%2C696&amp;ssl=1 495w, https:\/\/i0.wp.com\/www.panfletonegro.com\/v\/wp-content\/uploads\/2012\/10\/735978416330.jpg?resize=670%2C943&amp;ssl=1 670w, https:\/\/i0.wp.com\/www.panfletonegro.com\/v\/wp-content\/uploads\/2012\/10\/735978416330.jpg?w=1000&amp;ssl=1 1000w\" sizes=\"auto, (max-width: 213px) 100vw, 213px\" \/><\/a><\/p>\n<p><strong>Caracas, 21 de Mayo de 1971<\/strong><\/p>\n<p>\u201c\u2026 \u201cVaya nuestra simpat\u00eda con todo el pueblo de Venezuela, sabemos que no s\u00f3lo han perdido al Padre de la Democracia de vuestra naci\u00f3n, sino a uno de los latinoamericanos m\u00e1s insignes de este siglo\u201d\u2026los aplausos interrumpen el discurso del honorable Embajador&#8230; \u201cEn Nombre del Presidente y del Pueblo de los Estados Confederados de Am\u00e9rica, nuestras m\u00e1s sinceras condolencias por tan importante p\u00e9rdida\u201d. Silencio. El Embajador americano, camina protocolarmente hacia nuestra querida ex Primera Dama, Do\u00f1a Liliana Iturbe. Es la opini\u00f3n de este humilde reportero, que el funeral de Estado del ex Presidente, eterno Poeta del Pueblo, pasar\u00e1 a la historia como uno de los m\u00e1s fastuosos y emotivos en las \u00faltimas d\u00e9cadas. El pueblo se encuentra volcado a la calle, desconsolado. Algunos aseguran que m\u00e1s de un mill\u00f3n de compatriotas se encuentran acompa\u00f1ando al Cortejo F\u00fanebre a trav\u00e9s de la grandes avenidas de nuestra ciudad capital; nunca antes\u2026\u201d<\/p>\n<p><em>(Extracto de la Narraci\u00f3n del Funeral de Estado del ex Presidente Andr\u00e9s Eloy Blanco, El Observador Creole-Canal5, Caracas 21\/05\/71)<\/em><\/p>\n<p><a href=\"https:\/\/i0.wp.com\/www.panfletonegro.com\/v\/wp-content\/uploads\/2012\/10\/AndresEloyBlanco.jpg\"><img data-recalc-dims=\"1\" loading=\"lazy\" decoding=\"async\" data-attachment-id=\"30926\" data-permalink=\"https:\/\/www.panfletonegro.com\/v\/2012\/10\/17\/ejercicio-a-4-manos-con-edgar-buloz-que-hubiese-pasado-si\/andreseloyblanco\/\" data-orig-file=\"https:\/\/i0.wp.com\/www.panfletonegro.com\/v\/wp-content\/uploads\/2012\/10\/AndresEloyBlanco.jpg?fit=494%2C475&amp;ssl=1\" data-orig-size=\"494,475\" data-comments-opened=\"1\" data-image-meta=\"{&quot;aperture&quot;:&quot;0&quot;,&quot;credit&quot;:&quot;&quot;,&quot;camera&quot;:&quot;&quot;,&quot;caption&quot;:&quot;&quot;,&quot;created_timestamp&quot;:&quot;1348274242&quot;,&quot;copyright&quot;:&quot;&quot;,&quot;focal_length&quot;:&quot;0&quot;,&quot;iso&quot;:&quot;0&quot;,&quot;shutter_speed&quot;:&quot;0&quot;,&quot;title&quot;:&quot;&quot;}\" data-image-title=\"AndresEloyBlanco\" data-image-description=\"\" data-image-caption=\"\" data-large-file=\"https:\/\/i0.wp.com\/www.panfletonegro.com\/v\/wp-content\/uploads\/2012\/10\/AndresEloyBlanco.jpg?fit=494%2C475&amp;ssl=1\" src=\"https:\/\/i0.wp.com\/www.panfletonegro.com\/v\/wp-content\/uploads\/2012\/10\/AndresEloyBlanco-300x288.jpg?resize=300%2C288\" alt=\"\" title=\"AndresEloyBlanco\" width=\"300\" height=\"288\" class=\"aligncenter size-medium wp-image-30926\" srcset=\"https:\/\/i0.wp.com\/www.panfletonegro.com\/v\/wp-content\/uploads\/2012\/10\/AndresEloyBlanco.jpg?resize=300%2C288&amp;ssl=1 300w, https:\/\/i0.wp.com\/www.panfletonegro.com\/v\/wp-content\/uploads\/2012\/10\/AndresEloyBlanco.jpg?resize=320%2C307&amp;ssl=1 320w, https:\/\/i0.wp.com\/www.panfletonegro.com\/v\/wp-content\/uploads\/2012\/10\/AndresEloyBlanco.jpg?resize=145%2C139&amp;ssl=1 145w, https:\/\/i0.wp.com\/www.panfletonegro.com\/v\/wp-content\/uploads\/2012\/10\/AndresEloyBlanco.jpg?w=494&amp;ssl=1 494w\" sizes=\"auto, (max-width: 300px) 100vw, 300px\" \/><\/a><\/p>\n<p><strong>Caracas, 20 de mayo de 1995<\/strong><\/p>\n<p>\u201cA pesar del decreto de luto nacional por la muerte del ex presidente R\u00f3mulo Betancourt, los dos conciertos restantes de Queen, en septiembre de 1981, no fueron suspendidos. Gracias a los tres primeros conciertos, se pudieron arreglar problemas t\u00e9cnicos que se presentaron, y despu\u00e9s de disfrutar de la noche nocturna caraque\u00f1a, Freddie Mercury amaneci\u00f3 de un especial buen humor. Los especialistas dicen que estos dos elementos confluyeron fortuitamente para que Queen diera en Caracas, los dos mejores conciertos del siglo XX seg\u00fan la revista Rolling Stone. Infinitas han sido las cr\u00f3nicas, reportajes y v\u00eddeos que demuestran (no completamente, hab\u00eda que estar ah\u00ed) que lo que pas\u00f3 esas dos noches en el poliedro de Caracas es no s\u00f3lo incre\u00edble, indescriptible, tambi\u00e9n fue absurdo. Mercury como jam\u00e1s hab\u00eda estado en un escenario, los instrumentos sonaban m\u00e1s all\u00e1 de lo perfecto, Queen era la fuerza extraordinaria jam\u00e1s vista en la historia. De regreso a Londres, meses despu\u00e9s, Freedie estuvo con David Bowie, qui\u00e9n qued\u00f3 tan impresiona con lo que le cont\u00f3 Mercury sobre los concierto que nunca se suspendieron, que decidi\u00f3 hacer una gira en Latinoam\u00e9rica y cerr\u00f3 en Caracas, siendo \u00e9ste el segundo mejor concierto del siglo XX seg\u00fan la revista Rolling Stone. 10 a\u00f1os despu\u00e9s, en el funeral de Freedie Mercury, el mundo se infart\u00f3, cuando vieron aparecer a John Lennon, quien explic\u00f3 que hab\u00eda fingido su muerte para estar solo y encontrarse consigo mismo, pero decidi\u00f3 salir a la luz p\u00fablica porque era su deber despedirse de la mejor voz de la historia del rock. En medio de la alegr\u00eda y la tristeza, durante el funeral, los Beatles decidieron reunirse para dar un \u00faltimo concierto, y despu\u00e9s de escuchar los relatos extasiado de Bowie, decidieron abrir la gira en Caracas, donde Los Beatles cantaron todos sus \u00e9xitos, tuvieron de invitado a Eric Clapton, y John Lennon cant\u00f3, por primera vez en la historia, las \u00fanicas cinco canciones que escribi\u00f3 durante su exilio de 11 a\u00f1os. Este concierto qued\u00f3 empatado en el primer lugar, junto con Queen, como el mejor concierto del siglo XX seg\u00fan la revista Rolling Stone\u201d<\/p>\n<p><em>(El Diario de Caracas, p\u00e1g 15, 1995)<\/em><\/p>\n<p><a href=\"https:\/\/i0.wp.com\/www.panfletonegro.com\/v\/wp-content\/uploads\/2012\/10\/51PGDFFDV8L._SS500_.jpg\"><img data-recalc-dims=\"1\" loading=\"lazy\" decoding=\"async\" data-attachment-id=\"30927\" data-permalink=\"https:\/\/www.panfletonegro.com\/v\/2012\/10\/17\/ejercicio-a-4-manos-con-edgar-buloz-que-hubiese-pasado-si\/51pgdffdv8l-_ss500_\/\" data-orig-file=\"https:\/\/i0.wp.com\/www.panfletonegro.com\/v\/wp-content\/uploads\/2012\/10\/51PGDFFDV8L._SS500_.jpg?fit=500%2C500&amp;ssl=1\" data-orig-size=\"500,500\" data-comments-opened=\"1\" data-image-meta=\"{&quot;aperture&quot;:&quot;0&quot;,&quot;credit&quot;:&quot;&quot;,&quot;camera&quot;:&quot;&quot;,&quot;caption&quot;:&quot;&quot;,&quot;created_timestamp&quot;:&quot;0&quot;,&quot;copyright&quot;:&quot;&quot;,&quot;focal_length&quot;:&quot;0&quot;,&quot;iso&quot;:&quot;0&quot;,&quot;shutter_speed&quot;:&quot;0&quot;,&quot;title&quot;:&quot;&quot;}\" data-image-title=\"51PGDFFDV8L._SS500_\" data-image-description=\"\" data-image-caption=\"\" data-large-file=\"https:\/\/i0.wp.com\/www.panfletonegro.com\/v\/wp-content\/uploads\/2012\/10\/51PGDFFDV8L._SS500_.jpg?fit=500%2C500&amp;ssl=1\" src=\"https:\/\/i0.wp.com\/www.panfletonegro.com\/v\/wp-content\/uploads\/2012\/10\/51PGDFFDV8L._SS500_-300x300.jpg?resize=300%2C300\" alt=\"\" title=\"51PGDFFDV8L._SS500_\" width=\"300\" height=\"300\" class=\"aligncenter size-medium wp-image-30927\" srcset=\"https:\/\/i0.wp.com\/www.panfletonegro.com\/v\/wp-content\/uploads\/2012\/10\/51PGDFFDV8L._SS500_.jpg?resize=300%2C300&amp;ssl=1 300w, https:\/\/i0.wp.com\/www.panfletonegro.com\/v\/wp-content\/uploads\/2012\/10\/51PGDFFDV8L._SS500_.jpg?resize=150%2C150&amp;ssl=1 150w, https:\/\/i0.wp.com\/www.panfletonegro.com\/v\/wp-content\/uploads\/2012\/10\/51PGDFFDV8L._SS500_.jpg?resize=320%2C320&amp;ssl=1 320w, https:\/\/i0.wp.com\/www.panfletonegro.com\/v\/wp-content\/uploads\/2012\/10\/51PGDFFDV8L._SS500_.jpg?resize=75%2C75&amp;ssl=1 75w, https:\/\/i0.wp.com\/www.panfletonegro.com\/v\/wp-content\/uploads\/2012\/10\/51PGDFFDV8L._SS500_.jpg?resize=210%2C210&amp;ssl=1 210w, https:\/\/i0.wp.com\/www.panfletonegro.com\/v\/wp-content\/uploads\/2012\/10\/51PGDFFDV8L._SS500_.jpg?resize=145%2C145&amp;ssl=1 145w, https:\/\/i0.wp.com\/www.panfletonegro.com\/v\/wp-content\/uploads\/2012\/10\/51PGDFFDV8L._SS500_.jpg?resize=495%2C495&amp;ssl=1 495w, https:\/\/i0.wp.com\/www.panfletonegro.com\/v\/wp-content\/uploads\/2012\/10\/51PGDFFDV8L._SS500_.jpg?w=500&amp;ssl=1 500w\" sizes=\"auto, (max-width: 300px) 100vw, 300px\" \/><\/a><\/p>\n<p><strong>Caracas, 20 de Noviembre de 1952<\/strong><\/p>\n<p>\u201c\u2026 Contin\u00faa la b\u00fasqueda del ex Ministro de la Defensa, Coronel Marcos Evangelista P\u00e9rez Jim\u00e9nez. Fuentes cercanas al Ministerio de la Defensa, informan que probablemente, el Oficial y ex Miembro de la Junta Militar de Gobierno, se encuentre en el Estado T\u00e1chira o intentando llegar a la frontera Colombo-Venezolana, presumiblemente con la intenci\u00f3n de huir al vecino pa\u00eds. La Naci\u00f3n llora y permanece consternada por el reciente asesinato del Presidente de la Junta Militar de Gobierno, Coronel Carlos Rom\u00e1n Delgado Chalbaud. P\u00e9rez Jim\u00e9nez, herido por una bala, durante el secuestro del ex Presidente, logr\u00f3 escaparse de la autoridades durante su traslado al Ministerio de la Defensa, para ser interrogado. La nueva Junta de Gobierno, encabezada por el ex Presidente, General Eleazar L\u00f3pez Contreras, ha informado al pa\u00eds, la necesidad de conservar la calma y \u2026\u201d<\/p>\n<p><em>(ACU\u00d1A, Vicente. P\u00e9rez Jim\u00e9nez: A\u00fan Pr\u00f3fugo. El Nacional, Caracas 20\/11\/52. Pol\u00edtica &#8211; p1.)<\/em><\/p>\n<p><a href=\"https:\/\/i0.wp.com\/www.panfletonegro.com\/v\/wp-content\/uploads\/2012\/10\/PerezJimenez.jpg\"><img data-recalc-dims=\"1\" loading=\"lazy\" decoding=\"async\" data-attachment-id=\"30928\" data-permalink=\"https:\/\/www.panfletonegro.com\/v\/2012\/10\/17\/ejercicio-a-4-manos-con-edgar-buloz-que-hubiese-pasado-si\/perezjimenez\/\" data-orig-file=\"https:\/\/i0.wp.com\/www.panfletonegro.com\/v\/wp-content\/uploads\/2012\/10\/PerezJimenez.jpg?fit=187%2C260&amp;ssl=1\" data-orig-size=\"187,260\" data-comments-opened=\"1\" data-image-meta=\"{&quot;aperture&quot;:&quot;0&quot;,&quot;credit&quot;:&quot;&quot;,&quot;camera&quot;:&quot;&quot;,&quot;caption&quot;:&quot;&quot;,&quot;created_timestamp&quot;:&quot;0&quot;,&quot;copyright&quot;:&quot;&quot;,&quot;focal_length&quot;:&quot;0&quot;,&quot;iso&quot;:&quot;0&quot;,&quot;shutter_speed&quot;:&quot;0&quot;,&quot;title&quot;:&quot;&quot;}\" data-image-title=\"PerezJimenez\" data-image-description=\"\" data-image-caption=\"\" data-large-file=\"https:\/\/i0.wp.com\/www.panfletonegro.com\/v\/wp-content\/uploads\/2012\/10\/PerezJimenez.jpg?fit=187%2C260&amp;ssl=1\" src=\"https:\/\/i0.wp.com\/www.panfletonegro.com\/v\/wp-content\/uploads\/2012\/10\/PerezJimenez.jpg?resize=187%2C260\" alt=\"\" title=\"PerezJimenez\" width=\"187\" height=\"260\" class=\"aligncenter size-full wp-image-30928\" srcset=\"https:\/\/i0.wp.com\/www.panfletonegro.com\/v\/wp-content\/uploads\/2012\/10\/PerezJimenez.jpg?w=187&amp;ssl=1 187w, https:\/\/i0.wp.com\/www.panfletonegro.com\/v\/wp-content\/uploads\/2012\/10\/PerezJimenez.jpg?resize=145%2C201&amp;ssl=1 145w\" sizes=\"auto, (max-width: 187px) 100vw, 187px\" \/><\/a><\/p>\n<p><strong>Madrid, 10 de Julio de 2017<\/strong><\/p>\n<p>\u201cEl mercado del arte se estremeci\u00f3 cuando se confirm\u00f3 la noticia de la subasta que se llevar\u00e1 a cabo para vender el Ecce Homo de Borja pintado por Cecilia Gim\u00e9nez. Museos y coleccionistas privados de todo el mundo se reunir\u00e1n en Nueva York para tratar de adquirir la controversial obra, la cual comenzar\u00e1 a ser ofertada con un precio base de 3.280.000 d\u00f3lares. En el 2012 la noticia de la desastrosa \u201crestauraci\u00f3n\u201d perpetrada por Cecilia Gim\u00e9nez que le dio la vuelta al mundo, se convirti\u00f3 en sorpresa cuando la obra se convirti\u00f3 en un icono popular y finalmente pas\u00f3 a ser una obra de culto codiciada por los m\u00e1s importantes museos del mundo. Despu\u00e9s de un largo proceso legal se le dio  el derecho a la autora para terminar el cuadro, tal cual era su deseo, pero una vez en frente, con pincel en mano, dijo: \u201cEsto siempre estuvo terminado\u201d, y procedi\u00f3 a pintar sus iniciales (C.G.) con amarillo mostaza. Los especialistas en el tema concuerdan que el Ecce Mono (como se le conoce popularmente) pintado por do\u00f1a Cecilia Gim\u00e9nez, es un hito que revoluciono siglos de arte religioso y  que despu\u00e9s de esta obra nadie puede predecir, por primera vez en siglos, el destino de la pintura religiosa moderna. Cuando se le pregunta a Do\u00f1a Cecilia, de 87 a\u00f1os, en qu\u00e9 se inspir\u00f3 para pintar su versi\u00f3n del Ecce Homo, invariablemente responde: \u201cEl cura lo sab\u00eda\u201d. <\/p>\n<p><em>(Noticia publicada en El Pa\u00eds, Madrid, Espa\u00f1a, 10\/07\/2017)<\/em><\/p>\n<p><a href=\"https:\/\/i0.wp.com\/www.panfletonegro.com\/v\/wp-content\/uploads\/2012\/10\/1345625028_0.jpg\"><img data-recalc-dims=\"1\" loading=\"lazy\" decoding=\"async\" data-attachment-id=\"30929\" data-permalink=\"https:\/\/www.panfletonegro.com\/v\/2012\/10\/17\/ejercicio-a-4-manos-con-edgar-buloz-que-hubiese-pasado-si\/1345625028_0\/\" data-orig-file=\"https:\/\/i0.wp.com\/www.panfletonegro.com\/v\/wp-content\/uploads\/2012\/10\/1345625028_0.jpg?fit=470%2C313&amp;ssl=1\" data-orig-size=\"470,313\" data-comments-opened=\"1\" data-image-meta=\"{&quot;aperture&quot;:&quot;0&quot;,&quot;credit&quot;:&quot;&quot;,&quot;camera&quot;:&quot;&quot;,&quot;caption&quot;:&quot;&quot;,&quot;created_timestamp&quot;:&quot;0&quot;,&quot;copyright&quot;:&quot;&quot;,&quot;focal_length&quot;:&quot;0&quot;,&quot;iso&quot;:&quot;0&quot;,&quot;shutter_speed&quot;:&quot;0&quot;,&quot;title&quot;:&quot;&quot;}\" data-image-title=\"1345625028_0\" data-image-description=\"\" data-image-caption=\"\" data-large-file=\"https:\/\/i0.wp.com\/www.panfletonegro.com\/v\/wp-content\/uploads\/2012\/10\/1345625028_0.jpg?fit=470%2C313&amp;ssl=1\" src=\"https:\/\/i0.wp.com\/www.panfletonegro.com\/v\/wp-content\/uploads\/2012\/10\/1345625028_0-300x199.jpg?resize=300%2C199\" alt=\"\" title=\"1345625028_0\" width=\"300\" height=\"199\" class=\"aligncenter size-medium wp-image-30929\" srcset=\"https:\/\/i0.wp.com\/www.panfletonegro.com\/v\/wp-content\/uploads\/2012\/10\/1345625028_0.jpg?resize=300%2C199&amp;ssl=1 300w, https:\/\/i0.wp.com\/www.panfletonegro.com\/v\/wp-content\/uploads\/2012\/10\/1345625028_0.jpg?resize=320%2C213&amp;ssl=1 320w, https:\/\/i0.wp.com\/www.panfletonegro.com\/v\/wp-content\/uploads\/2012\/10\/1345625028_0.jpg?resize=145%2C96&amp;ssl=1 145w, https:\/\/i0.wp.com\/www.panfletonegro.com\/v\/wp-content\/uploads\/2012\/10\/1345625028_0.jpg?w=470&amp;ssl=1 470w\" sizes=\"auto, (max-width: 300px) 100vw, 300px\" \/><\/a><\/p>\n<p><strong>Caracas, 31 de Diciembre de 1962 \u2013 1 de Enero de 1963<\/strong><\/p>\n<p>\u201c\u2026 La imagen parece repetida, pero no lo es. El mundo a\u00fan recuerda con entusiasmo la entrada de los \u201cBarbudos de la Sierra Maestra\u201d a la ciudad de La Habana, hace ya casi  cuatro a\u00f1os. Ahora, despu\u00e9s de dos a\u00f1os de lucha, el sue\u00f1o soberano e independentista de nuestros nuevos libertadores, se repite. Nuestros H\u00e9roes, nuestros \u201cBarbudos\u201d criollos, entran triunfantes a Caracas. Una multitud, como nunca antes vista en nuestro pa\u00eds, los reciben y acompa\u00f1an durante su recorrido por la capital, para finalmente dirigirse hacia el Palacio de Miraflores. Los Capitanes de Nav\u00edo V\u00edctor Hugo Morales y Manuel Ponte Rodr\u00edguez, los Capitanes de Corbeta Pedro Medina Silva y Jes\u00fas Teodoro Molina Villegas, el Teniente Coronel Juan de Dios Mocada Vidal, el Mayor Pedro Vegas Castej\u00f3n, el Teniente Fleming Mendoza y otros militares patriotas, antiimperialistas y revolucionarios, acompa\u00f1ados de algunos civiles del MIR y del PCV, como Don Guillermo Garc\u00eda Ponce, Pompeyo M\u00e1rquez, Don Gustavo Machado y otros, ya se encuentran en el Palacio de Gobierno.  El resto de las Fuerzas Armadas Nacionales (FAN), ahora FALN (Fuerzas Armadas de Liberaci\u00f3n Nacional), se han plegado en conjunto, a este proceso in\u00e9dito en la historia de Suram\u00e9rica. La llegada de los -hasta ayer- \u201crebeldes\u201d es lo \u00fanico que falta para la conformaci\u00f3n oficial de la Junta Revolucionaria de Gobierno. El Comandante Douglas Bravo, sonriente, es el centro de atenci\u00f3n y de elogios. A su lado, se encuentran Am\u00e9rico Mart\u00edn, Gabriel Puerta Aponte, Sim\u00f3n S\u00e1ez M\u00e9rida, Fabricio Ojeda, Luben y Teodoro Petkoff, Eloy Torres e incontables guerrilleros, seguidos del resto de milicianos que levantaron las armas contra el gobierno pitiyanqui del fallecido Betancourt. Todos levantan los pu\u00f1os en se\u00f1al de victoria. La Uni\u00f3n Sovi\u00e9tica y Cuba \u2013Padre y Madre, respectivamente, de esta Revoluci\u00f3n- han sido los primeros pa\u00edses en reconocer al nuevo gobierno, y esperamos que en los pr\u00f3ximos d\u00edas otras naciones sigan\u2026.\u201d<\/p>\n<p><em>(Extracto de la Narraci\u00f3n emitida por Radio Nacional Revolucionaria de Venezuela, en celebraci\u00f3n del Vig\u00e9simo Aniversario del triunfo Revoluci\u00f3n  Socialista Sovi\u00e9tica en Venezuela, Caracas: 1ero de Enero de 1983)<\/em><\/p>\n<p><a href=\"https:\/\/i0.wp.com\/www.panfletonegro.com\/v\/wp-content\/uploads\/2012\/10\/Guerrileros.jpg\"><img data-recalc-dims=\"1\" loading=\"lazy\" decoding=\"async\" data-attachment-id=\"30930\" data-permalink=\"https:\/\/www.panfletonegro.com\/v\/2012\/10\/17\/ejercicio-a-4-manos-con-edgar-buloz-que-hubiese-pasado-si\/guerrileros\/\" data-orig-file=\"https:\/\/i0.wp.com\/www.panfletonegro.com\/v\/wp-content\/uploads\/2012\/10\/Guerrileros.jpg?fit=590%2C477&amp;ssl=1\" data-orig-size=\"590,477\" data-comments-opened=\"1\" data-image-meta=\"{&quot;aperture&quot;:&quot;0&quot;,&quot;credit&quot;:&quot;&quot;,&quot;camera&quot;:&quot;&quot;,&quot;caption&quot;:&quot;&quot;,&quot;created_timestamp&quot;:&quot;1348274320&quot;,&quot;copyright&quot;:&quot;&quot;,&quot;focal_length&quot;:&quot;0&quot;,&quot;iso&quot;:&quot;0&quot;,&quot;shutter_speed&quot;:&quot;0&quot;,&quot;title&quot;:&quot;&quot;}\" data-image-title=\"Guerrileros\" data-image-description=\"\" data-image-caption=\"\" data-large-file=\"https:\/\/i0.wp.com\/www.panfletonegro.com\/v\/wp-content\/uploads\/2012\/10\/Guerrileros.jpg?fit=590%2C477&amp;ssl=1\" src=\"https:\/\/i0.wp.com\/www.panfletonegro.com\/v\/wp-content\/uploads\/2012\/10\/Guerrileros-300x242.jpg?resize=300%2C242\" alt=\"\" title=\"Guerrileros\" width=\"300\" height=\"242\" class=\"aligncenter size-medium wp-image-30930\" srcset=\"https:\/\/i0.wp.com\/www.panfletonegro.com\/v\/wp-content\/uploads\/2012\/10\/Guerrileros.jpg?resize=300%2C242&amp;ssl=1 300w, https:\/\/i0.wp.com\/www.panfletonegro.com\/v\/wp-content\/uploads\/2012\/10\/Guerrileros.jpg?resize=320%2C258&amp;ssl=1 320w, https:\/\/i0.wp.com\/www.panfletonegro.com\/v\/wp-content\/uploads\/2012\/10\/Guerrileros.jpg?resize=145%2C117&amp;ssl=1 145w, https:\/\/i0.wp.com\/www.panfletonegro.com\/v\/wp-content\/uploads\/2012\/10\/Guerrileros.jpg?resize=495%2C400&amp;ssl=1 495w, https:\/\/i0.wp.com\/www.panfletonegro.com\/v\/wp-content\/uploads\/2012\/10\/Guerrileros.jpg?w=590&amp;ssl=1 590w\" sizes=\"auto, (max-width: 300px) 100vw, 300px\" \/><\/a><\/p>\n<p><strong>Groenlandia, 17 de Octubre de 2012<\/strong><\/p>\n<p>\u201cLa Gran Colombia (Rep\u00fablica de Colombia) har\u00e1 referendo para cambiarse el nombre. Despu\u00e9s de haber logrado el ascenso m\u00e1s espectacular de la d\u00e9cada, disminuir a un m\u00ednimo hist\u00f3rico la pobreza, ubicarse en el primer puesto mundial con la mejor educaci\u00f3n gratuita del mundo, y entrar a El grupo de los 9 para acompa\u00f1ar al resto de las potencias del mundo, la Corte Suprema de La Gran Colombia falla a favor del referendo que le podr\u00eda cambiar el nombre a este pa\u00eds latinoam\u00e9ricano. Psiquiatras y psic\u00f3logos expresan su profundo rechazo a este desprop\u00f3sito ya que traer\u00eda una crisis de identidad desastrosa, pero muchos habitantes del pa\u00eds expresan su deseo de un cambio porque el nombre \u201cGran Colombia\u201d, les parece muy aburrido y anticuado. Las opciones ser\u00e1n Colombia, Panam\u00e1, Ecuador, Venezuela, Veeco, y Gran Colombia. Dado que esta naci\u00f3n ostenta uno de los gobiernos electr\u00f3nicos m\u00e1s eficientes del mundo, el cambio de nombre no entra\u00f1a gran dificultad t\u00e9cnica. Pero los Chamanes de las comunidades ind\u00edgenas que habitan este territorio advierten que de darse el cambio, caer\u00e1 una maldici\u00f3n milenaria sobre todo el pa\u00eds. La sociedad grancolombiana no hab\u00eda estado tan conmocionada por un hecho, desde que, hace un a\u00f1o, apareci\u00f3 una ballena muerta en la costa de Ecuador.\u201d<\/p>\n<p><em>(Gnews, p\u00e1g 6, 2012)<\/em><\/p>\n<p>As\u00ed luce actualmente La Gran Colombia que so\u00f1\u00f3 Bol\u00edvar<\/p>\n<p><a href=\"https:\/\/i0.wp.com\/www.panfletonegro.com\/v\/wp-content\/uploads\/2012\/10\/dubai-.jpg\"><img data-recalc-dims=\"1\" loading=\"lazy\" decoding=\"async\" data-attachment-id=\"30931\" data-permalink=\"https:\/\/www.panfletonegro.com\/v\/2012\/10\/17\/ejercicio-a-4-manos-con-edgar-buloz-que-hubiese-pasado-si\/dubai\/\" data-orig-file=\"https:\/\/i0.wp.com\/www.panfletonegro.com\/v\/wp-content\/uploads\/2012\/10\/dubai-.jpg?fit=1024%2C768&amp;ssl=1\" data-orig-size=\"1024,768\" data-comments-opened=\"1\" data-image-meta=\"{&quot;aperture&quot;:&quot;0&quot;,&quot;credit&quot;:&quot;&quot;,&quot;camera&quot;:&quot;&quot;,&quot;caption&quot;:&quot;&quot;,&quot;created_timestamp&quot;:&quot;0&quot;,&quot;copyright&quot;:&quot;&quot;,&quot;focal_length&quot;:&quot;0&quot;,&quot;iso&quot;:&quot;0&quot;,&quot;shutter_speed&quot;:&quot;0&quot;,&quot;title&quot;:&quot;&quot;}\" data-image-title=\"dubai-\" data-image-description=\"\" data-image-caption=\"\" data-large-file=\"https:\/\/i0.wp.com\/www.panfletonegro.com\/v\/wp-content\/uploads\/2012\/10\/dubai-.jpg?fit=696%2C522&amp;ssl=1\" src=\"https:\/\/i0.wp.com\/www.panfletonegro.com\/v\/wp-content\/uploads\/2012\/10\/dubai--300x225.jpg?resize=300%2C225\" alt=\"\" title=\"dubai-\" width=\"300\" height=\"225\" class=\"aligncenter size-medium wp-image-30931\" srcset=\"https:\/\/i0.wp.com\/www.panfletonegro.com\/v\/wp-content\/uploads\/2012\/10\/dubai-.jpg?resize=300%2C225&amp;ssl=1 300w, https:\/\/i0.wp.com\/www.panfletonegro.com\/v\/wp-content\/uploads\/2012\/10\/dubai-.jpg?resize=320%2C240&amp;ssl=1 320w, https:\/\/i0.wp.com\/www.panfletonegro.com\/v\/wp-content\/uploads\/2012\/10\/dubai-.jpg?resize=145%2C108&amp;ssl=1 145w, https:\/\/i0.wp.com\/www.panfletonegro.com\/v\/wp-content\/uploads\/2012\/10\/dubai-.jpg?resize=495%2C371&amp;ssl=1 495w, https:\/\/i0.wp.com\/www.panfletonegro.com\/v\/wp-content\/uploads\/2012\/10\/dubai-.jpg?resize=670%2C502&amp;ssl=1 670w, https:\/\/i0.wp.com\/www.panfletonegro.com\/v\/wp-content\/uploads\/2012\/10\/dubai-.jpg?w=1024&amp;ssl=1 1024w\" sizes=\"auto, (max-width: 300px) 100vw, 300px\" \/><\/a><\/p>\n","protected":false},"excerpt":{"rendered":"<p>Con mi amigo Edgar decid\u00ed jugar al what if partiendo de un hecho hist\u00f3rico o ucron\u00edas, que son el resultado de un ejercicio mental que responde a la pregunta \u00ab\u00bfQu\u00e9 habr\u00eda pasado si &#8230;?\u00bb Caracas, 4 de Febrero de 1992 \u201c\u2026\u201cPresidente, p\u00eddale perd\u00f3n a este pueblo noble, por estos 30 a\u00f1os de corrupci\u00f3n y traici\u00f3n [&hellip;]<\/p>\n","protected":false},"author":1047,"featured_media":30924,"comment_status":"open","ping_status":"open","sticky":false,"template":"","format":"standard","meta":{"jetpack_post_was_ever_published":false,"_jetpack_newsletter_access":"","_jetpack_dont_email_post_to_subs":false,"_jetpack_newsletter_tier_id":0,"_jetpack_memberships_contains_paywalled_content":false,"_jetpack_memberships_contains_paid_content":false,"footnotes":"","jetpack_publicize_message":"","jetpack_publicize_feature_enabled":true,"jetpack_social_post_already_shared":false,"jetpack_social_options":{"image_generator_settings":{"template":"highway","default_image_id":0,"font":"","enabled":false},"version":2}},"categories":[2439],"tags":[2192,2119,1929],"class_list":{"0":"post-30923","1":"post","2":"type-post","3":"status-publish","4":"format-standard","5":"has-post-thumbnail","7":"category-arte","8":"tag-2192","9":"tag-ejercicio-a-4-manos","10":"tag-ejercicio-a-cuatro-manos"},"jetpack_publicize_connections":[],"jetpack_featured_media_url":"https:\/\/i0.wp.com\/www.panfletonegro.com\/v\/wp-content\/uploads\/2012\/10\/CarlosAndresPerez.jpg?fit=316%2C226&ssl=1","jetpack_shortlink":"https:\/\/wp.me\/pfpCD-82L","jetpack_sharing_enabled":true,"_links":{"self":[{"href":"https:\/\/www.panfletonegro.com\/v\/wp-json\/wp\/v2\/posts\/30923","targetHints":{"allow":["GET"]}}],"collection":[{"href":"https:\/\/www.panfletonegro.com\/v\/wp-json\/wp\/v2\/posts"}],"about":[{"href":"https:\/\/www.panfletonegro.com\/v\/wp-json\/wp\/v2\/types\/post"}],"author":[{"embeddable":true,"href":"https:\/\/www.panfletonegro.com\/v\/wp-json\/wp\/v2\/users\/1047"}],"replies":[{"embeddable":true,"href":"https:\/\/www.panfletonegro.com\/v\/wp-json\/wp\/v2\/comments?post=30923"}],"version-history":[{"count":0,"href":"https:\/\/www.panfletonegro.com\/v\/wp-json\/wp\/v2\/posts\/30923\/revisions"}],"wp:featuredmedia":[{"embeddable":true,"href":"https:\/\/www.panfletonegro.com\/v\/wp-json\/wp\/v2\/media\/30924"}],"wp:attachment":[{"href":"https:\/\/www.panfletonegro.com\/v\/wp-json\/wp\/v2\/media?parent=30923"}],"wp:term":[{"taxonomy":"category","embeddable":true,"href":"https:\/\/www.panfletonegro.com\/v\/wp-json\/wp\/v2\/categories?post=30923"},{"taxonomy":"post_tag","embeddable":true,"href":"https:\/\/www.panfletonegro.com\/v\/wp-json\/wp\/v2\/tags?post=30923"}],"curies":[{"name":"wp","href":"https:\/\/api.w.org\/{rel}","templated":true}]}}