{"id":30448,"date":"2012-10-09T01:08:51","date_gmt":"2012-10-09T05:38:51","guid":{"rendered":"http:\/\/www.panfletonegro.com\/v\/?p=30448"},"modified":"2013-03-13T07:21:18","modified_gmt":"2013-03-13T11:51:18","slug":"fraudeeeeeeeeeeeeeeeeee","status":"publish","type":"post","link":"https:\/\/www.panfletonegro.com\/v\/2012\/10\/09\/fraudeeeeeeeeeeeeeeeeee\/","title":{"rendered":"Fraudeeeeeeeeeeeeeeeeee"},"content":{"rendered":"<p><a href=\"https:\/\/i0.wp.com\/www.panfletonegro.com\/v\/wp-content\/uploads\/2012\/10\/Fraudeeeeee.jpg\"><img data-recalc-dims=\"1\" loading=\"lazy\" decoding=\"async\" data-attachment-id=\"30449\" data-permalink=\"https:\/\/www.panfletonegro.com\/v\/2012\/10\/09\/fraudeeeeeeeeeeeeeeeeee\/fraudeeeeee\/\" data-orig-file=\"https:\/\/i0.wp.com\/www.panfletonegro.com\/v\/wp-content\/uploads\/2012\/10\/Fraudeeeeee.jpg?fit=605%2C459&amp;ssl=1\" data-orig-size=\"605,459\" data-comments-opened=\"1\" data-image-meta=\"{&quot;aperture&quot;:&quot;0&quot;,&quot;credit&quot;:&quot;&quot;,&quot;camera&quot;:&quot;&quot;,&quot;caption&quot;:&quot;&quot;,&quot;created_timestamp&quot;:&quot;0&quot;,&quot;copyright&quot;:&quot;&quot;,&quot;focal_length&quot;:&quot;0&quot;,&quot;iso&quot;:&quot;0&quot;,&quot;shutter_speed&quot;:&quot;0&quot;,&quot;title&quot;:&quot;&quot;}\" data-image-title=\"Fraudeeeeee\" data-image-description=\"\" data-image-caption=\"\" data-large-file=\"https:\/\/i0.wp.com\/www.panfletonegro.com\/v\/wp-content\/uploads\/2012\/10\/Fraudeeeeee.jpg?fit=605%2C459&amp;ssl=1\" class=\"aligncenter size-full wp-image-30449\" alt=\"\" src=\"https:\/\/i0.wp.com\/www.panfletonegro.com\/v\/wp-content\/uploads\/2012\/10\/Fraudeeeeee.jpg?resize=605%2C459\" width=\"605\" height=\"459\" srcset=\"https:\/\/i0.wp.com\/www.panfletonegro.com\/v\/wp-content\/uploads\/2012\/10\/Fraudeeeeee.jpg?w=605&amp;ssl=1 605w, https:\/\/i0.wp.com\/www.panfletonegro.com\/v\/wp-content\/uploads\/2012\/10\/Fraudeeeeee.jpg?resize=300%2C227&amp;ssl=1 300w, https:\/\/i0.wp.com\/www.panfletonegro.com\/v\/wp-content\/uploads\/2012\/10\/Fraudeeeeee.jpg?resize=320%2C242&amp;ssl=1 320w, https:\/\/i0.wp.com\/www.panfletonegro.com\/v\/wp-content\/uploads\/2012\/10\/Fraudeeeeee.jpg?resize=145%2C110&amp;ssl=1 145w, https:\/\/i0.wp.com\/www.panfletonegro.com\/v\/wp-content\/uploads\/2012\/10\/Fraudeeeeee.jpg?resize=495%2C375&amp;ssl=1 495w\" sizes=\"auto, (max-width: 605px) 100vw, 605px\" \/><\/a><\/p>\n<h4><em>pen-deja vu: Situaci\u00f3n est\u00fapida que parece haber sido vivida con anterioridad.<\/em><\/h4>\n<p>Gracias a los imb\u00e9ciles protestando en Altamira. Se van a ver bellos en La Hojilla.<\/p>\n<p>Gracias por darles combustible a los del gobierno para fotos y videos que van a sacar los pr\u00f3ximos seis a\u00f1os para justificar cualquier cosa y desprestigiar cualquier denuncia. Espero que se sientan muy defensores de la democracia, a pesar de que <a href=\"http:\/\/www.cne.gob.ve\/resultado_presidencial_2012\/r\/2\/reg_131801.html\">Chacao tuvo una abstenci\u00f3n mayor a la abstenci\u00f3n nacional<\/a>. Gracias por botar 10 a\u00f1os de esfuerzos por la borda y aplicar el guion de 2002 sin cambio de escenario, s\u00f3lo de reparto.<\/p>\n<p>Gracias a <a href=\"https:\/\/twitter.com\/YonGoicoechea\/status\/255509521894621185\">Yon Goicoche<\/a>a, al <a href=\"https:\/\/twitter.com\/PadreJosePalmar\">Padre Palmar<\/a> y a <a href=\"https:\/\/twitter.com\/PABLOMEDINAML\">Pablo Medina<\/a> por mostrarnos definitivamente que son politiqueros irresponsables, cuasioligofr\u00e9nicos, que viven en otro mundo y que no merecen ni respeto ni atenci\u00f3n. Gracias por demostrarnos que no tienen la menor idea del pa\u00eds en que viven y que jam\u00e1s merecen ser tratados con seriedad en niguna discusi\u00f3n pol\u00edtica.<\/p>\n<p>Gracias, se\u00f1ores manifestantes, sobre todo, por hacerme entender algo: En verdad nos merecemos este gobierno y no s\u00f3lo porque los chavistas votaron a su favor. Sino porque la desconexi\u00f3n de ustedes con la realidad es tal que elimina la posibilidad de una campa\u00f1a efectiva que alcance a quien necesita convencer. Gracias por demostrarnos su grotesca falta de autocr\u00edtica, porque si perdieron en Nueva Esparta o en Zulia no se sentaron a pensar por qu\u00e9 pudieron haber perdido en un estado que supuestamentemente los apoya. No, m\u00e1s f\u00e1cil que entender y asumir sus equivocaciones es empezar a gritar\u00a0<strong>fraudeeeeee<\/strong> con la total arrogancia de quien <em>sabe<\/em> que el estado es \u00absuyo\u00bb y ni siquiera considera que lo tiene que trabajar. La culpa es de <em>ellos<\/em>, no <em>m\u00eda<\/em>, al mejor estilo de carajito malcriado. Se\u00f1ores, si ustedes causan estos niveles de desprecio, asco y repulsi\u00f3n en este opositor recalcitrante que jam\u00e1s ha votado por Ch\u00e1vez, \u00bfC\u00f3mo creen que los ve el resto del pa\u00eds? Piensen un poco.<\/p>\n<p>Mis gracias a Henrique, a Aveledo y a Briquet entre otros, por construir la campa\u00f1a, la confianza y la madurez pol\u00edtica que estas personas ciegas de rabia y de privilegios, que piensan que m\u00e1gicamente merecen la victoria porque patalean muy duro est\u00e1n destruyendo.<\/p>\n<p>Me voy a dormir, f\u00farico, pero m\u00e1s tranquilo que anoche. En este pa\u00eds somos tal para cual. Ya no me voy a sentir culpable por mandarlo todo al garete.<\/p>\n","protected":false},"excerpt":{"rendered":"<p>pen-deja vu: Situaci\u00f3n est\u00fapida que parece haber sido vivida con anterioridad. Gracias a los imb\u00e9ciles protestando en Altamira. Se van a ver bellos en La Hojilla. Gracias por darles combustible a los del gobierno para fotos y videos que van a sacar los pr\u00f3ximos seis a\u00f1os para justificar cualquier cosa y desprestigiar cualquier denuncia. Espero [&hellip;]<\/p>\n","protected":false},"author":1102,"featured_media":30449,"comment_status":"open","ping_status":"open","sticky":false,"template":"","format":"standard","meta":{"jetpack_post_was_ever_published":false,"_jetpack_newsletter_access":"","_jetpack_dont_email_post_to_subs":false,"_jetpack_newsletter_tier_id":0,"_jetpack_memberships_contains_paywalled_content":false,"_jetpack_memberships_contains_paid_content":false,"footnotes":"","jetpack_publicize_message":"","jetpack_publicize_feature_enabled":true,"jetpack_social_post_already_shared":false,"jetpack_social_options":{"image_generator_settings":{"template":"highway","default_image_id":0,"font":"","enabled":false},"version":2}},"categories":[1],"tags":[2103,804,249,2110,2109,2093,2107,2108],"class_list":{"0":"post-30448","1":"post","2":"type-post","3":"status-publish","4":"format-standard","5":"has-post-thumbnail","7":"category-azares","8":"tag-8o","9":"tag-delirio-paranoico","10":"tag-fanatismo","11":"tag-pablo-medina","12":"tag-padre-jose-palmar","13":"tag-pajuos","14":"tag-pendejos","15":"tag-yon-goicochea"},"jetpack_publicize_connections":[],"jetpack_featured_media_url":"https:\/\/i0.wp.com\/www.panfletonegro.com\/v\/wp-content\/uploads\/2012\/10\/Fraudeeeeee.jpg?fit=605%2C459&ssl=1","jetpack_shortlink":"https:\/\/wp.me\/pfpCD-7V6","jetpack_sharing_enabled":true,"_links":{"self":[{"href":"https:\/\/www.panfletonegro.com\/v\/wp-json\/wp\/v2\/posts\/30448","targetHints":{"allow":["GET"]}}],"collection":[{"href":"https:\/\/www.panfletonegro.com\/v\/wp-json\/wp\/v2\/posts"}],"about":[{"href":"https:\/\/www.panfletonegro.com\/v\/wp-json\/wp\/v2\/types\/post"}],"author":[{"embeddable":true,"href":"https:\/\/www.panfletonegro.com\/v\/wp-json\/wp\/v2\/users\/1102"}],"replies":[{"embeddable":true,"href":"https:\/\/www.panfletonegro.com\/v\/wp-json\/wp\/v2\/comments?post=30448"}],"version-history":[{"count":0,"href":"https:\/\/www.panfletonegro.com\/v\/wp-json\/wp\/v2\/posts\/30448\/revisions"}],"wp:featuredmedia":[{"embeddable":true,"href":"https:\/\/www.panfletonegro.com\/v\/wp-json\/wp\/v2\/media\/30449"}],"wp:attachment":[{"href":"https:\/\/www.panfletonegro.com\/v\/wp-json\/wp\/v2\/media?parent=30448"}],"wp:term":[{"taxonomy":"category","embeddable":true,"href":"https:\/\/www.panfletonegro.com\/v\/wp-json\/wp\/v2\/categories?post=30448"},{"taxonomy":"post_tag","embeddable":true,"href":"https:\/\/www.panfletonegro.com\/v\/wp-json\/wp\/v2\/tags?post=30448"}],"curies":[{"name":"wp","href":"https:\/\/api.w.org\/{rel}","templated":true}]}}