{"id":30406,"date":"2012-10-11T22:04:16","date_gmt":"2012-10-12T02:34:16","guid":{"rendered":"http:\/\/www.panfletonegro.com\/v\/?p=30406"},"modified":"2012-10-12T18:33:16","modified_gmt":"2012-10-12T23:03:16","slug":"2012-entre-la-fe-y-el-auto-engano","status":"publish","type":"post","link":"https:\/\/www.panfletonegro.com\/v\/2012\/10\/11\/2012-entre-la-fe-y-el-auto-engano\/","title":{"rendered":"2012, entre la fe y el auto-enga\u00f1o."},"content":{"rendered":"<p><a href=\"https:\/\/i0.wp.com\/www.panfletonegro.com\/v\/wp-content\/uploads\/2012\/10\/2012.jpeg\"><img data-recalc-dims=\"1\" loading=\"lazy\" decoding=\"async\" data-attachment-id=\"30739\" data-permalink=\"https:\/\/www.panfletonegro.com\/v\/2012\/10\/11\/2012-entre-la-fe-y-el-auto-engano\/2012-2\/\" data-orig-file=\"https:\/\/i0.wp.com\/www.panfletonegro.com\/v\/wp-content\/uploads\/2012\/10\/2012.jpeg?fit=527%2C367&amp;ssl=1\" data-orig-size=\"527,367\" data-comments-opened=\"1\" data-image-meta=\"{&quot;aperture&quot;:&quot;0&quot;,&quot;credit&quot;:&quot;&quot;,&quot;camera&quot;:&quot;&quot;,&quot;caption&quot;:&quot;&quot;,&quot;created_timestamp&quot;:&quot;0&quot;,&quot;copyright&quot;:&quot;&quot;,&quot;focal_length&quot;:&quot;0&quot;,&quot;iso&quot;:&quot;0&quot;,&quot;shutter_speed&quot;:&quot;0&quot;,&quot;title&quot;:&quot;&quot;}\" data-image-title=\"2012\" data-image-description=\"\" data-image-caption=\"\" data-large-file=\"https:\/\/i0.wp.com\/www.panfletonegro.com\/v\/wp-content\/uploads\/2012\/10\/2012.jpeg?fit=527%2C367&amp;ssl=1\" class=\"alignnone size-medium wp-image-30739 aligncenter\" src=\"https:\/\/i0.wp.com\/www.panfletonegro.com\/v\/wp-content\/uploads\/2012\/10\/2012-300x208.jpeg?resize=300%2C208\" alt=\"\" width=\"300\" height=\"208\" srcset=\"https:\/\/i0.wp.com\/www.panfletonegro.com\/v\/wp-content\/uploads\/2012\/10\/2012.jpeg?resize=300%2C208&amp;ssl=1 300w, https:\/\/i0.wp.com\/www.panfletonegro.com\/v\/wp-content\/uploads\/2012\/10\/2012.jpeg?resize=320%2C222&amp;ssl=1 320w, https:\/\/i0.wp.com\/www.panfletonegro.com\/v\/wp-content\/uploads\/2012\/10\/2012.jpeg?resize=145%2C100&amp;ssl=1 145w, https:\/\/i0.wp.com\/www.panfletonegro.com\/v\/wp-content\/uploads\/2012\/10\/2012.jpeg?resize=495%2C344&amp;ssl=1 495w, https:\/\/i0.wp.com\/www.panfletonegro.com\/v\/wp-content\/uploads\/2012\/10\/2012.jpeg?w=527&amp;ssl=1 527w\" sizes=\"auto, (max-width: 300px) 100vw, 300px\" \/><\/a><span style=\"text-align: center\">Dedicado a las personas que se la pasan gritando \u00abfraude\u00bb y luego van derechito a votar una vez mas.<\/span><\/p>\n<p>El a\u00f1o 2012 es el a\u00f1o del Deja vu. La oposici\u00f3n Venezolana va a perder la elecciones presidenciales el 7 de octubre de 2012, vamos de cabeza al fracaso y muchos prefieren hacerse los locos y fingir que si vamos a ganar, y que \u201csi se puede.\u201d Los candidatos de la oposici\u00f3n no pueden acercarse, ni menos superar a Ch\u00e1vez en carisma, algo fundamental para conquistar a los votantes. Creo que el \u00fanico que trata de imitar a Ch\u00e1vez es Capriles Radonski, en sus charlas publicas, dice chistes, se\u00f1ala al publico, hace preguntas jocosas, y hasta palabritas semejantes ya utiliza as\u00ed como ese invento del: Trabuco. Pero ni tratando de imitar a Ch\u00e1vez Capriles Radonski luce como un competidor capaz de derrotar a Ch\u00e1vez, mucho menos el resto de los candidatos que para despegar de su bajo porcentaje de aceptaci\u00f3n necesitar\u00edan de un milagro.<\/p>\n<p>Tal vez la providencia hizo que Leopoldo Lopez se diera cuenta de su rid\u00edculo y tomara esa decisi\u00f3n de retirase a favor de Capriles Radonski, yo no creo que Leopoldo regrese en el 2018, ni en el 2042. Para las primarias la cosa esta entre Capriles Radonski y Pablo Perez, los dem\u00e1s candidatos se pueden ir a sus casas a mirarse en el espejo y a preguntarse: \u00bfDe que forma me hubiera ganado el amor del pueblo?<\/p>\n<p>El lavado de cerebro de que Ch\u00e1vez es de origen humilde, un hombre del campo, llanero, que quiere a los pobres, ese lavado de cerebro esta muy arraigado, y por si alguien no se ha dado cuenta, los candidatos opositores al parecer no son de origen humilde, no se Pablo Perez, ni Pablo Medina, pero como estos dos \u00faltimos tienen cara de polic\u00eda anti-mot\u00edn, ellos se difuminan del an\u00e1lisis. Las tecnicas Chavistas para desacreditar a \u201clos sifrinos, burgueses\u201d de la oposici\u00f3n hasta ahora nadie ha sabido desmontarlas, y es aqu\u00ed donde regreso al momento donde los candidatos de la oposici\u00f3n se pueden mirar en sus espejos a preguntarse: \u00bfDe que forma me hubiera ganado el amor del pueblo? Si, Deja vu\u2026<\/p>\n<p>En medio de la fachada de unidad y adornos visuales, la oposici\u00f3n esta desorganizada, desmoralizada, y sin un l\u00edder opositor capaz de ganarle las elecciones presidenciales a Ch\u00e1vez. Muchos ponen la excusa de la propaganda del gobierno chavista, pero no recuerdan que Ch\u00e1vez andaba dando mitin tras mitin donde hab\u00eda menos de 30 pelagatos, tenia sobre si el peso de golpista, amigo de guerrilleros colombianos y dem\u00e1s ep\u00edtetos que se diluyeron en una locura colectiva como si los votantes fueran visto a Dios. Ahora la incapacidad de los candidatos opositores no los deja ver que t\u00e9cnicas pueden utilizar para subir y superar a Ch\u00e1vez, tal vez su visi\u00f3n de futuro, y estrategias sean las mismas que hundieron a Henri Falc\u00f3n que ya \u201cera\u201d la esperanza, el gallo que se le iba a enfrentar a Ch\u00e1vez, pero debido a su miop\u00eda pol\u00edtica se quem\u00f3 y se perdi\u00f3 para siempre.<\/p>\n<p>Se nos viene otra derrota, por mi parte ya compre una caja de cervezas para el d\u00eda 7 de octubre de 2012, cuando digan que Ch\u00e1vez gan\u00f3 otra vez, el despecho no se si llegar\u00e1 hasta el 2018, pero hasta que la oposici\u00f3n no encuentre a un l\u00edder \u201dcarism\u00e1tico,\u201d \u201cnuevo,\u201d y que sea capaz de unir, pacificar, y ganarse a gran parte de los Chavistas descontentos y hasta de los Chavistas contentos pero que entender\u00e1n que Ch\u00e1vez ya esta \u201ccansado,\u201d y hay que darle la oportunidad a otro, cuando esas y otras claves sean decodificadas, ah\u00ed si se podr\u00eda tener mas optimismo del que muchos demuestran cuando en verdad por dentro tienen la duda: \u00bfSer\u00e1 que nosotros la oposici\u00f3n vamos a perder el 7 de octubre de 2012? Si, Deja vu\u2026<\/p>\n","protected":false},"excerpt":{"rendered":"<p>Dedicado a las personas que se la pasan gritando \u00abfraude\u00bb y luego van derechito a votar una vez mas. El a\u00f1o 2012 es el a\u00f1o del Deja vu. La oposici\u00f3n Venezolana va a perder la elecciones presidenciales el 7 de octubre de 2012, vamos de cabeza al fracaso y muchos prefieren hacerse los locos y [&hellip;]<\/p>\n","protected":false},"author":2158,"featured_media":30737,"comment_status":"open","ping_status":"open","sticky":false,"template":"","format":"standard","meta":{"jetpack_post_was_ever_published":false,"_jetpack_newsletter_access":"","_jetpack_dont_email_post_to_subs":false,"_jetpack_newsletter_tier_id":0,"_jetpack_memberships_contains_paywalled_content":false,"_jetpack_memberships_contains_paid_content":false,"footnotes":"","jetpack_publicize_message":"","jetpack_publicize_feature_enabled":true,"jetpack_social_post_already_shared":false,"jetpack_social_options":{"image_generator_settings":{"template":"highway","default_image_id":0,"font":"","enabled":false},"version":2}},"categories":[1],"tags":[],"class_list":{"0":"post-30406","1":"post","2":"type-post","3":"status-publish","4":"format-standard","5":"has-post-thumbnail","7":"category-azares"},"jetpack_publicize_connections":[],"jetpack_featured_media_url":"https:\/\/i0.wp.com\/www.panfletonegro.com\/v\/wp-content\/uploads\/2012\/10\/images-42.jpg?fit=193%2C261&ssl=1","jetpack_shortlink":"https:\/\/wp.me\/pfpCD-7Uq","jetpack_sharing_enabled":true,"_links":{"self":[{"href":"https:\/\/www.panfletonegro.com\/v\/wp-json\/wp\/v2\/posts\/30406","targetHints":{"allow":["GET"]}}],"collection":[{"href":"https:\/\/www.panfletonegro.com\/v\/wp-json\/wp\/v2\/posts"}],"about":[{"href":"https:\/\/www.panfletonegro.com\/v\/wp-json\/wp\/v2\/types\/post"}],"author":[{"embeddable":true,"href":"https:\/\/www.panfletonegro.com\/v\/wp-json\/wp\/v2\/users\/2158"}],"replies":[{"embeddable":true,"href":"https:\/\/www.panfletonegro.com\/v\/wp-json\/wp\/v2\/comments?post=30406"}],"version-history":[{"count":0,"href":"https:\/\/www.panfletonegro.com\/v\/wp-json\/wp\/v2\/posts\/30406\/revisions"}],"wp:featuredmedia":[{"embeddable":true,"href":"https:\/\/www.panfletonegro.com\/v\/wp-json\/wp\/v2\/media\/30737"}],"wp:attachment":[{"href":"https:\/\/www.panfletonegro.com\/v\/wp-json\/wp\/v2\/media?parent=30406"}],"wp:term":[{"taxonomy":"category","embeddable":true,"href":"https:\/\/www.panfletonegro.com\/v\/wp-json\/wp\/v2\/categories?post=30406"},{"taxonomy":"post_tag","embeddable":true,"href":"https:\/\/www.panfletonegro.com\/v\/wp-json\/wp\/v2\/tags?post=30406"}],"curies":[{"name":"wp","href":"https:\/\/api.w.org\/{rel}","templated":true}]}}