{"id":30281,"date":"2012-10-08T13:10:21","date_gmt":"2012-10-08T17:40:21","guid":{"rendered":"http:\/\/www.panfletonegro.com\/v\/?p=30281"},"modified":"2012-10-08T17:25:25","modified_gmt":"2012-10-08T21:55:25","slug":"cronica-preelectoral-opinion-poselectoral-ii","status":"publish","type":"post","link":"https:\/\/www.panfletonegro.com\/v\/2012\/10\/08\/cronica-preelectoral-opinion-poselectoral-ii\/","title":{"rendered":"Cr\u00f3nica preelectoral, opini\u00f3n poselectoral (II)"},"content":{"rendered":"<p><img decoding=\"async\" src=\"https:\/\/encrypted-tbn3.gstatic.com\/images?q=tbn:ANd9GcT0gzfyqhiZjtLTmKg96KEY3crk8kEAbNADNi9LbZrjsi2d1nax\" alt=\"\" \/><\/p>\n<p>(Primera parte, <a href=\"http:\/\/www.panfletonegro.com\/v\/2012\/10\/08\/cronica-preelectoral-opinion-poselectoral-i\/\">aqu\u00ed<\/a>.)<\/p>\n<p>Quise y esperaba que ganara la oposici\u00f3n. Es decir, no deseaba que ganara el oficialismo, desde 1998 supe hacia d\u00f3nde iba este \u00abexperimento\u00bb suicida. Pero junto con la esperanza loca, paralelamente trataba de analizar el asunto electoral. El ascenso totalmente sorpresivo de la oposici\u00f3n era bueno, pero el diablito en el hombro izquierdo me dec\u00eda que quiz\u00e1 hab\u00eda que esperar, en el mejor escenario, dos cosas: el oficialismo no sacar\u00eda los m\u00edticos \u00ab10 millones de votos\u00bb, y sacar\u00eda menos de 10 puntos porcentuales de ventaja. Por suerte puse esa tesis aqu\u00ed en Panfleto Negro, un d\u00eda antes de las elecciones, aunque presentada como el \u00ab<a href=\"http:\/\/www.panfletonegro.com\/v\/2012\/10\/06\/que-sera-de-la-vida-del-plan-b\/\">Plan B<\/a>\u00bb que la oposici\u00f3n deber\u00eda habar tenido preparado en caso de perder. Dud\u00e9 en publicarlo porque pod\u00eda sonar \u00abdesestimulante\u00bb, tal era el ambiente de \u00abganamos el 7-O o esto se va al carajo\u00bb; por otro lado fue bueno hacerlo porque hablar del escenario final (menos de 10 millones de votos, menos de 10 puntos de ventaja) hoy podr\u00eda parecer una \u00abprofec\u00eda\u00bb a posteriori.<\/p>\n<p>En todo caso en ese art\u00edculo est\u00e1 un punto muy importante que mientras m\u00e1s pronto se interiorice, mejor (me perdonan la auto-cita): <\/p>\n<blockquote><p>La oposici\u00f3n [no solo deber\u00eda haberse] planteado [un Plan B] sino haberlo dicho en alg\u00fan momento hace meses. Porque despu\u00e9s de estas elecciones presidenciales en diciembre vendr\u00e1n las regionales para gobernadores y parlamentos federales y en abril de 2013 las municipales para las cuales la MUD deber\u00eda estar afilad\u00edsima para ganarlas.<\/p>\n<p>La importancia de haber preparado por lo menos psicol\u00f3gicamente a la oposici\u00f3n para esas elecciones futuras reside en dos puntos: uno, de ganar el oficialismo, \u00e9ste no lo har\u00e1 apabullantemente; y dos, de ganar el oficialismo, y [sin estar preparada la oposici\u00f3n para perder], la depresi\u00f3n post-elecciones tendr\u00eda que haberse anulado (parcialmente) con el futuro reto de diciembre y abril pr\u00f3ximos. Porque una oposici\u00f3n deprimida porque ahora s\u00ed lleg\u00f3 el fin de mundo, tardar\u00e1 demasiado tiempo en reaccionar, y para cuando lo haga ya tendremos diciembre encima.<\/p><\/blockquote>\n<p>\u00bfQu\u00e9 pas\u00f3 ayer? Con el <a href=\"http:\/\/www.cne.gob.ve\/resultado_presidencial_2012\/r\/1\/reg_000000.html\">95% de las actas escrutadas<\/a>, el oficialismo sac\u00f3 solo 8% m\u00e1s de votos que en 2006, la oposici\u00f3n sac\u00f3 un 50% m\u00e1s. Pong\u00e1moslo de otra manera: en 2006, el oficialismo le sac\u00f3 a la oposici\u00f3n 26 puntos de ventaja; ayer le sac\u00f3 apenas 11.<\/p>\n<p>Con todo el abuso que se quiera denunciar (y que se debe denunciar), con todo el petr\u00f3leo que le empe\u00f1\u00f3 a los chinos, con todo el oro que vendi\u00f3, con todas las amenazas a empleados p\u00fablicos que hizo, y las amenazas de sacar a sus paracos si perd\u00eda; todo eso solo le di\u00f3 8% m\u00e1s de votos que hace 6 a\u00f1os. Lo que tenemos aqu\u00ed es algo, llam\u00e9moslo descontento, \u00ababstenci\u00f3n\u00bb castigo, verdadero arraigo de la oposici\u00f3n (ya los polit\u00f3logos dar\u00e1n con la causa apropiada), algo, repito, que hay que capitalizar para diciembre de este a\u00f1o y abril del pr\u00f3ximo. No hab\u00edan pasado dos milisegundos despu\u00e9s que Tibisay hab\u00eda dado el resultado \u00abirreversible\u00bb y ya Twitter estaba forrado de \u00abgracias, abstencionista flojo\u00bb, \u00abla chusma gana de nuevo\u00bb y otras perlas por el estilo, para contribuir a la \u00abdescapitalizaci\u00f3n\u00bb.<\/p>\n<p>S\u00ed, ayer era la \u00ab\u00faltima oportunidad\u00bb; s\u00ed, la depresi\u00f3n come m\u00e1s que un remordimiento; lo que quieran, pero apuren la fase baja de su bipolaridad y piensen que en diciembre y abril le puede llegar un segundo co\u00f1azo al oficialismo (\u00bfacaso piensan que ayer no fue el primero?), que se necesita para seguir esta carrera de fondo.<\/p>\n","protected":false},"excerpt":{"rendered":"<p>(Primera parte, aqu\u00ed.) Quise y esperaba que ganara la oposici\u00f3n. Es decir, no deseaba que ganara el oficialismo, desde 1998 supe hacia d\u00f3nde iba este \u00abexperimento\u00bb suicida. Pero junto con la esperanza loca, paralelamente trataba de analizar el asunto electoral. El ascenso totalmente sorpresivo de la oposici\u00f3n era bueno, pero el diablito en el hombro [&hellip;]<\/p>\n","protected":false},"author":1494,"featured_media":0,"comment_status":"open","ping_status":"open","sticky":false,"template":"","format":"standard","meta":{"jetpack_post_was_ever_published":false,"_jetpack_newsletter_access":"","_jetpack_dont_email_post_to_subs":false,"_jetpack_newsletter_tier_id":0,"_jetpack_memberships_contains_paywalled_content":false,"_jetpack_memberships_contains_paid_content":false,"footnotes":"","jetpack_publicize_message":"","jetpack_publicize_feature_enabled":true,"jetpack_social_post_already_shared":false,"jetpack_social_options":{"image_generator_settings":{"template":"highway","default_image_id":0,"font":"","enabled":false},"version":2}},"categories":[1],"tags":[2103,2101,2100,2102],"class_list":{"0":"post-30281","1":"post","2":"type-post","3":"status-publish","4":"format-standard","6":"category-azares","7":"tag-8o","8":"tag-ocho-de-octubre","9":"tag-posts7o","10":"tag-reacciones-7o"},"jetpack_publicize_connections":[],"jetpack_featured_media_url":"","jetpack_shortlink":"https:\/\/wp.me\/pfpCD-7Sp","jetpack_sharing_enabled":true,"_links":{"self":[{"href":"https:\/\/www.panfletonegro.com\/v\/wp-json\/wp\/v2\/posts\/30281","targetHints":{"allow":["GET"]}}],"collection":[{"href":"https:\/\/www.panfletonegro.com\/v\/wp-json\/wp\/v2\/posts"}],"about":[{"href":"https:\/\/www.panfletonegro.com\/v\/wp-json\/wp\/v2\/types\/post"}],"author":[{"embeddable":true,"href":"https:\/\/www.panfletonegro.com\/v\/wp-json\/wp\/v2\/users\/1494"}],"replies":[{"embeddable":true,"href":"https:\/\/www.panfletonegro.com\/v\/wp-json\/wp\/v2\/comments?post=30281"}],"version-history":[{"count":0,"href":"https:\/\/www.panfletonegro.com\/v\/wp-json\/wp\/v2\/posts\/30281\/revisions"}],"wp:attachment":[{"href":"https:\/\/www.panfletonegro.com\/v\/wp-json\/wp\/v2\/media?parent=30281"}],"wp:term":[{"taxonomy":"category","embeddable":true,"href":"https:\/\/www.panfletonegro.com\/v\/wp-json\/wp\/v2\/categories?post=30281"},{"taxonomy":"post_tag","embeddable":true,"href":"https:\/\/www.panfletonegro.com\/v\/wp-json\/wp\/v2\/tags?post=30281"}],"curies":[{"name":"wp","href":"https:\/\/api.w.org\/{rel}","templated":true}]}}