{"id":30202,"date":"2012-10-06T15:17:06","date_gmt":"2012-10-06T19:47:06","guid":{"rendered":"http:\/\/www.panfletonegro.com\/v\/?p=30202"},"modified":"2012-10-06T15:17:06","modified_gmt":"2012-10-06T19:47:06","slug":"eso-que-llaman-ni-ni","status":"publish","type":"post","link":"https:\/\/www.panfletonegro.com\/v\/2012\/10\/06\/eso-que-llaman-ni-ni\/","title":{"rendered":"Eso Que Llaman Ni-Ni"},"content":{"rendered":"<p>Ma\u00f1ana son las elecciones y no estoy del lado de ninguna de las barras bravas que se enfrentan desde un odio que s\u00f3lo se puede entender en contexto. Recuerdo en el colegio -un colegio salesiano de Caracas- pelearle siempre a los curas la idea de un Dios, y aunque cre\u00eda en la existencia de Jes\u00fas como una persona que naci\u00f3 en el mundo, no cre\u00eda en un enviado supremo, ten\u00eda la postura de que Jes\u00fas fue un ser humana con unos ideales muy adelantados a <strong>nuestra<\/strong> \u00e9poca y por eso no los podemos comprender, pero algunas de esas ideas que me contaban en el colegio, de colectividad, de comunidad, de no valorar el dinero, comenzaron a tener sentido mientras crec\u00eda y viv\u00eda en el socialismo del siglo XXI.<\/p>\n<p>&nbsp;<\/p>\n<p>\u00bfQue una persona pueda morirse en una cl\u00ednica porque el seguro no responde? En la sociedad en la que yo crec\u00ed eso es impensable, no s\u00f3lo una violaci\u00f3n al derecho a la vida, sino que es una violaci\u00f3n a nuestras mentes donde el dinero no est\u00e1 y no puede estar por delante de la vida de una persona. \u00bfQue un vendedor quiera vender la leche 70% m\u00e1s cara s\u00f3lo porque le da la gana? Una idea abominable, donde yo crec\u00ed el mercado necesita estar regulado por el Estado, no podemos concebir un mundo regido por el sistema de mercado ya que ese mundo est\u00e1 destinado a la autodestrucci\u00f3n -Polanyi ya hablaba de esto y de lo absurdo de las mercanc\u00edas ficticias-. \u00bfLa posibilidad de que una persona pueda acumular tierras y tenerlas sin fin alguno o de que quiera acumular comida en almacenes para generar desabastecimiento y mayor ganancia? En la Venezuela en la que yo crec\u00ed aprend\u00ed que una persona no puede ser due\u00f1a de la tierra -porque la tierra es de todas las personas y el Estado\/Naci\u00f3n es una invenci\u00f3n- y mucho menos utilizarla para el bien de unos pocos cuando muchos se podr\u00edan beneficiar; y el caso de la comida es el mismo, es inconcebible que alguien busque aumentar la ganancia a expensas de un producto de alimentaci\u00f3n b\u00e1sico. Todas estas ideas las comprend\u00ed en socialismo.<\/p>\n<p>Nac\u00ed en el a\u00f1o 87, y por como se lleva la historia en nuestro pa\u00eds, es muy poco lo que conozco de los planes anteriores, de las cooperativas que se vienen creando desde los setenta (pocas pero las hab\u00edan) o de las propuestas sociales y comunitarias que se llevaban a cabo, y no son muchas las personas que rescatan lo que se hac\u00eda, quiz\u00e1s porque se hac\u00eda desde el miedo a parecer comunista, porque el comunismo estaba mal visto, porque una barba es de <em>sucio, jipi, comunista, loco, soci\u00f3logo de la central<\/em>. Pero as\u00ed como simpatizaba con ciertas ideas de Jes\u00fas a pesar de tener en muy poca estima las religiones que le adoran, tambi\u00e9n simpatizo de las propuestas del socialismo del siglo XXI -esas que salen en el librito de Dieterich y las que Ch\u00e1vez cuenta y habla-. Pero simpatizar con sus propuestas no me hace chavista, a pesar de que esto sea ruido blanco para algunas personas, as\u00ed como no me hace opositor criticar las maneras en que se han implementado algunas misiones, o criticar que la manera de llevar el proyecto pone todo su peso en una persona dejando un vac\u00edo ideol\u00f3gico y generando desempoderamiento en las mismas comunidades que se buscaba empoderar, desempoderamiento al hacerlas dependientes de unas pol\u00edticas asistencialistas que adem\u00e1s apaga las ansias de lucha con medidas populistas cuando recibe alguna cr\u00edtica de las comunidades \u201cpopulares\u201d o de los sectores \u201ctrabajadores\u201d del pa\u00eds.<\/p>\n<p><strong>\u00bfPor qu\u00e9 le llaman ni-ni?<\/strong><\/p>\n<p>Esa visi\u00f3n de ni-ni, ni es chavista, ni es opositor. Es adem\u00e1s como despectivo, y m\u00e1s en \u00e9pocas de elecci\u00f3n. Todos son felices en Venezuela hasta que llegan las elecciones. Chavistas y opositores hacen negocios juntos, salen a tomarse unas birras, brindan en partidos de b\u00e9isbol y celebran a la vinotinto, se olvidan las diferencias pol\u00edticas y se mantienen las diferencias de clases, sin ideolog\u00edas de por medio, y todos se olvidan de los ni-ni. Me imagino que exist\u00edan ni-ni en la \u00e9poca de los adecos y los copeyanos, y muchos de ellos asumo que estar\u00e1n en el chavismo, muy probablemente si fuera de esa generaci\u00f3n hubiera sido chavista en el 98.<\/p>\n<p>Pero el hecho de llamarle ni-ni es pat\u00e9tico, pat\u00e9tico para los chavistas que no toleran la cr\u00edtica que no sea opositora, porque la cr\u00edtica no opositora es la m\u00e1s compleja de todas, no hay c\u00f3mo abordarla porque se sale del planteamiento anticapitalista y pitiyanquista. Pero es pat\u00e9tico para la oposici\u00f3n tambi\u00e9n que no puede imaginarse una pol\u00edtica o un hacer pol\u00edtica si no es desde el chavismo, en reacci\u00f3n a este.<\/p>\n<p>No me gusta la etiqueta de ni-ni, tambi\u00e9n soy de esta era posmoderna donde las etiquetas son mal vistas, pero m\u00e1s all\u00e1 de eso, el ni-nismo es visto como desinter\u00e9s pol\u00edtico, como un voto nulo, como un cero a la izquierda. Por eso no quiero y no me calo el estigma del ni-ni. Una vez hablando recuerdo que dije \u201cyo no soy ni-nista, yo soy nihilista\u201d y fue un simple y tonto juego de palabras, pero es un juego de palabras al cual te lleva la escena pol\u00edtica del pa\u00eds. Y no es que desecho cualquier creencia s\u00f3lo por ser creencia, es que yo tengo esa necesidad, ese enfoque de la teor\u00eda cr\u00edtica, que va m\u00e1s all\u00e1 de no estar conforme con lo que hay, sino que implica cuestionarse eternamente, como dice Ian Parker, la tarea de un psic\u00f3logo cr\u00edtico es deconstruir por la noche todo lo que hizo en el d\u00eda. Si lo dijo \u00e9l o no lo dijo \u00e9l, si fue as\u00ed la frase o distinta, la verdad no importa, pero lo que si me importa es resaltar la idea, con L y con I min\u00fasculas, porque es una idea m\u00e1s, entre otras posibles.<\/p>\n<p>As\u00ed, la idea de cuestionar y pensar en lo que haces en el d\u00eda no es una tarea de masoquismo o de martirio, es un trabajo que hay que hacer cuando uno se asume como una persona en el mundo. \u00bfQu\u00e9 significa ser una persona en el mundo? Significa que trabajamos siempre desde alguna postura -por eso me preocupa tanto esa visi\u00f3n que est\u00e1 llevando la campa\u00f1a de Capriles cuando hablan de limpiar a las instituciones p\u00fablicas de toda ideolog\u00eda para lograr un trabajo objetivo y llegar al progreso, idea modernista y tan anacr\u00f3nica como lo que critican- y trabajar desde una postura implica tambi\u00e9n dejarnos llevar por nuestros deseos y por beneficios personales. Pensar en la noche es saber que vamos a pensar en amigos al momento de dar puestos de trabajo desde el gobierno (amigos, conocidos, alguien con quien trabajamos o estudiamos porque hay una confianza, un efecto halo, hay toda una maquinaria inconsciente que se nos escapa porque somos humanos). Que al momento de solucionar un problema, mejor dicho, al momento de plantearnos cu\u00e1les son los problemas del pa\u00eds, lo hacemos desde lo que nosotros pensamos que son los problemas del pa\u00eds, y aqu\u00ed hay que tener en claro que hay tantos problemas como comunidades o personas hayan, \u00bfc\u00f3mo hacemos para ponernos de acuerdo en cual es el m\u00e1s importante sin que se le de inter\u00e9s al de la mayor\u00eda s\u00f3lo por ser mayor\u00eda, sea una mayor\u00eda cuantitativa o cualitativa? Y esta no es cualquier pregunta, esta es una pregunta fundamental, porque todas las soluciones parten del problema y si se trabaja el problema de manera errada se va a estar construyendo una propuesta desde bases socavadas.<\/p>\n<p>Esta es mi postura, que no es lo que se suele tomar como una postura de un ni-ni. E incluso, si le llegara a decir a un chavista o un opositor que me planteo votar por Orlando Chirinos del Partido Socialismo y Libertad, \u00bfc\u00f3mo responder\u00edan? Pensar\u00edan que es lo mismo a un voto nulo, \u00bfqu\u00e9 es un voto nulo en una \u00e9poca de participaci\u00f3n pol\u00edtica como la que est\u00e1 viviendo el pa\u00eds? No es un voto nulo, ah\u00ed hay algo, ah\u00ed est\u00e1 una voz, y m\u00e1s de una, diciendo lo que est\u00e1 podrido en la manera de hacer pol\u00edtica, en el odio que est\u00e1 casado con el voto, en el asco y los prejuicios por ese otro que quisieran eliminar de sus polipoquet TODOS los fan\u00e1ticos de lado y lado.<\/p>\n<p>Esas ideas son las que me gustar\u00eda votar, encontrar, en un candidato. O quiz\u00e1s la posibilidad de un plan de gobierno concreto, porque el plan de gobierno de Ch\u00e1vez es te\u00f3ricamente una joya, pero falta dar a conocer, falta que se discuta con el pueblo desde d\u00f3nde vienen las propuestas, que la lucha por preservar a la especie humana en el planeta no es &lt;&lt;la idea delirante de un loco&gt;&gt;, sino que hay un fundamento anticapitalista, para lo cual hay que explicar y dar a conocer la manera en la que funciona el capitalismo, m\u00e1s all\u00e1 de lo que se dice as\u00ed de boca en boca o por cadena nacional, hacer calar, hacer hablar, hacer que se convierta en im\u00e1genes, hacerlo real, hacerlo concreto, hacerlo visible, que las personas entiendan, entendamos de lo que se est\u00e1 hablando, que se entienda qu\u00e9 es eso que se est\u00e1 poniendo en juego, y no decir a los cuatro vientos que la falta de trabajo no importa, que la inseguridad no importa, que la luz no importa, \u00bfpor qu\u00e9 no importa? Y que la respuesta no sea porque la Revoluci\u00f3n est\u00e1 en peligro, porque el proyecto de pa\u00eds est\u00e1 en peligro, porque claro que esa es la respuesta, pero despu\u00e9s de 13 a\u00f1os y de mil misiones de educaci\u00f3n \u00bfc\u00f3mo no se generaron mesas de debate sobre lo que es la Revoluci\u00f3n y contra lo que lucha m\u00e1s all\u00e1 del teatro anti-contra? \u00bfC\u00f3mo no se busc\u00f3 conocer si los pobres odiaban y no quer\u00edan ser millonarios sino que se les impuso lo que ellos deb\u00edan querer sin descontaminar las ideas al respecto? Esa prepotencia-salvadora-mesi\u00e1nica es lo que destruye la espada de Bol\u00edvar, y la posibilidad de la uni\u00f3n de Nuestra Am\u00e9rica, que tanto bien nos puede traer a todos, pa\u00edses acostumbrados al saqueo imperial, de europeos, luego de gringos y ahora tambi\u00e9n de chinos, repitiendo el abuso como una v\u00edctima de maltrato.<\/p>\n<p>Pero al menos hay sustento, al menos hay una propuesta escrita en el plan de Ch\u00e1vez o del chavismo. \u00bfLeyeron el plan de gobierno que est\u00e1 para descargar en la p\u00e1gina de Capriles? Es como leer una clase chimba escrita por un profesor pirata. Al menos lo es en comparaci\u00f3n con el otro plan. Y no porque lo que dice sea de mala calidad, es que lo dice a medias, como con miedo, como si al mostrar sus verdaderas intenciones o sus verdaderas propuestas le pudiera quitar votos \u00bfcu\u00e1les votos le quitar\u00eda, los de la juventud progresista o los de la poblaci\u00f3n adecopeyana? Espero, por esos deseos de que se haya generado consciencia en el pa\u00eds, que sean los de la segunda.<\/p>\n<p>\u00bfQue si ma\u00f1ana gana un proyecto o gana el otro? Soy partidario de la alternancia en el poder, sobretodo por la c\u00fapula putrefacta y momial que se turna los puestos del gobierno, tan arriba de todos nosotros que ya ni escuchan las propuestas del pueblo. Pero tengo p\u00e1nico de que los terrenos ganados por una visi\u00f3n colectiva se hayan desvirtuado a tal nivel que se de paso a las medidas m\u00e1s neoliberales y violadoras que hayamos vivido jam\u00e1s, a manos de un mont\u00f3n de fachas exiliados o escondidos como cucarachas esperando a salir y devorarse lo que los otros se dignen a dejar atr\u00e1s; miedo tambi\u00e9n a que vengan desde el extranjero los que apoyan a Capriles con la idea cuartorepublicana de que por venir de afuera saben lo que es \u201cbueno\u201d para Venezuela y decidan arreglarla sin preguntar al vecino. Miedo tambi\u00e9n de pensar que el pueblo venezolano no soportar\u00eda otro enga\u00f1o sin explotar, sin implotar. Pero \u00bfpor qu\u00e9 tanto miedo? Espero que en estos 13 a\u00f1os se haya generado consciencia en el pueblo, que se haya creado una visi\u00f3n participativa, de inter\u00e9s, de hacer comunidad, que los consejos comunales puedan funcionar en una democracia participativa que les permita ejercer el poder que ahorita se les pretende, que se haga valer la constituci\u00f3n, y que no se permita la privatizaci\u00f3n indiscriminada sin una rendici\u00f3n de cuentas y de beneficios justos, que esas empresas expropiadas sean propuestas antes que a la privatizaci\u00f3n a la idea de f\u00e1bricas tomadas, f\u00e1bricas que -si los obreros lo quieren, lo exigen y lo aprovechan- tengan una distribuci\u00f3n horizontal, f\u00e1bricas desde los trabajadores y para el pueblo, para los venezolanos.<\/p>\n<p>&nbsp;<\/p>\n<p>Las mejores elecciones, a mi parecer, ser\u00e1n cuando el modelo de pa\u00eds no se juegue al votar por una persona, sino que el modelo de pa\u00eds est\u00e9 en la interacci\u00f3n din\u00e1mica de todos.<\/p>\n","protected":false},"excerpt":{"rendered":"<p>Ma\u00f1ana son las elecciones y no estoy del lado de ninguna de las barras bravas que se enfrentan desde un odio que s\u00f3lo se puede entender en contexto. Recuerdo en el colegio -un colegio salesiano de Caracas- pelearle siempre a los curas la idea de un Dios, y aunque cre\u00eda en la existencia de Jes\u00fas [&hellip;]<\/p>\n","protected":false},"author":2020,"featured_media":0,"comment_status":"open","ping_status":"open","sticky":false,"template":"","format":"standard","meta":{"jetpack_post_was_ever_published":false,"_jetpack_newsletter_access":"","_jetpack_dont_email_post_to_subs":false,"_jetpack_newsletter_tier_id":0,"_jetpack_memberships_contains_paywalled_content":false,"_jetpack_memberships_contains_paid_content":false,"footnotes":"","jetpack_publicize_message":"","jetpack_publicize_feature_enabled":true,"jetpack_social_post_already_shared":false,"jetpack_social_options":{"image_generator_settings":{"template":"highway","default_image_id":0,"font":"","enabled":false},"version":2}},"categories":[1],"tags":[2072,1756,45,135,2085,115,2083,728,701,485,2086,2084,528],"class_list":{"0":"post-30202","1":"post","2":"type-post","3":"status-publish","4":"format-standard","6":"category-azares","7":"tag-7-o","8":"tag-capriles","9":"tag-chavez","10":"tag-chavismo","11":"tag-comunidad","12":"tag-elecciones","13":"tag-ni-ni","14":"tag-odio","15":"tag-oposicion","16":"tag-orlando-chirinos","17":"tag-participacion-activa","18":"tag-plan-de-gobierno","19":"tag-socialismo-del-siglo-xxi"},"jetpack_publicize_connections":[],"jetpack_featured_media_url":"","jetpack_shortlink":"https:\/\/wp.me\/pfpCD-7R8","jetpack_sharing_enabled":true,"_links":{"self":[{"href":"https:\/\/www.panfletonegro.com\/v\/wp-json\/wp\/v2\/posts\/30202","targetHints":{"allow":["GET"]}}],"collection":[{"href":"https:\/\/www.panfletonegro.com\/v\/wp-json\/wp\/v2\/posts"}],"about":[{"href":"https:\/\/www.panfletonegro.com\/v\/wp-json\/wp\/v2\/types\/post"}],"author":[{"embeddable":true,"href":"https:\/\/www.panfletonegro.com\/v\/wp-json\/wp\/v2\/users\/2020"}],"replies":[{"embeddable":true,"href":"https:\/\/www.panfletonegro.com\/v\/wp-json\/wp\/v2\/comments?post=30202"}],"version-history":[{"count":0,"href":"https:\/\/www.panfletonegro.com\/v\/wp-json\/wp\/v2\/posts\/30202\/revisions"}],"wp:attachment":[{"href":"https:\/\/www.panfletonegro.com\/v\/wp-json\/wp\/v2\/media?parent=30202"}],"wp:term":[{"taxonomy":"category","embeddable":true,"href":"https:\/\/www.panfletonegro.com\/v\/wp-json\/wp\/v2\/categories?post=30202"},{"taxonomy":"post_tag","embeddable":true,"href":"https:\/\/www.panfletonegro.com\/v\/wp-json\/wp\/v2\/tags?post=30202"}],"curies":[{"name":"wp","href":"https:\/\/api.w.org\/{rel}","templated":true}]}}