{"id":29245,"date":"2012-09-12T17:29:10","date_gmt":"2012-09-12T21:59:10","guid":{"rendered":"http:\/\/www.panfletonegro.com\/v\/?p=29245"},"modified":"2012-09-14T02:31:38","modified_gmt":"2012-09-14T07:01:38","slug":"un-kino-de-12-y-las-torres-gemelas","status":"publish","type":"post","link":"https:\/\/www.panfletonegro.com\/v\/2012\/09\/12\/un-kino-de-12-y-las-torres-gemelas\/","title":{"rendered":"Un Kino de 12 y las Torres Gemelas"},"content":{"rendered":"<p><a href=\"https:\/\/i0.wp.com\/www.panfletonegro.com\/v\/wp-content\/uploads\/2012\/09\/torres-gemelas5.jpg\"><img data-recalc-dims=\"1\" loading=\"lazy\" decoding=\"async\" data-attachment-id=\"29249\" data-permalink=\"https:\/\/www.panfletonegro.com\/v\/2012\/09\/12\/un-kino-de-12-y-las-torres-gemelas\/torres-gemelas5\/\" data-orig-file=\"https:\/\/i0.wp.com\/www.panfletonegro.com\/v\/wp-content\/uploads\/2012\/09\/torres-gemelas5.jpg?fit=400%2C400&amp;ssl=1\" data-orig-size=\"400,400\" data-comments-opened=\"1\" data-image-meta=\"{&quot;aperture&quot;:&quot;0&quot;,&quot;credit&quot;:&quot;&quot;,&quot;camera&quot;:&quot;&quot;,&quot;caption&quot;:&quot;&quot;,&quot;created_timestamp&quot;:&quot;0&quot;,&quot;copyright&quot;:&quot;&quot;,&quot;focal_length&quot;:&quot;0&quot;,&quot;iso&quot;:&quot;0&quot;,&quot;shutter_speed&quot;:&quot;0&quot;,&quot;title&quot;:&quot;&quot;}\" data-image-title=\"torres-gemelas5\" data-image-description=\"\" data-image-caption=\"\" data-large-file=\"https:\/\/i0.wp.com\/www.panfletonegro.com\/v\/wp-content\/uploads\/2012\/09\/torres-gemelas5.jpg?fit=400%2C400&amp;ssl=1\" class=\"alignnone size-medium wp-image-29249\" src=\"https:\/\/i0.wp.com\/www.panfletonegro.com\/v\/wp-content\/uploads\/2012\/09\/torres-gemelas5-300x300.jpg?resize=300%2C300\" alt=\"\" width=\"300\" height=\"300\" srcset=\"https:\/\/i0.wp.com\/www.panfletonegro.com\/v\/wp-content\/uploads\/2012\/09\/torres-gemelas5.jpg?resize=300%2C300&amp;ssl=1 300w, https:\/\/i0.wp.com\/www.panfletonegro.com\/v\/wp-content\/uploads\/2012\/09\/torres-gemelas5.jpg?resize=150%2C150&amp;ssl=1 150w, https:\/\/i0.wp.com\/www.panfletonegro.com\/v\/wp-content\/uploads\/2012\/09\/torres-gemelas5.jpg?resize=320%2C320&amp;ssl=1 320w, https:\/\/i0.wp.com\/www.panfletonegro.com\/v\/wp-content\/uploads\/2012\/09\/torres-gemelas5.jpg?resize=75%2C75&amp;ssl=1 75w, https:\/\/i0.wp.com\/www.panfletonegro.com\/v\/wp-content\/uploads\/2012\/09\/torres-gemelas5.jpg?resize=210%2C210&amp;ssl=1 210w, https:\/\/i0.wp.com\/www.panfletonegro.com\/v\/wp-content\/uploads\/2012\/09\/torres-gemelas5.jpg?resize=145%2C145&amp;ssl=1 145w, https:\/\/i0.wp.com\/www.panfletonegro.com\/v\/wp-content\/uploads\/2012\/09\/torres-gemelas5.jpg?w=400&amp;ssl=1 400w\" sizes=\"auto, (max-width: 300px) 100vw, 300px\" \/><\/a><\/p>\n<p>As\u00ed viv\u00ed el 9\/11<\/p>\n<p>Ayer se cumplieron 11 a\u00f1os del atentado terrorista a las Torres Gemelas de Nueva York y justamente pensaba que yo ceo que cada persona, por lo menos mayor de 20 a\u00f1os recuerda exactamente lo que hizo ese d\u00eda. Motivado por mi amiga Paola que me recomend\u00f3 llevar esta historia l\u00edneas de texto ac\u00e1 les dejo el cuento de lo que me pas\u00f3 ese d\u00eda. No es nada del otro mundo, pero quiz\u00e1 yo tuve mi 11 de septiembre particular.<\/p>\n<p>Yo a\u00fan estudiaba en la universidad. Estaba como en el cuarto semestre creo. Yo normalmente me trasladaba desde Cabimas a Maracaibo, donde queda la UNICA (mi casa de estudios). Me iba en bus o quiz\u00e1 en una cola que consegu\u00eda de chiripa. Pero ese d\u00eda ni cargaba ni medio para viajar y ten\u00eda una clase importante. Mi padre que era el sustento familiar estaba a 4 d\u00edas del cobro, por eso tambi\u00e9n andaba en el ladre.<\/p>\n<p>Le explico que tengo una clase importante y decide entonces darme un Kino (si, un billete de loter\u00eda) el cual estaba premiado con 12 aciertos. Me dijo: \u201cC\u00e1mbialo en alguna agencia de loter\u00eda\u201d. Yo tomo el billete y me lanzo para Maracaibo en el carro de un compa\u00f1ero de trabajo de el, en la antigua Pdvsa (la que serv\u00eda).<\/p>\n<p>Llego al puente de Socorro donde regularmente me bajaba para tomar el bus hacia la universidad, y emprendo la b\u00fasqueda de la agencia de loter\u00eda. En la esquina hab\u00eda una pero estaba cerrada. Entonces arranco por toda la avenida de Ca\u00f1ada Honda en direcci\u00f3n hacia el centro (v\u00eda contraria a la universidad, lo hubiese hecho al rev\u00e9s).<\/p>\n<p>Ya eran como las 8 de la ma\u00f1ana, ning\u00fan avi\u00f3n se hab\u00eda estrellado en los edificios. Sigo la ruta con ese solazo ma\u00f1anero maracucho y no consegu\u00eda una bendita agencia. Doy y doy fin cuando caigo en cuenta ya estoy en el centro de Maracaibo. Si hubiese agarrado la ruta contraria ya estuviese en la universidad, pero bueno como iba de esquina a esquina pensando que hab\u00eda una agencia llegu\u00e9 hasta el terminal de pasajeros donde finalmente logr\u00e9 cambiar el billete. Un viejito como de 98 a\u00f1os, vendedor ambulante me dio 4 mil bol\u00edvares de los viejos. Con esto podr\u00eda desayunar y pagar mi pasaje al menos dos d\u00edas.<\/p>\n<p>Finalmente tomo la buseta para la universidad y llego a eso de las 10. A esta hora el World Trade Center ya no exist\u00eda, y yo ni sab\u00eda, ni cuenta me daba del caos mundial. Me consigo en el pasillo a mi futuro compadre Jos\u00e9 me dice que el profesor no ven\u00eda (fuck) y que una avioneta se hab\u00eda estrellado en las Torres Gemelas (doble fuck). Yo le dije que si estaba loco, que era mentira, \u00bfc\u00f3mo se iba a estrellar un avi\u00f3n all\u00ed, no las iban a ver? Me dijo chamo enserio se estrell\u00f3 una avioneta, cuando sal\u00ed de la casa vi la noticia por la televisi\u00f3n.<\/p>\n<p>Bueno total le cre\u00ed y empezamos a cuadrar un trabajo que deb\u00edamos entregar esa semana, mientras mentalmente le sacaba la madre al profesor por no asistir. Por razones de la vida, como tendr\u00edamos el resto de la ma\u00f1ana libre y la pr\u00f3xima clase era a las 5 de la tarde, decidimos viajar a Cabimas para hacer unas entrevistas a funcionarios p\u00fablicos. En el camino nadie comentaba, nadie dec\u00eda nada de las torres, parece mentira, ya hab\u00eda muchos celulares e internet, pero nadie comentaba nada del incidente. Una noticia como esa en esta \u00e9poca corriera como un brollo en barrio a trav\u00e9s de los nuevos celulares inteligentes. Claro obviamente esa gente no hab\u00edan visto la televisi\u00f3n o escuchado la radio, igual yo dec\u00eda que se estrelle una avioneta en el World Trade Center no debe ser tan grave, quiz\u00e1 s\u00f3lo se mat\u00f3 el piloto.<\/p>\n<p>Total que yo ven\u00eda m\u00e1s preocupado por mi trabajo en la universidad que por la paz mundial y llego a mi casa con Jos\u00e9 para almorzar. Al entrar encuentro a mi mam\u00e1 pegada a la pared, con los pelos parados, con los ojos salidos de la impresi\u00f3n y me dice: Mijo mijo, \u00bfsupiste lo de las torres? Yo le digo: Si mam\u00e1 se estrell\u00f3 una avioneta. Contesta: Ay mijo ayyy el mundo se va a acabar, vamos a entrar en la tercera guerra mundial, se acaban de caer las torres mi lindo!!!!<\/p>\n<p>Yo quedo at\u00f3nito y subo al cuarto con Jos\u00e9 y hallo a mi hermano hundido en el colch\u00f3n: Marico se cayeron las torres gemelas vergaci\u00f3n, chamo ve esa vaina!!!! Y repet\u00edan el momento cuando los aviones chocaban con las torres y luego cuando se desplomaban. La locura, acabose mundo, todo esto pasaba mientras yo trataba de cambiar un billete de loter\u00eda y caminaba medio Maracaibo para poder desayunar y tener para el pasaje.<\/p>\n<p>Al final hice las entrevistas y la chama (que trabajaba en Cantv) no nos cre\u00eda que se hab\u00edan ca\u00eddo las gemelas. Ayyy ustedes si inventan, nos dijo. Luego me devolv\u00ed a la universidad (si, viaj\u00e9 dos veces ese d\u00eda a Maracaibo de pasajero y me devolv\u00ed tambi\u00e9n) todo lo que se hablaba en las clases a partir de ese d\u00eda ten\u00edan relaci\u00f3n con el atentado de Bin Laden.<br \/>\nCada quien vivi\u00f3 su 11 de septiembre, el m\u00edo fue muy particular \u00bfy el tuyo?<\/p>\n","protected":false},"excerpt":{"rendered":"<p>As\u00ed viv\u00ed el 9\/11 Ayer se cumplieron 11 a\u00f1os del atentado terrorista a las Torres Gemelas de Nueva York y justamente pensaba que yo ceo que cada persona, por lo menos mayor de 20 a\u00f1os recuerda exactamente lo que hizo ese d\u00eda. Motivado por mi amiga Paola que me recomend\u00f3 llevar esta historia l\u00edneas de [&hellip;]<\/p>\n","protected":false},"author":1998,"featured_media":29249,"comment_status":"open","ping_status":"open","sticky":false,"template":"","format":"standard","meta":{"jetpack_post_was_ever_published":false,"_jetpack_newsletter_access":"","_jetpack_dont_email_post_to_subs":false,"_jetpack_newsletter_tier_id":0,"_jetpack_memberships_contains_paywalled_content":false,"_jetpack_memberships_contains_paid_content":false,"footnotes":"","jetpack_publicize_message":"","jetpack_publicize_feature_enabled":true,"jetpack_social_post_already_shared":false,"jetpack_social_options":{"image_generator_settings":{"template":"highway","default_image_id":0,"font":"","enabled":false},"version":2}},"categories":[1],"tags":[],"class_list":{"0":"post-29245","1":"post","2":"type-post","3":"status-publish","4":"format-standard","5":"has-post-thumbnail","7":"category-azares"},"jetpack_publicize_connections":[],"jetpack_featured_media_url":"https:\/\/i0.wp.com\/www.panfletonegro.com\/v\/wp-content\/uploads\/2012\/09\/torres-gemelas5.jpg?fit=400%2C400&ssl=1","jetpack_shortlink":"https:\/\/wp.me\/pfpCD-7BH","jetpack_sharing_enabled":true,"_links":{"self":[{"href":"https:\/\/www.panfletonegro.com\/v\/wp-json\/wp\/v2\/posts\/29245","targetHints":{"allow":["GET"]}}],"collection":[{"href":"https:\/\/www.panfletonegro.com\/v\/wp-json\/wp\/v2\/posts"}],"about":[{"href":"https:\/\/www.panfletonegro.com\/v\/wp-json\/wp\/v2\/types\/post"}],"author":[{"embeddable":true,"href":"https:\/\/www.panfletonegro.com\/v\/wp-json\/wp\/v2\/users\/1998"}],"replies":[{"embeddable":true,"href":"https:\/\/www.panfletonegro.com\/v\/wp-json\/wp\/v2\/comments?post=29245"}],"version-history":[{"count":0,"href":"https:\/\/www.panfletonegro.com\/v\/wp-json\/wp\/v2\/posts\/29245\/revisions"}],"wp:featuredmedia":[{"embeddable":true,"href":"https:\/\/www.panfletonegro.com\/v\/wp-json\/wp\/v2\/media\/29249"}],"wp:attachment":[{"href":"https:\/\/www.panfletonegro.com\/v\/wp-json\/wp\/v2\/media?parent=29245"}],"wp:term":[{"taxonomy":"category","embeddable":true,"href":"https:\/\/www.panfletonegro.com\/v\/wp-json\/wp\/v2\/categories?post=29245"},{"taxonomy":"post_tag","embeddable":true,"href":"https:\/\/www.panfletonegro.com\/v\/wp-json\/wp\/v2\/tags?post=29245"}],"curies":[{"name":"wp","href":"https:\/\/api.w.org\/{rel}","templated":true}]}}