{"id":29143,"date":"2012-09-08T20:44:52","date_gmt":"2012-09-09T01:14:52","guid":{"rendered":"http:\/\/www.panfletonegro.com\/v\/?p=29143"},"modified":"2012-09-09T10:37:10","modified_gmt":"2012-09-09T15:07:10","slug":"un-paraiso-para-necrofilos","status":"publish","type":"post","link":"https:\/\/www.panfletonegro.com\/v\/2012\/09\/08\/un-paraiso-para-necrofilos\/","title":{"rendered":"Un Para\u00edso Para Necr\u00f3filos"},"content":{"rendered":"<p><a href=\"https:\/\/i0.wp.com\/www.panfletonegro.com\/v\/wp-content\/uploads\/2012\/09\/esqueleto.jpg\"><img data-recalc-dims=\"1\" loading=\"lazy\" decoding=\"async\" data-attachment-id=\"29148\" data-permalink=\"https:\/\/www.panfletonegro.com\/v\/2012\/09\/08\/un-paraiso-para-necrofilos\/esqueleto\/\" data-orig-file=\"https:\/\/i0.wp.com\/www.panfletonegro.com\/v\/wp-content\/uploads\/2012\/09\/esqueleto.jpg?fit=614%2C367&amp;ssl=1\" data-orig-size=\"614,367\" data-comments-opened=\"1\" data-image-meta=\"{&quot;aperture&quot;:&quot;0&quot;,&quot;credit&quot;:&quot;&quot;,&quot;camera&quot;:&quot;&quot;,&quot;caption&quot;:&quot;&quot;,&quot;created_timestamp&quot;:&quot;0&quot;,&quot;copyright&quot;:&quot;&quot;,&quot;focal_length&quot;:&quot;0&quot;,&quot;iso&quot;:&quot;0&quot;,&quot;shutter_speed&quot;:&quot;0&quot;,&quot;title&quot;:&quot;&quot;}\" data-image-title=\"esqueleto\" data-image-description=\"\" data-image-caption=\"\" data-large-file=\"https:\/\/i0.wp.com\/www.panfletonegro.com\/v\/wp-content\/uploads\/2012\/09\/esqueleto.jpg?fit=614%2C367&amp;ssl=1\" class=\"aligncenter size-medium wp-image-29148\" src=\"https:\/\/i0.wp.com\/www.panfletonegro.com\/v\/wp-content\/uploads\/2012\/09\/esqueleto-300x179.jpg?resize=300%2C179\" alt=\"\" width=\"300\" height=\"179\" srcset=\"https:\/\/i0.wp.com\/www.panfletonegro.com\/v\/wp-content\/uploads\/2012\/09\/esqueleto.jpg?resize=300%2C179&amp;ssl=1 300w, https:\/\/i0.wp.com\/www.panfletonegro.com\/v\/wp-content\/uploads\/2012\/09\/esqueleto.jpg?resize=320%2C191&amp;ssl=1 320w, https:\/\/i0.wp.com\/www.panfletonegro.com\/v\/wp-content\/uploads\/2012\/09\/esqueleto.jpg?resize=145%2C86&amp;ssl=1 145w, https:\/\/i0.wp.com\/www.panfletonegro.com\/v\/wp-content\/uploads\/2012\/09\/esqueleto.jpg?resize=495%2C295&amp;ssl=1 495w, https:\/\/i0.wp.com\/www.panfletonegro.com\/v\/wp-content\/uploads\/2012\/09\/esqueleto.jpg?w=614&amp;ssl=1 614w\" sizes=\"auto, (max-width: 300px) 100vw, 300px\" \/><\/a><\/p>\n<p>&nbsp;<\/p>\n<blockquote>\n<p style=\"text-align: left\"><strong>Los que mueren por la vida no pueden llamarse muertos\u00bb<\/strong><\/p>\n<p style=\"text-align: left\"><strong>\u00abPatria, Socialismo o Muerte\u00bb<\/strong><\/p>\n<\/blockquote>\n<p>&nbsp;<\/p>\n<p>Me gustar\u00eda saber mejor los detalles detr\u00e1s del origen de los memes del chavismo. C\u00f3mo se decide cual ser\u00e1 la nueva palabra estrella que ser\u00e1 lanzada en\u00a0<em>prime time<\/em> por Mario Silva o P\u00e9rez Pirela o por el Milico mismo y que luego ser\u00e1 usada hasta el cansancio por millones de guerrilleros comunicacionales, valientes pensadores cr\u00edticos armados de ideas y convicci\u00f3n que postear\u00e1n la dichosa palabra y la usar\u00e1n en discusiones pol\u00edticas. La palabra suele ser poco com\u00fan, moderadamente larga y gran sonoridad. Queda uno como todo un literato, un erudito revolucionario, est\u00e9 o no uno consciente del significado real de la palabra, m\u00e1s a\u00fan, uno se siente culturoso y todo cuando esa r\u00e1faga de silabas impacta al contrario con contundencia, y \u00a0desbarata esos argumentos majunches de muchachos bobos que son la nada.<\/p>\n<p>No s\u00e9 c\u00f3mo se originan esas palabras, s\u00f3lo veo c\u00f3mo se dispersan, y observo como aparecen en mi Facebook o en el Twitter, a veces divertido y otras veces molesto. Pero siempre los patrones de dispersi\u00f3n son similares, apareciendo primero en unos sitios y luego en otros, asociada a nombres revolucionarios y luchadores, muchas veces de pocas luces. Sin duda hay por lo menos una tesis doctoral en sociolog\u00eda y otra en f\u00edsica en el an\u00e1lisis de estos patrones.<\/p>\n<p>El \u00faltimo ejemplo de este fen\u00f3meno es la palabra necr\u00f3filo. Chico, que vaina. Ahora el quejarse de la inseguridad significa que te quieres cojer una muertica, aunque en la Morgue de Bello Monte falta la intimidad, por tanto hacinamiento de los usurios. <strong>Ne-cr\u00f3-fi-lo<\/strong>, cuatro s\u00edlabas devastadoras para que se callen los escuacas y dejen en paz al candidato de la Patria. A ver si se averg\u00fcenzan de lo bajos que son y dejan de hacer pol\u00edtica con los muertos, en este momento crucial de la historia venezolana, cuando se decide el futuro del pa\u00eds (\u00bfNo hab\u00eda cambiado ya para siempre?).<\/p>\n<p>Digan lo que digan los majunches necr\u00f3filos, el candidato de la Patria tiene una preocupaci\u00f3n grande por su pueblo y se ha <a href=\"http:\/\/www.avn.info.ve\/node\/130676\">manifestado en contra de la inseguridad<\/a>. Chico, no seas c\u00ednico y sinverg\u00fcenza, no es porque sea a\u00f1o electoral. El Comandante siempre ha tenido a la inseguridad como su prioridad.<\/p>\n<p><span class=\"embed-youtube\" style=\"text-align:center; display: block;\"><iframe loading=\"lazy\" class=\"youtube-player\" width=\"696\" height=\"392\" src=\"https:\/\/www.youtube.com\/embed\/oAST3RzPNIQ?version=3&#038;rel=1&#038;showsearch=0&#038;showinfo=1&#038;iv_load_policy=1&#038;fs=1&#038;hl=es-ES&#038;autohide=2&#038;wmode=transparent\" allowfullscreen=\"true\" style=\"border:0;\" sandbox=\"allow-scripts allow-same-origin allow-popups allow-presentation allow-popups-to-escape-sandbox\"><\/iframe><\/span><\/p>\n<p><span class=\"embed-youtube\" style=\"text-align:center; display: block;\"><iframe loading=\"lazy\" class=\"youtube-player\" width=\"696\" height=\"392\" src=\"https:\/\/www.youtube.com\/embed\/m9uXgF4NpLA?version=3&#038;rel=1&#038;showsearch=0&#038;showinfo=1&#038;iv_load_policy=1&#038;fs=1&#038;hl=es-ES&#038;autohide=2&#038;wmode=transparent\" allowfullscreen=\"true\" style=\"border:0;\" sandbox=\"allow-scripts allow-same-origin allow-popups allow-presentation allow-popups-to-escape-sandbox\"><\/iframe><\/span><\/p>\n<p>Frente a evidencia como esta, la respuesta m\u00e1s com\u00fan es \u00abDiga lo que quiera igual somos mayor\u00eda y volveremos a ganar\u00bb. Se les olvida que en 2006\u00a0fueron mayor\u00eda, ganaron, tuvieron Asamblea mayoritaria, petr\u00f3leo a 100 d\u00f3lares,<a href=\"http:\/\/www.youtube.com\/watch?v=UQYVK4RlEUc\"> tribunal supremo gritando \u00abuh ah Ch\u00e1vez no se va\u00bb<\/a> y con todo y eso llegamos a los 20.000 muertos al a\u00f1o. <strong>Con control total de todos los poderes del estado, con un ingreso petrolero gigantesco no pudieron o no quisieron evitar la muerte de decenas de miles de venezolanos.\u00a0<\/strong><\/p>\n<p>Ahora que estamos en campa\u00f1a electoral s\u00ed le aplican el ojo a las cifras de muertos en Miranda. S\u00ed, son graves, altas, alt\u00edsimas, pero son parte una realidad nacional que se lleva a\u00f1os negando desde el gobierno, como vimos en los videos anteriores. Tampoco se menciona que Diosdado Cabello era gobernador de Miranda y que fue destronado por Capriles. Si el ni\u00f1o bien, majunche, maricons\u00f3n pudo sacar a Cabello de su puesto en elecciones, <a href=\"http:\/\/www.youtube.com\/watch?v=UQYVK4RlEUc\">con m\u00e1s de 7% de ventaja<\/a>, tan bien no lo estar\u00eda haciendo el revolucionario Cabello. Pero parece que los \u00fanicos muertos que importa son los que matan donde gobierna la oposici\u00f3n.<\/p>\n<p>Soy un amargado, lo reconozco. Soy incapaz de tomarme esto con soda. Dejo que la rabia me carcoma y destilo \u00e1cido por los poros mientras aporreo mi pobre teclado. Soy incapaz de la bonhom\u00eda y alegr\u00eda de los revolucionarios, capaces de ver el lado bueno de la vida en todo, de poner buena cara al mal tiempo y de re\u00edrse de los problemas. Hasta de re\u00edrse de nuestros putos muertos. \u00bfNo me cree? Perm\u00edtame refrescarle la memoria:<\/p>\n<p><span class=\"embed-youtube\" style=\"text-align:center; display: block;\"><iframe loading=\"lazy\" class=\"youtube-player\" width=\"696\" height=\"392\" src=\"https:\/\/www.youtube.com\/embed\/QeTlE7CcQQM?version=3&#038;rel=1&#038;showsearch=0&#038;showinfo=1&#038;iv_load_policy=1&#038;fs=1&#038;hl=es-ES&#038;autohide=2&#038;wmode=transparent\" allowfullscreen=\"true\" style=\"border:0;\" sandbox=\"allow-scripts allow-same-origin allow-popups allow-presentation allow-popups-to-escape-sandbox\"><\/iframe><\/span><\/p>\n<p>Los muertos de nuestra gente, nuestros familiares, amigos y conocidos, el miedo que sentimos tantas veces, la incertidumbre por nuestros seres queridos son motivo de risa para Andr\u00e9s Izarra. Y los necr\u00f3filos somos nosotros. Este se\u00f1or, en lugar de ser despedido de su puesto, ahora se r\u00ede (con toda raz\u00f3n) desde su cargo en la\u00a0<a href=\"http:\/\/www.minci.gob.ve\/2012\/09\/02\/izarra-resalto-participacion-del-pueblo-venezolano-durante-simulacro-electoral\/\">Comisi\u00f3n de mensaje, propaganda y contrapropaganda del Comando de Campa\u00f1a Carabobo<\/a>.<\/p>\n<p>Risa dar\u00eda tambi\u00e9n, si no fuese yo tan amargado, la posici\u00f3n de la Defensora del Pueblo en 2009, cuando aseguraba que lo de la inseguridad era una \u00absensaci\u00f3n\u00bb (Otra frasecita salida de los laboratorios bolivarianos de propaganda):<\/p>\n<p><span class=\"embed-youtube\" style=\"text-align:center; display: block;\"><iframe loading=\"lazy\" class=\"youtube-player\" width=\"696\" height=\"392\" src=\"https:\/\/www.youtube.com\/embed\/su0QacY5mSc?version=3&#038;rel=1&#038;showsearch=0&#038;showinfo=1&#038;iv_load_policy=1&#038;fs=1&#038;hl=es-ES&#038;autohide=2&#038;wmode=transparent\" allowfullscreen=\"true\" style=\"border:0;\" sandbox=\"allow-scripts allow-same-origin allow-popups allow-presentation allow-popups-to-escape-sandbox\"><\/iframe><\/span><\/p>\n<p>Es decir, que nosotros somos unos necr\u00f3filos pat\u00e9ticos, porque nos estamos calentando con muertos que ni siquiera existen, encima de necr\u00f3filos, paj\u00faos. O s\u00f3lo existen desde que Capriles agarr\u00f3 la gobernaci\u00f3n de Miranda.<\/p>\n<p>No voy a caer en lo mismo que caen el gobierno y sus partidarios y no voy a insultarlos. Pero viendo bien la situaci\u00f3n, en un pa\u00eds donde hay 20.000 muertos al a\u00f1o, donde los funcionarios se r\u00eden de los muertos y del dolor de los vivos mientras mienten en TV internacional, donde el presidente hace un acontecimiento nacional el manosear los huesos de un cad\u00e1ver de casi 200 a\u00f1os, un pa\u00eds as\u00ed ser\u00eda el para\u00edso para un necr\u00f3filo, con tanto muerto, tanta incertidumbre, tanta reverencia a personas muertas, a ideas muertas y donde <a href=\"http:\/\/laclase.info\/nacionales\/videos-autor-de-la-masacre-de-cantaura-es-candidato-del-psuv-por-el-estado-guarico\">los traedores de la muerte siguen impunes<\/a>, amparados por el Poder, mientras repiten un lema que dice \u00abPatria, Socialismo o Muerte\u00bb.\u00a0Ya vivimos bajo la necrofilia, con una tanatocracia ideol\u00f3gica, para rematar.<\/p>\n","protected":false},"excerpt":{"rendered":"<p>&nbsp; Los que mueren por la vida no pueden llamarse muertos\u00bb \u00abPatria, Socialismo o Muerte\u00bb &nbsp; Me gustar\u00eda saber mejor los detalles detr\u00e1s del origen de los memes del chavismo. C\u00f3mo se decide cual ser\u00e1 la nueva palabra estrella que ser\u00e1 lanzada en\u00a0prime time por Mario Silva o P\u00e9rez Pirela o por el Milico mismo [&hellip;]<\/p>\n","protected":false},"author":1102,"featured_media":29148,"comment_status":"open","ping_status":"open","sticky":false,"template":"","format":"standard","meta":{"jetpack_post_was_ever_published":false,"_jetpack_newsletter_access":"","_jetpack_dont_email_post_to_subs":false,"_jetpack_newsletter_tier_id":0,"_jetpack_memberships_contains_paywalled_content":false,"_jetpack_memberships_contains_paid_content":false,"footnotes":"","jetpack_publicize_message":"","jetpack_publicize_feature_enabled":true,"jetpack_social_post_already_shared":false,"jetpack_social_options":{"image_generator_settings":{"template":"highway","default_image_id":0,"font":"","enabled":false},"version":2}},"categories":[1],"tags":[45,181,555,1981,59,44],"class_list":{"0":"post-29143","1":"post","2":"type-post","3":"status-publish","4":"format-standard","5":"has-post-thumbnail","7":"category-azares","8":"tag-chavez","9":"tag-hugo-chavez","10":"tag-inseguridad","11":"tag-necrofilia","12":"tag-politica-venezolana","13":"tag-venezuela"},"jetpack_publicize_connections":[],"jetpack_featured_media_url":"https:\/\/i0.wp.com\/www.panfletonegro.com\/v\/wp-content\/uploads\/2012\/09\/esqueleto.jpg?fit=614%2C367&ssl=1","jetpack_shortlink":"https:\/\/wp.me\/pfpCD-7A3","jetpack_sharing_enabled":true,"_links":{"self":[{"href":"https:\/\/www.panfletonegro.com\/v\/wp-json\/wp\/v2\/posts\/29143","targetHints":{"allow":["GET"]}}],"collection":[{"href":"https:\/\/www.panfletonegro.com\/v\/wp-json\/wp\/v2\/posts"}],"about":[{"href":"https:\/\/www.panfletonegro.com\/v\/wp-json\/wp\/v2\/types\/post"}],"author":[{"embeddable":true,"href":"https:\/\/www.panfletonegro.com\/v\/wp-json\/wp\/v2\/users\/1102"}],"replies":[{"embeddable":true,"href":"https:\/\/www.panfletonegro.com\/v\/wp-json\/wp\/v2\/comments?post=29143"}],"version-history":[{"count":0,"href":"https:\/\/www.panfletonegro.com\/v\/wp-json\/wp\/v2\/posts\/29143\/revisions"}],"wp:featuredmedia":[{"embeddable":true,"href":"https:\/\/www.panfletonegro.com\/v\/wp-json\/wp\/v2\/media\/29148"}],"wp:attachment":[{"href":"https:\/\/www.panfletonegro.com\/v\/wp-json\/wp\/v2\/media?parent=29143"}],"wp:term":[{"taxonomy":"category","embeddable":true,"href":"https:\/\/www.panfletonegro.com\/v\/wp-json\/wp\/v2\/categories?post=29143"},{"taxonomy":"post_tag","embeddable":true,"href":"https:\/\/www.panfletonegro.com\/v\/wp-json\/wp\/v2\/tags?post=29143"}],"curies":[{"name":"wp","href":"https:\/\/api.w.org\/{rel}","templated":true}]}}