{"id":29072,"date":"2012-09-06T22:13:32","date_gmt":"2012-09-07T02:43:32","guid":{"rendered":"http:\/\/www.panfletonegro.com\/v\/?p=29072"},"modified":"2012-09-06T22:13:32","modified_gmt":"2012-09-07T02:43:32","slug":"carceles-propaganda-y-revolucion","status":"publish","type":"post","link":"https:\/\/www.panfletonegro.com\/v\/2012\/09\/06\/carceles-propaganda-y-revolucion\/","title":{"rendered":"C\u00e1rceles, propaganda y revoluci\u00f3n"},"content":{"rendered":"<p style=\"text-align: center\"><a href=\"http:\/\/golcar.wordpress.com\/2011\/07\/17\/carceles-propaganda-y-revolucion\/\"><em><strong>Hoy, por casualidad, me encontr\u00e9 este post en mi blog que escrib\u00ed y publiqu\u00e9 hace m\u00e1s de una a\u00f1o. No lo recordaba mucho por lo que me dediqu\u00e9 a leerlo y me sorprendi\u00f3 que, un a\u00f1o despu\u00e9s, y con un ministerio creado espec\u00edficamente para atender los asuntos penitenciarios, siga teniendo tanta vigencia lo escrito all\u00ed. Por eso, me pareci\u00f3 oportuno compartirlo en PN sin cambiarle nada.<\/strong><\/em><\/a><\/p>\n<p><a href=\"http:\/\/golcar.wordpress.com\/2011\/07\/17\/carceles-propaganda-y-revolucion\/rodeo1\/\" rel=\"attachment wp-att-3195\"><img data-recalc-dims=\"1\" loading=\"lazy\" decoding=\"async\" class=\"aligncenter size-full wp-image-3195\" src=\"http:\/\/golcar.files.wordpress.com\/2011\/07\/rodeo1.jpg?resize=525%2C365\" alt=\"\" width=\"525\" height=\"365\" \/><\/a><\/p>\n<p>S\u00e1bado 16 de julio de 2011, luego de dormir una corta y reparadora siesta despu\u00e9s de llegar del trabajo, aburrido y sin m\u00e1s nada qu\u00e9 hacer, enciendo el televisor con la esperanza de conseguir alg\u00fan programa interesante o, por lo menos, entretenido qu\u00e9 ver. Comienzo a hacer zapping, recorriendo los canales y, cuando paso por el 6, dial en el que se recibe la se\u00f1al del canal del gobierno, VTV, observo que est\u00e1 por terminar una de esas propagandas de la Misi\u00f3n Vivienda con las que atosigan en cada corte de la programaci\u00f3n y con las que pretenden darle visos de realidad a ese enga\u00f1o ideado para mantener a sus seguidores enganchados a una esperanza.<\/p>\n<p>Me quedo un poco absorto pensando en la capacidad de enga\u00f1o con la que cuenta el r\u00e9gimen y la propaganda de la Misi\u00f3n Vivienda da paso a una promoci\u00f3n, que en el fondo no deja de ser otra propaganda como toda la programaci\u00f3n de ese canal, en la que invitan a ver un programa sobre el problema carcelario en Venezuela.<\/p>\n<p>\u201c\u00a1Caramba! -me digo-, parece que por fin el r\u00e9gimen se va a dignar a darnos informaci\u00f3n acerca de lo ocurrido en El Rodeo I y en el Rodeo II\u201d. \u00a0Me quedo pegado al canal de propaganda del gobierno para averiguar de qu\u00e9 ir\u00e1 el programa. De puro iluso que soy, <a href=\"http:\/\/golcar.wordpress.com\/2011\/07\/17\/carceles-propaganda-y-revolucion\/rodeo2\/\" rel=\"attachment wp-att-3198\"><img data-recalc-dims=\"1\" loading=\"lazy\" decoding=\"async\" data-attachment-id=\"3198\" data-permalink=\"https:\/\/www.panfletonegro.com\/v\/2009\/05\/19\/1-2-3-4-1-2-3-4\/mexico-independence-day\/\" data-orig-file=\"https:\/\/i0.wp.com\/www.panfletonegro.com\/v\/wp-content\/uploads\/2009\/05\/20080916195109enlus0149079012215946.jpg?fit=640%2C435&amp;ssl=1\" data-orig-size=\"640,435\" data-comments-opened=\"1\" data-image-meta=\"{&quot;aperture&quot;:&quot;0&quot;,&quot;credit&quot;:&quot;EPA&quot;,&quot;camera&quot;:&quot;&quot;,&quot;caption&quot;:&quot;epa01490790 Mexican members of the Army attend the Military parade during the celebrations of Mexico&#039;s Independence Day in Mexico City, Mexico, 16 September 2008.  EPA\/DAVID DE LA PAZ&quot;,&quot;created_timestamp&quot;:&quot;1221586980&quot;,&quot;copyright&quot;:&quot;&quot;,&quot;focal_length&quot;:&quot;0&quot;,&quot;iso&quot;:&quot;0&quot;,&quot;shutter_speed&quot;:&quot;0&quot;,&quot;title&quot;:&quot;MEXICO INDEPENDENCE DAY&quot;}\" data-image-title=\"MEXICO INDEPENDENCE DAY\" data-image-description=\"&lt;p&gt;epa01490790 Mexican members of the Army attend the Military parade during the celebrations of Mexico&amp;#8217;s Independence Day in Mexico City, Mexico, 16 September 2008.  EPA\/DAVID DE LA PAZ&lt;\/p&gt;\n\" data-image-caption=\"\" data-large-file=\"https:\/\/i0.wp.com\/www.panfletonegro.com\/v\/wp-content\/uploads\/2009\/05\/20080916195109enlus0149079012215946.jpg?fit=640%2C435&amp;ssl=1\" class=\"alignright size-medium wp-image-3198\" src=\"http:\/\/golcar.files.wordpress.com\/2011\/07\/rodeo2.jpg?w=300&#038;resize=300%2C203\" alt=\"\" width=\"300\" height=\"203\" \/><\/a>espero que en la promoci\u00f3n me digan que van a hablar con seriedad sobre cu\u00e1ntos reos murieron en los recientes hechos acontecidos en ambos penales y, cu\u00e1ntos y qui\u00e9nes escaparon en una hu\u00edda que parece llevada a cabo por un prestidigitador. Veo la propaganda para ver si en el programa anunciado dir\u00e1n c\u00f3mo entraron a los penales las armas, la droga y el dinero all\u00ed encontrados, si mostrar\u00e1n a los responsables, a quienes negociaron para hacerse de la vista gorda mientras las mafias se apoderaban de los penales y un pu\u00f1ado de PRANES decid\u00eda qui\u00e9n entra y qui\u00e9n sale, qui\u00e9n tiene derecho a comer y a vivir o cu\u00e1nto tienen que pagar para tener esos derechos. Supongo que me explicar\u00e1n c\u00f3mo desde las c\u00e1rceles se planifican robos, extorsiones y secuestros y que hablar\u00e1n sobre las medidas que el gobierno va a tomar para poner fin a tanta infamia y tanto terror que se vive dentro de las penitenciar\u00edas donde los PRANES mandan, donde se observa c\u00f3mo entran y salen mafiosos con armas de todos los calibres ante la mirada c\u00f3mplice de los guardias y como, en algunos casos, esas mafias deciden qui\u00e9n es el director y qui\u00e9n no puede serlo.<\/p>\n<p>Pongo cuidado a la promoci\u00f3n y me doy cuenta que nada m\u00e1s lejos de lo que yo esperaba. El programa anunciado no es m\u00e1s que una pieza m\u00e1s de propaganda del r\u00e9gimen en la que, como de costumbre, echar\u00e1n toda la culpa de lo sucedido a los a\u00f1os de democracia de la cuarta rep\u00fablica. Como si el gobierno del Presidente Ch\u00e1vez se acabara de juramentar, el programa s\u00f3lo se centrar\u00e1 en c\u00f3mo era el sistema penitenciario en esos a\u00f1os, desempolvar\u00e1n im\u00e1genes, testimonios, informaciones y declaraciones que mostrar\u00e1n c\u00f3mo el infierno carcelario es hijo de los gobiernos de Caldera y Carlos Andr\u00e9s para atr\u00e1s, pasando por los de Lusinchi y Luis Herrera. Para los realizadores del programa es como si no hubiesen pasado 12 largos a\u00f1os de este gobierno. Seg\u00fan la propaganda vista, parece que el programa dir\u00e1 que es ins\u00f3lito lo que ocurre en las c\u00e1rceles, como lo dijera hace poco el propio presidente de Venezuela en unas declaraciones en las que pretend\u00eda hacer creer que se acababa de enterar de la situaci\u00f3n penitenciaria.<\/p>\n<p>Al terminar de ver la propaganda pienso: \u201cQu\u00e9 capacidad tan impresionante tiene este r\u00e9gimen para escurrir el bulto, para evadir sus responsabilidades en todo lo que sucede actualmente en el pa\u00eds\u201d y desvar\u00edo pensando c\u00f3mo podr\u00eda haber sido este gobierno si la capacidad y creatividad para idear propaganda la hubieran puesto al servicio del desarrollo del pa\u00eds.<\/p>\n<p>\u00a1\u00a112 a\u00f1os!! Ya casi 13, y todav\u00eda pretenden hacernos creer que la culpa es del gobierno anterior. Este R\u00e9gimen le quit\u00f3 a las gobernaciones su competencia en las c\u00e1rceles porque se supon\u00eda que iban a remediar todo lo que all\u00ed ocurr\u00eda. Es decir, desde un principio estaba al tanto de lo que all\u00ed pasaba y se manten\u00eda al tanto de c\u00f3mo todo eso fue empeorando a medida que la \u201crevoluci\u00f3n\u201d avanzaba y se afianzaba. Cuando Ch\u00e1vez asumi\u00f3 la presidencia de la rep\u00fablica, esos j\u00f3venes de 22 o 23 a\u00f1os que hoy son los PRANES de la penitenciar\u00edas ten\u00edan apenas 10 a\u00f1os, eran unos ni\u00f1os, y los Guardias Nacionales que est\u00e1n encargados de la custodia de los centros carcelarios y que negocian para permitir la entrada de armamentos de guerra, armas blancas, alcohol y drogas a esos centros tambi\u00e9n eran ni\u00f1os de quiz\u00e1s unos siete u ocho a\u00f1os. Es decir, esos j\u00f3venes que han <a href=\"http:\/\/golcar.wordpress.com\/2011\/07\/17\/carceles-propaganda-y-revolucion\/rodeo3\/\" rel=\"attachment wp-att-3199\"><img data-recalc-dims=\"1\" loading=\"lazy\" decoding=\"async\" data-attachment-id=\"3199\" data-permalink=\"https:\/\/www.panfletonegro.com\/v\/2009\/05\/19\/1-2-3-4-1-2-3-4\/mexico-independence-day-2\/\" data-orig-file=\"https:\/\/i0.wp.com\/www.panfletonegro.com\/v\/wp-content\/uploads\/2009\/05\/20080916195109enlus01490790122159461.jpg?fit=640%2C435&amp;ssl=1\" data-orig-size=\"640,435\" data-comments-opened=\"1\" data-image-meta=\"{&quot;aperture&quot;:&quot;0&quot;,&quot;credit&quot;:&quot;EPA&quot;,&quot;camera&quot;:&quot;&quot;,&quot;caption&quot;:&quot;epa01490790 Mexican members of the Army attend the Military parade during the celebrations of Mexico&#039;s Independence Day in Mexico City, Mexico, 16 September 2008.  EPA\/DAVID DE LA PAZ&quot;,&quot;created_timestamp&quot;:&quot;1221586980&quot;,&quot;copyright&quot;:&quot;&quot;,&quot;focal_length&quot;:&quot;0&quot;,&quot;iso&quot;:&quot;0&quot;,&quot;shutter_speed&quot;:&quot;0&quot;,&quot;title&quot;:&quot;MEXICO INDEPENDENCE DAY&quot;}\" data-image-title=\"el nuevo hombre socialista del siglo XXI\" data-image-description=\"\" data-image-caption=\"&lt;p&gt;el nuevo hombre socialista del siglo XXI&lt;\/p&gt;\n\" data-large-file=\"https:\/\/i0.wp.com\/www.panfletonegro.com\/v\/wp-content\/uploads\/2009\/05\/20080916195109enlus01490790122159461.jpg?fit=640%2C435&amp;ssl=1\" class=\"alignleft size-medium wp-image-3199\" src=\"http:\/\/golcar.files.wordpress.com\/2011\/07\/rodeo3.jpg?w=300&#038;resize=300%2C199\" alt=\"\" width=\"300\" height=\"199\" \/><\/a>sembrado de horror las c\u00e1rceles del pa\u00eds, son los hijos de esta \u201crevoluci\u00f3n\u201d, son el \u201chombre nuevo\u201d que nos han prometido desde el inicio del r\u00e9gimen el presidente y sus colaboradores.<\/p>\n<p>Termina la propaganda y me convenzo que nunca este gobierno asumir\u00e1 sus responsabilidades, seguir\u00e1 con su eterna cantinela de la cuarta rep\u00fablica a pesar de que la quinta ya pasa de los doce a\u00f1os. Cambio una vez m\u00e1s de canal a sabiendas de que nunca sabremos la verdad de lo ocurrido en los penales, no sabremos qu\u00e9 reos murieron y qu\u00e9 reos lograron escapar y con seguridad nunca veremos a los responsables de lo sucedido pagando por lo que hicieron.<\/p>\n<p>Haciendo zapping llego a un canal en el que est\u00e1n dando \u201cAlicia en el pa\u00eds de las Maravillas\u201d y all\u00ed me quedo, absorto, viendo la pel\u00edcula.<\/p>\n<p>&nbsp;<\/p>\n","protected":false},"excerpt":{"rendered":"<p>Hoy, por casualidad, me encontr\u00e9 este post en mi blog que escrib\u00ed y publiqu\u00e9 hace m\u00e1s de una a\u00f1o. No lo recordaba mucho por lo que me dediqu\u00e9 a leerlo y me sorprendi\u00f3 que, un a\u00f1o despu\u00e9s, y con un ministerio creado espec\u00edficamente para atender los asuntos penitenciarios, siga teniendo tanta vigencia lo escrito all\u00ed. [&hellip;]<\/p>\n","protected":false},"author":1947,"featured_media":0,"comment_status":"open","ping_status":"open","sticky":false,"template":"","format":"standard","meta":{"jetpack_post_was_ever_published":false,"_jetpack_newsletter_access":"","_jetpack_dont_email_post_to_subs":false,"_jetpack_newsletter_tier_id":0,"_jetpack_memberships_contains_paywalled_content":false,"_jetpack_memberships_contains_paid_content":false,"footnotes":"","jetpack_publicize_message":"","jetpack_publicize_feature_enabled":true,"jetpack_social_post_already_shared":false,"jetpack_social_options":{"image_generator_settings":{"template":"highway","default_image_id":0,"font":"","enabled":false},"version":2}},"categories":[1],"tags":[],"class_list":{"0":"post-29072","1":"post","2":"type-post","3":"status-publish","4":"format-standard","6":"category-azares"},"jetpack_publicize_connections":[],"jetpack_featured_media_url":"","jetpack_shortlink":"https:\/\/wp.me\/pfpCD-7yU","jetpack_sharing_enabled":true,"_links":{"self":[{"href":"https:\/\/www.panfletonegro.com\/v\/wp-json\/wp\/v2\/posts\/29072","targetHints":{"allow":["GET"]}}],"collection":[{"href":"https:\/\/www.panfletonegro.com\/v\/wp-json\/wp\/v2\/posts"}],"about":[{"href":"https:\/\/www.panfletonegro.com\/v\/wp-json\/wp\/v2\/types\/post"}],"author":[{"embeddable":true,"href":"https:\/\/www.panfletonegro.com\/v\/wp-json\/wp\/v2\/users\/1947"}],"replies":[{"embeddable":true,"href":"https:\/\/www.panfletonegro.com\/v\/wp-json\/wp\/v2\/comments?post=29072"}],"version-history":[{"count":0,"href":"https:\/\/www.panfletonegro.com\/v\/wp-json\/wp\/v2\/posts\/29072\/revisions"}],"wp:attachment":[{"href":"https:\/\/www.panfletonegro.com\/v\/wp-json\/wp\/v2\/media?parent=29072"}],"wp:term":[{"taxonomy":"category","embeddable":true,"href":"https:\/\/www.panfletonegro.com\/v\/wp-json\/wp\/v2\/categories?post=29072"},{"taxonomy":"post_tag","embeddable":true,"href":"https:\/\/www.panfletonegro.com\/v\/wp-json\/wp\/v2\/tags?post=29072"}],"curies":[{"name":"wp","href":"https:\/\/api.w.org\/{rel}","templated":true}]}}