{"id":290,"date":"2006-11-05T15:05:06","date_gmt":"2006-11-05T19:05:06","guid":{"rendered":"http:\/\/www.panfletonegro.com\/v\/2006\/11\/05\/queso-blanco-rallado\/"},"modified":"2006-11-05T19:56:06","modified_gmt":"2006-11-05T23:56:06","slug":"queso-blanco-rallado","status":"publish","type":"post","link":"https:\/\/www.panfletonegro.com\/v\/2006\/11\/05\/queso-blanco-rallado\/","title":{"rendered":"Queso blanco rallado"},"content":{"rendered":"<p>Conserva de guayaba contigo<br \/>\nY distancia y categor\u00eda<br \/>\nTienda para sacos que eres<br \/>\nFormal y etiquetada de triste<br \/>\nTe aconsejo que este diciembre<br \/>\nMojes pan en chocolate y luego en queso blanco rallado<br \/>\nY as\u00ed se mojen tu ambici\u00f3n, con la ambici\u00f3n planetaria de esperar al Mes\u00edas,<br \/>\nDe celebrar un suicidio \u00bfPorque el flaco eso hizo no?<br \/>\nAm\u00f3, delir\u00f3, se suicid\u00f3 por nosotros.<\/p>\n","protected":false},"excerpt":{"rendered":"<p>Conserva de guayaba contigo Y distancia y categor\u00eda Tienda para sacos que eres Formal y etiquetada de triste Te aconsejo que este diciembre Mojes pan en chocolate y luego en queso blanco rallado Y as\u00ed se mojen tu ambici\u00f3n, con la ambici\u00f3n planetaria de esperar al Mes\u00edas, De celebrar un suicidio \u00bfPorque el flaco eso [&hellip;]<\/p>\n","protected":false},"author":23,"featured_media":0,"comment_status":"closed","ping_status":"open","sticky":false,"template":"","format":"standard","meta":{"jetpack_post_was_ever_published":false,"_jetpack_newsletter_access":"","_jetpack_dont_email_post_to_subs":false,"_jetpack_newsletter_tier_id":0,"_jetpack_memberships_contains_paywalled_content":false,"_jetpack_memberships_contains_paid_content":false,"footnotes":"","jetpack_publicize_message":"","jetpack_publicize_feature_enabled":true,"jetpack_social_post_already_shared":false,"jetpack_social_options":{"image_generator_settings":{"template":"highway","default_image_id":0,"font":"","enabled":false},"version":2}},"categories":[2],"tags":[],"class_list":{"0":"post-290","1":"post","2":"type-post","3":"status-publish","4":"format-standard","6":"category-poesia"},"jetpack_publicize_connections":[],"jetpack_featured_media_url":"","jetpack_shortlink":"https:\/\/wp.me\/pfpCD-4G","jetpack_sharing_enabled":true,"_links":{"self":[{"href":"https:\/\/www.panfletonegro.com\/v\/wp-json\/wp\/v2\/posts\/290","targetHints":{"allow":["GET"]}}],"collection":[{"href":"https:\/\/www.panfletonegro.com\/v\/wp-json\/wp\/v2\/posts"}],"about":[{"href":"https:\/\/www.panfletonegro.com\/v\/wp-json\/wp\/v2\/types\/post"}],"author":[{"embeddable":true,"href":"https:\/\/www.panfletonegro.com\/v\/wp-json\/wp\/v2\/users\/23"}],"replies":[{"embeddable":true,"href":"https:\/\/www.panfletonegro.com\/v\/wp-json\/wp\/v2\/comments?post=290"}],"version-history":[{"count":0,"href":"https:\/\/www.panfletonegro.com\/v\/wp-json\/wp\/v2\/posts\/290\/revisions"}],"wp:attachment":[{"href":"https:\/\/www.panfletonegro.com\/v\/wp-json\/wp\/v2\/media?parent=290"}],"wp:term":[{"taxonomy":"category","embeddable":true,"href":"https:\/\/www.panfletonegro.com\/v\/wp-json\/wp\/v2\/categories?post=290"},{"taxonomy":"post_tag","embeddable":true,"href":"https:\/\/www.panfletonegro.com\/v\/wp-json\/wp\/v2\/tags?post=290"}],"curies":[{"name":"wp","href":"https:\/\/api.w.org\/{rel}","templated":true}]}}