{"id":28244,"date":"2012-08-19T14:15:49","date_gmt":"2012-08-19T18:45:49","guid":{"rendered":"http:\/\/www.panfletonegro.com\/v\/?p=28244"},"modified":"2014-06-07T12:17:09","modified_gmt":"2014-06-07T16:47:09","slug":"critica","status":"publish","type":"post","link":"https:\/\/www.panfletonegro.com\/v\/2012\/08\/19\/critica\/","title":{"rendered":"Un problema grave con la cr\u00edtica"},"content":{"rendered":"<p><a href=\"http:\/\/knowyourmeme.com\/memes\/haters-gonna-hate\"><img data-recalc-dims=\"1\" loading=\"lazy\" decoding=\"async\" class=\"aligncenter size-full wp-image-3863\" title=\"5008_9c00_420\" src=\"https:\/\/i0.wp.com\/www.afinidades.org\/wp-content\/uploads\/2012\/08\/5008_9c00_420.gif?resize=420%2C320\" alt=\"\" width=\"420\" height=\"320\" \/><\/a><\/p>\n<p>En las \u00faltimas semanas hemos visto la culminaci\u00f3n de una campa\u00f1a de redes sociales para el lanzamiento de <a href=\"http:\/\/paisajeno.blogspot.com\">Paisajeno<\/a>, el \u00faltimo libro de <a href=\"http:\/\/twitter.com\/willymckey\" target=\"_blank\">Willy McKey<\/a>. La campa\u00f1a est\u00e1 potenciada con <a href=\"http:\/\/www.youtube.com\/user\/willymckey\" target=\"_blank\">videos de YouTube<\/a>\u00a0y me parece que ha marcado un hito en la historia de la edici\u00f3n en Venezuela. O mejor dicho, en Caracas.<\/p>\n<p>Una ciudad no es ciudad hasta que tiene <strong>un mundillo literario de alianzas cruzadas<\/strong>. Dentro de ese mundillo, hacen eventos, se re\u00fanen para leer malos poemas, todo el mundo aplaude y se da palmadas en la espalda. Todos sonr\u00eden para la foto. Nadie se preocupa por escribir bien.<\/p>\n<p>He vivido en mal llamadas ciudades que no tienen eso y cr\u00e9eme, no es lo mismo.<\/p>\n<p>Y no me mal interpretes, respeto a Willy, me parece que la <a href=\"http:\/\/revistadepoesiaelsalmon.blogspot.com\" target=\"_blank\">evaluaci\u00f3n de la poes\u00eda venezolana<\/a>\u00a0que hizo con Santiago Acosta\u00a0era necesaria desde antes de que \u00e9l naciera.\u00a0Esto tampoco quiere decir que me guste como escribe Willy. Muchos hechos apuntan a que \u00e9l sabe m\u00e1s que yo sobre escribir bien. Pero no me gusta. No solo no me gusta, sino que estoy seguro que a mis maestros \u2013esos que todav\u00eda se sientan en la parte de atr\u00e1s de los recitales en Caracas\u2013 tampoco les gusta. Apuesto que se guardan palabras muy, muy duras.<\/p>\n<p>Y esa es la clave: se las guardan. Porque suficientemente jodida est\u00e1 la situaci\u00f3n, como para pisarse la manguera.<\/p>\n<p>En panfletonegro no nos las guardamos. \u00a0Panfletonegro podr\u00eda destacar por un pu\u00f1ado de cosas, inclusive por lo pobre de su contenido. Pero en lugar de eso, destaca porque somos \u00abunos resentidos\u00bb y porque criticamos \u00aben vez de hacer algo\u00bb. <strong>Somos una verruga en la internet porque mucha gente tiene un problema grave con la cr\u00edtica<\/strong>, o mejor dicho:<\/p>\n<blockquote><p>(\u2026)\u00a0confunden la cr\u00edtica con el odio, cuando reclamas un mal servicio te miran como un bicho raro, te atreves a hacer un comentario sobre Dudamel que no involucre la palabra \u201cgenio\u201d y eres crucificado, los medios de comunicaci\u00f3n mantienen a la rosca dulce dando vueltas y cierran m\u00e1s puertas de las que abren (\u2026)<\/p>\n<p><a href=\"http:\/\/www.panfletonegro.com\/v\/2012\/07\/19\/la-critica-esa-bitch\/\" target=\"_blank\">Adriana Perez Bonilla &#8211; La cr\u00edtica, esa bitch<\/a><\/p><\/blockquote>\n<p>Esto\u00a0<a href=\"http:\/\/www.panfletonegro.com\/v\/2009\/04\/13\/panfletonegro-un-lugar-para-la-difamacion\/\" target=\"_blank\">lo hemos hablado<\/a>\u00a0y hemos tratado de justificarnos una y otra vez en art\u00edculos y comentarios. Sobre todo en los del \u00ab<a href=\"http:\/\/www.panfletonegro.com\/v\/tag\/rock-nacional\/\" target=\"_blank\">Rock Nacional<\/a>\u00ab, donde convergen todos los fundamentalistas venezolanos. Pero no hemos ni comenzado a hacer mella en esas actitudes (tampoco esper\u00e1bamos mucho, la verdad). Es tan notoria nuestra <em>tendencia<\/em>\u00a0a \u00abcriticarlo todo\u00bb y a que \u00abno nos guste nada\u00bb (a pesar de que google se\u00f1ala lo contrario), que un autor nuevo public\u00f3 en estos d\u00edas un art\u00edculo contra <a href=\"http:\/\/li.co.ve\/hGu \" target=\"_blank\">Willy McKey<\/a>\u00a0con la obvia intenci\u00f3n de hacer una caricatura del panfleto. Willy lo recibi\u00f3 como un campe\u00f3n. Pero nos hemos definido tan claramente dentro del mundillo literario caraque\u00f1o, que muchos se tomaron en serio ese <em>trollbait<\/em> y la respuesta de sus fans no se hizo esperar.<\/p>\n<p>Lave, enjuague, repita.<\/p>\n<p>Y es que al final, m\u00e1s que un problema de actitud ante la vida, <strong>he comenzado a pensar que es un asunto gen\u00e9tico<\/strong>. Eres susceptible a la cr\u00edtica o no. En el viejo panfleto, tuve el placer de editar cientos de rese\u00f1as\u00a0pendencieras de <a href=\"http:\/\/www.panfletonegro.com\/v\/author\/sergio-m\/\" target=\"_blank\">Sergio<\/a>. Siempre con el temor, no, la <em>certeza<\/em>, de que alg\u00fan d\u00eda me tocar\u00eda a mi y para ese momento reservaba sus palabras m\u00e1s duras. Pero con la misma seguridad creo que \u00e9l puede criticarme y yo a \u00e9l y eso no evitar\u00e1 que nos tomemos una cerveza o nos admiremos menos. Esa actitud autom\u00e1ticamente nos convierte en parias y de pronto por eso estamos escondidos llorando en la misma trinchera.<\/p>\n<p>Este problema frente a la cr\u00edtica se potencia con el consenso diseminado de que <a href=\"http:\/\/blog.penelopetrunk.com\/2007\/10\/17\/the-real-deal-about-gen-y-theyre-inherently-conservative\/\" target=\"_blank\">la generaci\u00f3n Y evita el conflicto a toda costa<\/a>. Facebook no tiene bot\u00f3n de \u00abunlike\u00bb, el \u00abme gust\u00f3, pero&#8230;\u00bb es imposible en\u00a0twitter y te mueres un mont\u00f3n de veces en Pinterest. Anda, busca <a href=\"http:\/\/pinterest.com\/search\/?q=i+die\" target=\"_blank\">\u00abI die\u00bb en Pinterest<\/a>. Te espero.<\/p>\n<p>Las plataformas de comunicaci\u00f3n positivistas nos dan <strong>un atajo para evitar el conflicto<\/strong>, pero a la vez hacen mella en nuestra capacidad para argumentar. Estamos tan mal entrenados que cuando escalamos el muro de la inhibici\u00f3n y nos atrevemos a criticar, tardamos dos l\u00edneas en caer en el argumento\u00a0<em>ad hominem<\/em>, o en el <em><a href=\"http:\/\/en.wikipedia.org\/wiki\/Reductio_ad_Hitlerum\" target=\"_blank\">reductio ad Hilterum<\/a><\/em>.<\/p>\n<p>Al perder nuestra capacidad para criticar, perdemos una herramienta fundamental para el progreso cultural.\u00a0Jacob Silverman lo dice mejor <a href=\"http:\/\/www.slate.com\/articles\/arts\/books\/2012\/08\/writers_and_readers_on_twitter_and_tumblr_we_need_more_criticism_less_liking_.single.html\" target=\"_blank\">en este <em>necesario<\/em> art\u00edculo<\/a> para Slate:<\/p>\n<blockquote><p>A better literary culture would be one that&#8217;s not so dependent on personal esteem and mutual reinforcement. It would not treat offense or disagreement as toxic. We wouldn&#8217;t want so badly to be liked above all. We&#8217;d tolerate barbed reviews, some quarrels, and blistering critiques, because they make our culture more interesting and because they are often more sincere reflections of our passions.<\/p><\/blockquote>\n<p>Eso es, exactamente \u00bfC\u00f3mo se suponer que ayudo a la cultura si no meto el dedo donde duele? \u00a0\u00bfNo les parece que ya tenemos suficientes aplaudidores? \u00bfEn serio creen que hasta la cr\u00edtica m\u00e1s equivocada no puede ayudarnos a descubrir algo?<\/p>\n<p>(este art\u00edculo de Silverman nos revela otra cosa: esto no es un problema de la ciudad de Caracas. Por supuesto que no. Soy culpable de un ardid. Aunque t\u00fa y yo sabemos que el problema se manifiesta con distintas intensidades, dependiendo de lo acomplejada y pretenciosa que sea una sociedad. Si vives en otro lugar, te invito a cambiar \u00abCaracas\u00bb por tu centro urbano m\u00e1s pr\u00f3ximo. Eso s\u00ed, tal como mencion\u00e9, debe tener un mundillo cultural)<\/p>\n<p>La escena de la cr\u00edtica en Caracas quiere ser una copia de la revista <a href=\"http:\/\/www.estampas.com\/\" target=\"_blank\">Estampas<\/a>. Nadie se queja, nadie tiene una opini\u00f3n distinta y todo el mundo simula que se ley\u00f3 el libro,\u00a0<em>compr\u00f3<\/em> el disco, lo entendi\u00f3 y tiene una camiseta que lo demuestra. De pronto si hubiese m\u00e1s cr\u00edtica y menos payasadas, no habr\u00eda tanta mediocridad. El mundillo de la cultura caraque\u00f1a dejar\u00eda de ser ese circo precario en el que los \u00abcr\u00edticos\u00bb confunden la escritura con el copypasta.<\/p>\n<p>As\u00ed que la pr\u00f3xima vez que te preguntes por qu\u00e9 en Caracas no ocurren las cosas que quisieras (a nivel cultural, pol\u00edtico o econ\u00f3mico), perm\u00edteme sugerirte un culpable: nuestra incapacidad emocional, cultural, intelectual y gen\u00e9tica para tolerar una cr\u00edtica.<\/p>\n<p>&nbsp;<\/p>\n<p>Idea para los comentarios: los invito a poner ac\u00e1 abajo las reacciones m\u00e1s absurdas frente a la cr\u00edtica que han le\u00eddo en panfletonegro. \u00a1Podemos hacer un Top-5!<\/p>\n<p>&nbsp;<\/p>\n","protected":false},"excerpt":{"rendered":"<p>En las \u00faltimas semanas hemos visto la culminaci\u00f3n de una campa\u00f1a de redes sociales para el lanzamiento de Paisajeno, el \u00faltimo libro de Willy McKey. La campa\u00f1a est\u00e1 potenciada con videos de YouTube\u00a0y me parece que ha marcado un hito en la historia de la edici\u00f3n en Venezuela. O mejor dicho, en Caracas. Una ciudad [&hellip;]<\/p>\n","protected":false},"author":1,"featured_media":0,"comment_status":"open","ping_status":"open","sticky":false,"template":"","format":"standard","meta":{"jetpack_post_was_ever_published":false,"_jetpack_newsletter_access":"","_jetpack_dont_email_post_to_subs":false,"_jetpack_newsletter_tier_id":0,"_jetpack_memberships_contains_paywalled_content":false,"_jetpack_memberships_contains_paid_content":false,"footnotes":"","jetpack_publicize_message":"","jetpack_publicize_feature_enabled":true,"jetpack_social_post_already_shared":false,"jetpack_social_options":{"image_generator_settings":{"template":"highway","default_image_id":0,"font":"","enabled":false},"version":2}},"categories":[3],"tags":[67,33,895],"class_list":{"0":"post-28244","1":"post","2":"type-post","3":"status-publish","4":"format-standard","6":"category-descontento","7":"tag-critica","8":"tag-literatura-venezolana","9":"tag-rock-nacional"},"jetpack_publicize_connections":[],"jetpack_featured_media_url":"","jetpack_shortlink":"https:\/\/wp.me\/sfpCD-critica","jetpack_sharing_enabled":true,"_links":{"self":[{"href":"https:\/\/www.panfletonegro.com\/v\/wp-json\/wp\/v2\/posts\/28244","targetHints":{"allow":["GET"]}}],"collection":[{"href":"https:\/\/www.panfletonegro.com\/v\/wp-json\/wp\/v2\/posts"}],"about":[{"href":"https:\/\/www.panfletonegro.com\/v\/wp-json\/wp\/v2\/types\/post"}],"author":[{"embeddable":true,"href":"https:\/\/www.panfletonegro.com\/v\/wp-json\/wp\/v2\/users\/1"}],"replies":[{"embeddable":true,"href":"https:\/\/www.panfletonegro.com\/v\/wp-json\/wp\/v2\/comments?post=28244"}],"version-history":[{"count":0,"href":"https:\/\/www.panfletonegro.com\/v\/wp-json\/wp\/v2\/posts\/28244\/revisions"}],"wp:attachment":[{"href":"https:\/\/www.panfletonegro.com\/v\/wp-json\/wp\/v2\/media?parent=28244"}],"wp:term":[{"taxonomy":"category","embeddable":true,"href":"https:\/\/www.panfletonegro.com\/v\/wp-json\/wp\/v2\/categories?post=28244"},{"taxonomy":"post_tag","embeddable":true,"href":"https:\/\/www.panfletonegro.com\/v\/wp-json\/wp\/v2\/tags?post=28244"}],"curies":[{"name":"wp","href":"https:\/\/api.w.org\/{rel}","templated":true}]}}