{"id":27977,"date":"2012-08-13T06:23:05","date_gmt":"2012-08-13T10:53:05","guid":{"rendered":"http:\/\/www.panfletonegro.com\/v\/?p=27977"},"modified":"2012-08-13T06:25:23","modified_gmt":"2012-08-13T10:55:23","slug":"el-arbol-de-lima-aires-de-primavera","status":"publish","type":"post","link":"https:\/\/www.panfletonegro.com\/v\/2012\/08\/13\/el-arbol-de-lima-aires-de-primavera\/","title":{"rendered":"El \u00c1rbol de Lima: Aires de Primavera"},"content":{"rendered":"<p><a href=\"https:\/\/i0.wp.com\/www.panfletonegro.com\/v\/wp-content\/uploads\/2012\/08\/lemon-tree-etz-limon-poster-1.jpg\"><img data-recalc-dims=\"1\" loading=\"lazy\" decoding=\"async\" data-attachment-id=\"27978\" data-permalink=\"https:\/\/www.panfletonegro.com\/v\/2012\/08\/13\/el-arbol-de-lima-aires-de-primavera\/lemon-tree-etz-limon-poster-1\/\" data-orig-file=\"https:\/\/i0.wp.com\/www.panfletonegro.com\/v\/wp-content\/uploads\/2012\/08\/lemon-tree-etz-limon-poster-1.jpg?fit=420%2C600&amp;ssl=1\" data-orig-size=\"420,600\" data-comments-opened=\"1\" data-image-meta=\"{&quot;aperture&quot;:&quot;0&quot;,&quot;credit&quot;:&quot;&quot;,&quot;camera&quot;:&quot;&quot;,&quot;caption&quot;:&quot;&quot;,&quot;created_timestamp&quot;:&quot;0&quot;,&quot;copyright&quot;:&quot;&quot;,&quot;focal_length&quot;:&quot;0&quot;,&quot;iso&quot;:&quot;0&quot;,&quot;shutter_speed&quot;:&quot;0&quot;,&quot;title&quot;:&quot;&quot;}\" data-image-title=\"lemon-tree-etz-limon-poster-1\" data-image-description=\"\" data-image-caption=\"\" data-large-file=\"https:\/\/i0.wp.com\/www.panfletonegro.com\/v\/wp-content\/uploads\/2012\/08\/lemon-tree-etz-limon-poster-1.jpg?fit=420%2C600&amp;ssl=1\" src=\"https:\/\/i0.wp.com\/www.panfletonegro.com\/v\/wp-content\/uploads\/2012\/08\/lemon-tree-etz-limon-poster-1-210x300.jpg?resize=210%2C300\" alt=\"\" title=\"lemon-tree-etz-limon-poster-1\" width=\"210\" height=\"300\" class=\"alignnone size-medium wp-image-27978\" srcset=\"https:\/\/i0.wp.com\/www.panfletonegro.com\/v\/wp-content\/uploads\/2012\/08\/lemon-tree-etz-limon-poster-1.jpg?resize=210%2C300&amp;ssl=1 210w, https:\/\/i0.wp.com\/www.panfletonegro.com\/v\/wp-content\/uploads\/2012\/08\/lemon-tree-etz-limon-poster-1.jpg?resize=320%2C457&amp;ssl=1 320w, https:\/\/i0.wp.com\/www.panfletonegro.com\/v\/wp-content\/uploads\/2012\/08\/lemon-tree-etz-limon-poster-1.jpg?resize=145%2C207&amp;ssl=1 145w, https:\/\/i0.wp.com\/www.panfletonegro.com\/v\/wp-content\/uploads\/2012\/08\/lemon-tree-etz-limon-poster-1.jpg?w=420&amp;ssl=1 420w\" sizes=\"auto, (max-width: 210px) 100vw, 210px\" \/><\/a><br \/>\nNuevas olas sacuden al cine del medio oriente en la frontera entre Israel y Palestina. Los directores de cada estado proponen lecturas cr\u00edticas del conflicto hist\u00f3rico. Cuestionan a la burocracia y al complejo militar e industrial empe\u00f1ado en desconocer los derechos del adversario.<\/p>\n<p>Los mejores largometrajes sobre el problema intentan superar los c\u00e1nones binarios y maniqueos de la guerra fr\u00eda.<\/p>\n<p>Los peores alimentan la intolerancia, el antisemitismo y la simplificaci\u00f3n de la cultura \u00e1rabe. Por fortuna, se impone el patr\u00f3n del humanismo, el respeto y el reconocimiento de la otredad en el \u00e1mbito de la oferta contempor\u00e1nea.<\/p>\n<p>Ejemplos de ello son las obras maestras tanto de los realizadores nacidos en Tel Aviv como de los descendientes de la franja de Gaza. Del primer grupo destacan <em>Waltz with Bashir<\/em>(\u00e9xito de Cannes), <em>L\u00edbano<\/em>(Le\u00f3n de Oro de Venecia) y <em>Kadosh<\/em>( del enorme Amos Gitai).<\/p>\n<p>Al segundo conjunto pertenecen la emblem\u00e1tica <em>Paradise Now<\/em>( nominada al Oscar extranjero) y la pol\u00edticamente incorrecta <em>Intervenci\u00f3n Divina<\/em>( del ir\u00f3nico Elia Suleiman).<\/p>\n<p>Incluso, para ampliar el rango de acci\u00f3n, vale la pena sumar una tercera tendencia de creadores extranjeros cuyas piezas audiovisuales buscan estrechar lazos por encima de barreras f\u00edsicas y subjetivas. Es el caso del mejicano Carlos Bolado con el documental <em>Promises<\/em> y del pol\u00e9mico Oliver Stone bajo el t\u00edtulo de <em>Persona Non Grata<\/em>, loable ejercicio de imparcialidad medi\u00e1tica.<\/p>\n<p>Lamentablemente, no aplic\u00f3 la misma metodolog\u00eda en <em>Al Sur de la Frontera<\/em>, dedicada a excluir a la oposici\u00f3n en beneficio de la imagen del Comandante.<\/p>\n<p>Grosso modo, son los antecedentes del estreno en el pa\u00eds de <em>El \u00c1rbol de Lima<\/em>, importada por la distribuidora oficialista Amazonia Films. Es obvio el inter\u00e9s detr\u00e1s de su promoci\u00f3n por parte del gobierno. Vista fuera de contexto, la cinta puede parecer un panfleto de denuncia en contra de la supuesta conspiraci\u00f3n de \u201cla derecha sinionista\u201d.<\/p>\n<p>Pero nada menos cierto, aunque la pel\u00edcula ser\u00e1 instrumentalizada con fines distintos a los vislumbrados por su autor.<\/p>\n<p>M\u00e1s all\u00e1 de las interpretaciones sesgadas, <em>El \u00c1rbol de Lima <\/em>echa ra\u00edces en el campo de la trascendencia est\u00e9tica gracias a su voluntad de discutir la agenda dogm\u00e1tica de tirios y troyanos.<\/p>\n<p>A ambos lados del muro, descubrimos la esterilidad de una regi\u00f3n dividida y asolada por la manipulaci\u00f3n del terrorismo, el drama del exilio, el martirio de los puestos de control, la apat\u00eda de las generaciones de relevo, el fundamentalismo del sistema de justicia y el sectarismo de la dominaci\u00f3n masculina.<\/p>\n<p>Apenas la mujer encarna una fuente real de esperanza y alternativa ante la hegemon\u00eda de los hombres en armas.<\/p>\n<p>En dicho sentido, percibimos la tentaci\u00f3n de victimizar a la protagonista femenina en detrimento del personaje del Ministro de Defensa, ilustrado con trazo grueso. Los frutos del libreto se pudren a la luz de semejantes clich\u00e9s.<\/p>\n<p>De igual manera, la ejecuci\u00f3n peca de telef\u00edlmica en su tono de f\u00e1bula moral de David versus Goliat. Aun as\u00ed, quedan ramas abiertas para el debate, a pesar de la conclusi\u00f3n ingenuamente aleg\u00f3rica y amarga. Por defecto, se trata de un mea culpa saldado como un alegato superficial en la comparaci\u00f3n con la dura realidad del tema. Cl\u00e1sico del costumbrismo t\u00edmido de nuestros d\u00edas. Le falta \u00e1cido.<\/p>\n<p><strong>*Publicado originalmente en la columna \u00abLa Ventana Indiscreta\u00bb de \u00abEl Nacional\u00bb.<\/strong><\/p>\n","protected":false},"excerpt":{"rendered":"<p>Nuevas olas sacuden al cine del medio oriente en la frontera entre Israel y Palestina. Los directores de cada estado proponen lecturas cr\u00edticas del conflicto hist\u00f3rico. Cuestionan a la burocracia y al complejo militar e industrial empe\u00f1ado en desconocer los derechos del adversario. Los mejores largometrajes sobre el problema intentan superar los c\u00e1nones binarios y [&hellip;]<\/p>\n","protected":false},"author":1066,"featured_media":27978,"comment_status":"open","ping_status":"open","sticky":false,"template":"","format":"standard","meta":{"jetpack_post_was_ever_published":false,"_jetpack_newsletter_access":"","_jetpack_dont_email_post_to_subs":false,"_jetpack_newsletter_tier_id":0,"_jetpack_memberships_contains_paywalled_content":false,"_jetpack_memberships_contains_paid_content":false,"footnotes":"","jetpack_publicize_message":"","jetpack_publicize_feature_enabled":true,"jetpack_social_post_already_shared":false,"jetpack_social_options":{"image_generator_settings":{"template":"highway","default_image_id":0,"font":"","enabled":false},"version":2}},"categories":[1],"tags":[],"class_list":{"0":"post-27977","1":"post","2":"type-post","3":"status-publish","4":"format-standard","5":"has-post-thumbnail","7":"category-azares"},"jetpack_publicize_connections":[],"jetpack_featured_media_url":"https:\/\/i0.wp.com\/www.panfletonegro.com\/v\/wp-content\/uploads\/2012\/08\/lemon-tree-etz-limon-poster-1.jpg?fit=420%2C600&ssl=1","jetpack_shortlink":"https:\/\/wp.me\/pfpCD-7hf","jetpack_sharing_enabled":true,"_links":{"self":[{"href":"https:\/\/www.panfletonegro.com\/v\/wp-json\/wp\/v2\/posts\/27977","targetHints":{"allow":["GET"]}}],"collection":[{"href":"https:\/\/www.panfletonegro.com\/v\/wp-json\/wp\/v2\/posts"}],"about":[{"href":"https:\/\/www.panfletonegro.com\/v\/wp-json\/wp\/v2\/types\/post"}],"author":[{"embeddable":true,"href":"https:\/\/www.panfletonegro.com\/v\/wp-json\/wp\/v2\/users\/1066"}],"replies":[{"embeddable":true,"href":"https:\/\/www.panfletonegro.com\/v\/wp-json\/wp\/v2\/comments?post=27977"}],"version-history":[{"count":0,"href":"https:\/\/www.panfletonegro.com\/v\/wp-json\/wp\/v2\/posts\/27977\/revisions"}],"wp:featuredmedia":[{"embeddable":true,"href":"https:\/\/www.panfletonegro.com\/v\/wp-json\/wp\/v2\/media\/27978"}],"wp:attachment":[{"href":"https:\/\/www.panfletonegro.com\/v\/wp-json\/wp\/v2\/media?parent=27977"}],"wp:term":[{"taxonomy":"category","embeddable":true,"href":"https:\/\/www.panfletonegro.com\/v\/wp-json\/wp\/v2\/categories?post=27977"},{"taxonomy":"post_tag","embeddable":true,"href":"https:\/\/www.panfletonegro.com\/v\/wp-json\/wp\/v2\/tags?post=27977"}],"curies":[{"name":"wp","href":"https:\/\/api.w.org\/{rel}","templated":true}]}}