{"id":27750,"date":"2012-08-07T20:47:31","date_gmt":"2012-08-08T01:17:31","guid":{"rendered":"http:\/\/www.panfletonegro.com\/v\/?p=27750"},"modified":"2012-08-08T03:48:56","modified_gmt":"2012-08-08T08:18:56","slug":"ultimo-cafe-contigo","status":"publish","type":"post","link":"https:\/\/www.panfletonegro.com\/v\/2012\/08\/07\/ultimo-cafe-contigo\/","title":{"rendered":"un \u00faltimo caf\u00e9 contigo&#8230;"},"content":{"rendered":"<p><a href=\"https:\/\/i0.wp.com\/www.panfletonegro.com\/v\/wp-content\/uploads\/2012\/08\/9922_292115060281_2083779_n.jpg\"><img data-recalc-dims=\"1\" loading=\"lazy\" decoding=\"async\" data-attachment-id=\"27752\" data-permalink=\"https:\/\/www.panfletonegro.com\/v\/2012\/08\/07\/ultimo-cafe-contigo\/9922_292115060281_2083779_n\/\" data-orig-file=\"https:\/\/i0.wp.com\/www.panfletonegro.com\/v\/wp-content\/uploads\/2012\/08\/9922_292115060281_2083779_n.jpg?fit=455%2C370&amp;ssl=1\" data-orig-size=\"455,370\" data-comments-opened=\"1\" data-image-meta=\"{&quot;aperture&quot;:&quot;0&quot;,&quot;credit&quot;:&quot;&quot;,&quot;camera&quot;:&quot;&quot;,&quot;caption&quot;:&quot;&quot;,&quot;created_timestamp&quot;:&quot;0&quot;,&quot;copyright&quot;:&quot;&quot;,&quot;focal_length&quot;:&quot;0&quot;,&quot;iso&quot;:&quot;0&quot;,&quot;shutter_speed&quot;:&quot;0&quot;,&quot;title&quot;:&quot;&quot;}\" data-image-title=\"9922_292115060281_2083779_n\" data-image-description=\"\" data-image-caption=\"\" data-large-file=\"https:\/\/i0.wp.com\/www.panfletonegro.com\/v\/wp-content\/uploads\/2012\/08\/9922_292115060281_2083779_n.jpg?fit=455%2C370&amp;ssl=1\" class=\"alignnone size-medium wp-image-27752\" src=\"https:\/\/i0.wp.com\/www.panfletonegro.com\/v\/wp-content\/uploads\/2012\/08\/9922_292115060281_2083779_n-300x243.jpg?resize=300%2C243\" alt=\"\" width=\"300\" height=\"243\" srcset=\"https:\/\/i0.wp.com\/www.panfletonegro.com\/v\/wp-content\/uploads\/2012\/08\/9922_292115060281_2083779_n.jpg?resize=300%2C243&amp;ssl=1 300w, https:\/\/i0.wp.com\/www.panfletonegro.com\/v\/wp-content\/uploads\/2012\/08\/9922_292115060281_2083779_n.jpg?resize=320%2C260&amp;ssl=1 320w, https:\/\/i0.wp.com\/www.panfletonegro.com\/v\/wp-content\/uploads\/2012\/08\/9922_292115060281_2083779_n.jpg?resize=145%2C117&amp;ssl=1 145w, https:\/\/i0.wp.com\/www.panfletonegro.com\/v\/wp-content\/uploads\/2012\/08\/9922_292115060281_2083779_n.jpg?w=455&amp;ssl=1 455w\" sizes=\"auto, (max-width: 300px) 100vw, 300px\" \/><\/a><\/p>\n<p>Y as\u00ed pas\u00f3,<\/p>\n<p>Tu \u00faltima sonrisa de nostalgia<br \/>\nSe dibuj\u00f3,<br \/>\n\u00c9l tom\u00f3 tu mano<br \/>\nY te acompa\u00f1\u00f3<br \/>\nA esa eterna danza,<br \/>\nComo la de aquella noche,<br \/>\nQue una vez recordaste en mi terraza.<\/p>\n<p>\u2026y te alej\u00f3<\/p>\n<p>Nunca hab\u00eda visto un cielo azul tan nublado,<br \/>\nPorque a pesar de que las nubes te dieron paso<br \/>\nNosotros pusimos murallas de impotencia con nuestros brazos.<\/p>\n<p>\u2026y finalmente dijiste adi\u00f3s<\/p>\n<p>Con una sonrisa de despedida te fuiste,<br \/>\nY con la misma sonrisa de reencuentro<br \/>\nLo recibiste.<br \/>\nDichosos ser\u00e1n sus labios<br \/>\nQue te esperaron pacientemente m\u00e1s de 20 a\u00f1os.<\/p>\n<p>\u2026y yo aqu\u00ed<\/p>\n<p>Con los pies bien puestos en la tierra<br \/>\nY mi coraz\u00f3n en ti.<br \/>\nTom\u00e1ndome un \u00faltimo caf\u00e9 contigo<br \/>\nA la luz de un triste amanecer.<\/p>\n<p>Pido disculpas por mi ego\u00edsmo,<br \/>\nPor robarme el recuerdo de aquellos d\u00edas<br \/>\nY quedarme con los momentos de alegr\u00eda<br \/>\nPor no querer presenciar tus \u00faltimos suspiros<br \/>\nEn nuestra compa\u00f1\u00eda.<\/p>\n<p>\u2026 y aqu\u00ed estoy<\/p>\n<p>Tom\u00e1ndome un \u00faltimo caf\u00e9<br \/>\nCon el fantasma de tu recuerdo<br \/>\nMientras tu taza se enfr\u00eda<br \/>\nY con la triste ilusi\u00f3n de que escuches mi despedida,<br \/>\nQue no pude darla antes, tal vez,<br \/>\nPor cobard\u00eda<br \/>\nO por respeto,<br \/>\nRespeto a tus labios sonrientes,<br \/>\nA tus manos suaves, y a tu debilidad siempre AUSENTE.<\/p>\n<p>\u2026y me pregunto<\/p>\n<p>As\u00ed como \u00e9l se apoyaba en tu hombro<br \/>\n\u2026al salir<br \/>\n\u00bfTu tambi\u00e9n agarrar\u00e1s mi mano<br \/>\nAl cruzar la calle?<br \/>\nAl defender un proyecto?<br \/>\nO al buscar tus respuestas en el aire?<\/p>\n<p>Silvia Mercader Ferri<\/p>\n<p>Dedicado a la mujer m\u00e1s hermosa que jam\u00e1s he conocido&#8230;te extra\u00f1o nonna&#8230;<\/p>\n","protected":false},"excerpt":{"rendered":"<p>Y as\u00ed pas\u00f3, Tu \u00faltima sonrisa de nostalgia Se dibuj\u00f3, \u00c9l tom\u00f3 tu mano Y te acompa\u00f1\u00f3 A esa eterna danza, Como la de aquella noche, Que una vez recordaste en mi terraza. \u2026y te alej\u00f3 Nunca hab\u00eda visto un cielo azul tan nublado, Porque a pesar de que las nubes te dieron paso Nosotros [&hellip;]<\/p>\n","protected":false},"author":2093,"featured_media":27752,"comment_status":"open","ping_status":"open","sticky":false,"template":"","format":"standard","meta":{"jetpack_post_was_ever_published":false,"_jetpack_newsletter_access":"","_jetpack_dont_email_post_to_subs":false,"_jetpack_newsletter_tier_id":0,"_jetpack_memberships_contains_paywalled_content":false,"_jetpack_memberships_contains_paid_content":false,"footnotes":"","jetpack_publicize_message":"","jetpack_publicize_feature_enabled":true,"jetpack_social_post_already_shared":false,"jetpack_social_options":{"image_generator_settings":{"template":"highway","default_image_id":0,"font":"","enabled":false},"version":2}},"categories":[2],"tags":[],"class_list":{"0":"post-27750","1":"post","2":"type-post","3":"status-publish","4":"format-standard","5":"has-post-thumbnail","7":"category-poesia"},"jetpack_publicize_connections":[],"jetpack_featured_media_url":"https:\/\/i0.wp.com\/www.panfletonegro.com\/v\/wp-content\/uploads\/2012\/08\/9922_292115060281_2083779_n.jpg?fit=455%2C370&ssl=1","jetpack_shortlink":"https:\/\/wp.me\/pfpCD-7dA","jetpack_sharing_enabled":true,"_links":{"self":[{"href":"https:\/\/www.panfletonegro.com\/v\/wp-json\/wp\/v2\/posts\/27750","targetHints":{"allow":["GET"]}}],"collection":[{"href":"https:\/\/www.panfletonegro.com\/v\/wp-json\/wp\/v2\/posts"}],"about":[{"href":"https:\/\/www.panfletonegro.com\/v\/wp-json\/wp\/v2\/types\/post"}],"author":[{"embeddable":true,"href":"https:\/\/www.panfletonegro.com\/v\/wp-json\/wp\/v2\/users\/2093"}],"replies":[{"embeddable":true,"href":"https:\/\/www.panfletonegro.com\/v\/wp-json\/wp\/v2\/comments?post=27750"}],"version-history":[{"count":0,"href":"https:\/\/www.panfletonegro.com\/v\/wp-json\/wp\/v2\/posts\/27750\/revisions"}],"wp:featuredmedia":[{"embeddable":true,"href":"https:\/\/www.panfletonegro.com\/v\/wp-json\/wp\/v2\/media\/27752"}],"wp:attachment":[{"href":"https:\/\/www.panfletonegro.com\/v\/wp-json\/wp\/v2\/media?parent=27750"}],"wp:term":[{"taxonomy":"category","embeddable":true,"href":"https:\/\/www.panfletonegro.com\/v\/wp-json\/wp\/v2\/categories?post=27750"},{"taxonomy":"post_tag","embeddable":true,"href":"https:\/\/www.panfletonegro.com\/v\/wp-json\/wp\/v2\/tags?post=27750"}],"curies":[{"name":"wp","href":"https:\/\/api.w.org\/{rel}","templated":true}]}}