{"id":27716,"date":"2012-08-06T14:22:38","date_gmt":"2012-08-06T18:52:38","guid":{"rendered":"http:\/\/www.panfletonegro.com\/v\/?p=27716"},"modified":"2012-08-06T14:35:51","modified_gmt":"2012-08-06T19:05:51","slug":"adios-a-chavela-vargas","status":"publish","type":"post","link":"https:\/\/www.panfletonegro.com\/v\/2012\/08\/06\/adios-a-chavela-vargas\/","title":{"rendered":"Se apag\u00f3 la amarga voz de \u00abLa Chamana\u00bb"},"content":{"rendered":"<p style=\"text-align: center\"><img data-recalc-dims=\"1\" loading=\"lazy\" decoding=\"async\" class=\"aligncenter\" src=\"https:\/\/i0.wp.com\/prodavinci.com\/sistema\/wp-content\/uploads\/2012\/08\/chavela-vargas644x362.jpg?resize=451%2C253\" alt=\"\" width=\"451\" height=\"253\" \/><\/p>\n<p>Nos despedimos de Chavela Vargas, la grande, la \u00fanica, la que hizo m\u00fasica superando la vejez y el tiempo. El viento se lleva su voz y su revolucionaria vida. Trascendi\u00f3, porque como ella misma dijo: \u00abLas chamanas no mueren, y yo soy chamana\u00bb.\u00a0Cerramos la puerta tras ella con la despedida sentida de sus amigos <a href=\"http:\/\/cultura.elpais.com\/cultura\/2012\/08\/05\/actualidad\/1344199662_230252.html\">Pedro Almod\u00f3var<\/a> y <a href=\"http:\/\/cultura.elpais.com\/cultura\/2012\/08\/05\/actualidad\/1344196782_262109.html\">Joaqu\u00edn Sabina<\/a> que ya escribieron sus adioses. <a href=\"http:\/\/www.estosisuena.com\/2012\/08\/esto-si-suena-93-chavela-vargas-cat.html\">Y damos el nuestro<\/a>.<\/p>\n<p>Ayer finalmente lleg\u00f3 el silencio a su vida, y el descanso. La cantante costarricense Chavela Vargas se fue a los 93 a\u00f1os en un hospital de M\u00e9xico tras una semana internada por bronconeumon\u00eda. El anuncio fue hecho por Mar\u00eda Cortina, amiga cercana y bi\u00f3grafa de la artista. \u00abAlrededor de la una de la tarde, hace muy pocos minutos Chavela muri\u00f3, ella se fue con mucha paz, ella no se quej\u00f3. Desde anoche ten\u00eda problemas muy severos en su respiraci\u00f3n, ya no ten\u00eda ox\u00edgeno que pudiera llegarle\u00bb.<\/p>\n<p>\u00abSilencio, Silencio: A partir de hoy las amarguras volver\u00e1n a ser amargas&#8230; se ha ido la gran dama Chavela Vargas\u00bb, apareci\u00f3 en su cuenta de twitter unos minutos despu\u00e9s de su muerte. Chavela Vargas ingres\u00f3 al hospital luego de haber regresado de un viaje a Espa\u00f1a, donde hace unos d\u00edas present\u00f3 su disco La Luna Grande, en homenaje al poeta espa\u00f1ol Federico Garc\u00eda Lorca. En Madrid debi\u00f3 ser hospitalizada para ser sometida a ex\u00e1menes, luego a su llegada a M\u00e9xico fue internada por \u00faltima vez.<\/p>\n<p>La cantante, nacida en Costa Rica pero mexicana por adopci\u00f3n, hab\u00eda pedido que no le aplicaran procedimientos, como maniobras de resucitaci\u00f3n o uso de respiradores, que prolongaran su vida. Dijo que obstaculizaban la transici\u00f3n que estaba viviendo. Durante su estancia en terapia intensiva, la artista estuvo consciente y pidi\u00f3 que le trajeran su medall\u00f3n cham\u00e1nico, un regalo de los indios huicholes cuando la nombraron chamana y que s\u00f3lo utilizaba durante sus conciertos. Vargas dijo no morir\u00eda \u00abporque soy una chamana y las chamanas no nos morimos\u00bb.<\/p>\n<p>&nbsp;<\/p>\n<p><strong>A SU MANERA<\/strong><\/p>\n<p>A Isabel Vargas Lizano \u00able toc\u00f3\u00bb nacer en Costa Rica pero hall\u00f3 la vida en M\u00e9xico, el pa\u00eds en el que se convirti\u00f3 en Chavela Vargas y en el que su desgarrado \u00abtempo\u00bb, su androginia sensual y luminosa, \u00abvolte\u00f3\u00bb todas las convenciones para inventar una forma de cantar que ayer desapareci\u00f3 con ella.<\/p>\n<p>Naci\u00f3 en Costa Rica el 17 de abril de 1919, pero se empe\u00f1\u00f3 desde muy joven en buscar su lugar en el mundo lejos de su casa, y, con apenas 14 a\u00f1os, tom\u00f3 un avi\u00f3n a M\u00e9xico y all\u00ed se qued\u00f3 \u00abpara los restos\u00bb. Su vida art\u00edstica empez\u00f3 a los 30 a\u00f1os al lado de Pepe Gu\u00edzar \u00adel compositor de \u00abGuadalajara\u00bb, el segundo himno oficial de M\u00e9xico. Cre\u00f3 su estilo para que nadie pensara que quer\u00eda competir \u00abcon los grandes\u00bb, como Gu\u00edzar o Pedro Infante, y porque le proporcionaba la identidad que ambicionaba. Decidi\u00f3 ponerse \u00abropa de esc\u00e1ndalo: \u00abpantal\u00f3n de manta, una blusa blanca muy sencilla y un jorongo\u00bb, el \u00abuniforme\u00bb que ya siempre la acompa\u00f1ar\u00eda aunque la gritaran \u00abmarimacha\u00bb.<\/p>\n<p>Su \u00abMacorina\u00bb, prohibida en M\u00e9xico, fue convertida en himno por la guerrilla hispanoamericana. Chavela \u00ad\u00bbcon &#8216;v&#8217; y no con &#8216;b&#8217;, para joder\u00bb\u00ad grab\u00f3 su primer disco en 1961 y se pas\u00f3 por su \u00abrepublicana gana\u00bb lo pol\u00edticamente correcto. La muerte de Jos\u00e9 Alfredo Jim\u00e9nez y su extra\u00f1amiento voluntario de un mundo que no entend\u00eda bien la metieron en un infierno de alcohol y soledad durante 20 a\u00f1os. Tras recuperarse en 1990, \u00abcuando ya nada ten\u00eda y nadie le quedaba\u00bb, regres\u00f3 a los escenarios.<\/p>\n<p>En 2010, negada al descanso y a la vejez, public\u00f3 Por mi culpa, un disco donde mostraba su reencuentro con la canci\u00f3n latinoamericana y con viejos y nuevos amigos. Un testimonio de incansable energ\u00eda, al que se le suma su \u00faltimo disco\/libro dedicado a Garc\u00eda Lorca, el \u00faltimo objeto de su canto a quien fue a homenajear y despedir, junto a Madrid, antes de su partida.<\/p>\n<p><em>(Publicado originalmente en diario TalCual &#8211; Venezuela. 6 agosto 2012. p\u00e1gina 24)<\/em><\/p>\n<p>&nbsp;<\/p>\n","protected":false},"excerpt":{"rendered":"<p>Nos despedimos de Chavela Vargas, la grande, la \u00fanica, la que hizo m\u00fasica superando la vejez y el tiempo. El viento se lleva su voz y su revolucionaria vida. Trascendi\u00f3, porque como ella misma dijo: \u00abLas chamanas no mueren, y yo soy chamana\u00bb.\u00a0Cerramos la puerta tras ella con la despedida sentida de sus amigos Pedro [&hellip;]<\/p>\n","protected":false},"author":1696,"featured_media":0,"comment_status":"open","ping_status":"open","sticky":false,"template":"","format":"standard","meta":{"jetpack_post_was_ever_published":false,"_jetpack_newsletter_access":"","_jetpack_dont_email_post_to_subs":false,"_jetpack_newsletter_tier_id":0,"_jetpack_memberships_contains_paywalled_content":false,"_jetpack_memberships_contains_paid_content":false,"footnotes":"","jetpack_publicize_message":"","jetpack_publicize_feature_enabled":true,"jetpack_social_post_already_shared":false,"jetpack_social_options":{"image_generator_settings":{"template":"highway","default_image_id":0,"font":"","enabled":false},"version":2}},"categories":[5],"tags":[1888,870],"class_list":{"0":"post-27716","1":"post","2":"type-post","3":"status-publish","4":"format-standard","6":"category-musica","7":"tag-chavela-vargas","8":"tag-despedida"},"jetpack_publicize_connections":[],"jetpack_featured_media_url":"","jetpack_shortlink":"https:\/\/wp.me\/pfpCD-7d2","jetpack_sharing_enabled":true,"_links":{"self":[{"href":"https:\/\/www.panfletonegro.com\/v\/wp-json\/wp\/v2\/posts\/27716","targetHints":{"allow":["GET"]}}],"collection":[{"href":"https:\/\/www.panfletonegro.com\/v\/wp-json\/wp\/v2\/posts"}],"about":[{"href":"https:\/\/www.panfletonegro.com\/v\/wp-json\/wp\/v2\/types\/post"}],"author":[{"embeddable":true,"href":"https:\/\/www.panfletonegro.com\/v\/wp-json\/wp\/v2\/users\/1696"}],"replies":[{"embeddable":true,"href":"https:\/\/www.panfletonegro.com\/v\/wp-json\/wp\/v2\/comments?post=27716"}],"version-history":[{"count":0,"href":"https:\/\/www.panfletonegro.com\/v\/wp-json\/wp\/v2\/posts\/27716\/revisions"}],"wp:attachment":[{"href":"https:\/\/www.panfletonegro.com\/v\/wp-json\/wp\/v2\/media?parent=27716"}],"wp:term":[{"taxonomy":"category","embeddable":true,"href":"https:\/\/www.panfletonegro.com\/v\/wp-json\/wp\/v2\/categories?post=27716"},{"taxonomy":"post_tag","embeddable":true,"href":"https:\/\/www.panfletonegro.com\/v\/wp-json\/wp\/v2\/tags?post=27716"}],"curies":[{"name":"wp","href":"https:\/\/api.w.org\/{rel}","templated":true}]}}