{"id":27614,"date":"2012-08-04T12:31:28","date_gmt":"2012-08-04T17:01:28","guid":{"rendered":"http:\/\/www.panfletonegro.com\/v\/?p=27614"},"modified":"2012-08-04T17:48:17","modified_gmt":"2012-08-04T22:18:17","slug":"nuestra-gente","status":"publish","type":"post","link":"https:\/\/www.panfletonegro.com\/v\/2012\/08\/04\/nuestra-gente\/","title":{"rendered":"Nuestra gente"},"content":{"rendered":"<p><a href=\"https:\/\/i0.wp.com\/www.panfletonegro.com\/v\/wp-content\/uploads\/2012\/08\/Nuestra-gente1.jpg\"><img data-recalc-dims=\"1\" loading=\"lazy\" decoding=\"async\" data-attachment-id=\"27615\" data-permalink=\"https:\/\/www.panfletonegro.com\/v\/2012\/08\/04\/nuestra-gente\/nuestra-gente-2\/\" data-orig-file=\"https:\/\/i0.wp.com\/www.panfletonegro.com\/v\/wp-content\/uploads\/2012\/08\/Nuestra-gente1.jpg?fit=604%2C453&amp;ssl=1\" data-orig-size=\"604,453\" data-comments-opened=\"1\" data-image-meta=\"{&quot;aperture&quot;:&quot;0&quot;,&quot;credit&quot;:&quot;&quot;,&quot;camera&quot;:&quot;&quot;,&quot;caption&quot;:&quot;&quot;,&quot;created_timestamp&quot;:&quot;0&quot;,&quot;copyright&quot;:&quot;&quot;,&quot;focal_length&quot;:&quot;0&quot;,&quot;iso&quot;:&quot;0&quot;,&quot;shutter_speed&quot;:&quot;0&quot;,&quot;title&quot;:&quot;&quot;}\" data-image-title=\"Nuestra gente\" data-image-description=\"\" data-image-caption=\"\" data-large-file=\"https:\/\/i0.wp.com\/www.panfletonegro.com\/v\/wp-content\/uploads\/2012\/08\/Nuestra-gente1.jpg?fit=604%2C453&amp;ssl=1\" class=\"alignleft size-medium wp-image-27615\" src=\"https:\/\/i0.wp.com\/www.panfletonegro.com\/v\/wp-content\/uploads\/2012\/08\/Nuestra-gente1-300x225.jpg?resize=300%2C225\" alt=\"\" width=\"300\" height=\"225\" srcset=\"https:\/\/i0.wp.com\/www.panfletonegro.com\/v\/wp-content\/uploads\/2012\/08\/Nuestra-gente1.jpg?resize=300%2C225&amp;ssl=1 300w, https:\/\/i0.wp.com\/www.panfletonegro.com\/v\/wp-content\/uploads\/2012\/08\/Nuestra-gente1.jpg?resize=320%2C240&amp;ssl=1 320w, https:\/\/i0.wp.com\/www.panfletonegro.com\/v\/wp-content\/uploads\/2012\/08\/Nuestra-gente1.jpg?resize=145%2C108&amp;ssl=1 145w, https:\/\/i0.wp.com\/www.panfletonegro.com\/v\/wp-content\/uploads\/2012\/08\/Nuestra-gente1.jpg?resize=495%2C371&amp;ssl=1 495w, https:\/\/i0.wp.com\/www.panfletonegro.com\/v\/wp-content\/uploads\/2012\/08\/Nuestra-gente1.jpg?w=604&amp;ssl=1 604w\" sizes=\"auto, (max-width: 300px) 100vw, 300px\" \/><\/a><\/p>\n<p>Hace a\u00f1os, ve\u00eda entre asombrada y divertida a \u201cLaura en Am\u00e9rica\u201d, con sus situaciones imposibles y esas dentaduras interesantes, jurando que todo deb\u00eda ser mentira.<\/p>\n<p>&nbsp;<\/p>\n<p>Ahora, tras m\u00e1s de 5 a\u00f1os en el hospital, hablando con personas reales, tangibles, frente a frente, esa diversi\u00f3n termin\u00f3. Hay tanta tristeza, pobreza, angustia, y situaciones que desde mi burbuja adolescente cre\u00eda IMPOSIBLES, que ya me pregunto si la que est\u00e1 al margen soy yo, con privilegios y un nivel de educaci\u00f3n distinto. La norma son mis pacientes? en este pa\u00eds, con esas condiciones de vida tan terribles, la normalidad es esa?<\/p>\n<p>&nbsp;<\/p>\n<p>Me siento frustrada e impotente, cuando mi asombro me impide ser m\u00e1s emp\u00e1tica y ayudar\u2026 mis herramientas son unos consejos o t\u00e9cnicas muy poco adaptadas a sus realidades, medicamentos que muchas veces no pueden costear y a veces lo mejor, son simplemente una sonrisa o mis o\u00eddos.<\/p>\n<p>&nbsp;<\/p>\n<p>Pero c\u00f3mo soluciono la falta de dinero, de educaci\u00f3n, de empleo, abusos f\u00edsicos y psicol\u00f3gicos, adicciones, la vida en esos refugios espantosos que son dep\u00f3sitos de personas m\u00e1s al estilo de corral que de \u201cvivienda digna\u201d, entre otras muchas desgracias? qu\u00e9 puedo hacer yo con todo esto, salvo reflexionar, hacer planes de educaci\u00f3n y salud en mi pa\u00eds imaginario???<\/p>\n<p>&nbsp;<\/p>\n<p>Por eso, siempre concluyo, estamos como estamos. Si un gran porcentaje de la poblaci\u00f3n vive en estas situaciones incre\u00edbles, sin nadie a quien parezca importarle emprender la soluci\u00f3n de fondo (que de paso tomara generaciones en cumplirse), entonces\u2026. cu\u00e1l es el futuro?<\/p>\n<p>&nbsp;<\/p>\n<p>Este escrito luce muy pesimista, pero lo escribo desde mi realidad. Mi vida casi perfecta en medio de la cual me empe\u00f1o en quejarme a diario, versus, problemas reales, tan complejos, que no se sabe ni por donde iniciar\u2026<\/p>\n<p>&nbsp;<\/p>\n<p>Si hay esperanzas en cuanto todos los diferentes abandonemos un poco nuestra comodidad e intentemos ayudar realmente a este grueso grupo de nuestra gente. Y hablo de ayudas reales, no misiones donde te regalan cosas y promueven tu estado de miseria y la concepci\u00f3n de que el gobierno te debe dar todo sin ning\u00fan esfuerzo. Somos diferentes. Si tenemos educaci\u00f3n es porque la hemos luchado, si tenemos bienes, porque los hemos trabajado y todos nuestros logros son producto del esfuerzo. Eso es lo que deben aprender otros\u2026 lo que debemos ayudar con nuestra visi\u00f3n diferente de la vida, y brindar posibilidades con apoyo, creo que nada m\u00e1s\u2026<\/p>\n<p>&nbsp;<\/p>\n","protected":false},"excerpt":{"rendered":"<p>Hace a\u00f1os, ve\u00eda entre asombrada y divertida a \u201cLaura en Am\u00e9rica\u201d, con sus situaciones imposibles y esas dentaduras interesantes, jurando que todo deb\u00eda ser mentira. &nbsp; Ahora, tras m\u00e1s de 5 a\u00f1os en el hospital, hablando con personas reales, tangibles, frente a frente, esa diversi\u00f3n termin\u00f3. Hay tanta tristeza, pobreza, angustia, y situaciones que desde [&hellip;]<\/p>\n","protected":false},"author":2107,"featured_media":27615,"comment_status":"open","ping_status":"open","sticky":false,"template":"","format":"standard","meta":{"jetpack_post_was_ever_published":false,"_jetpack_newsletter_access":"","_jetpack_dont_email_post_to_subs":false,"_jetpack_newsletter_tier_id":0,"_jetpack_memberships_contains_paywalled_content":false,"_jetpack_memberships_contains_paid_content":false,"footnotes":"","jetpack_publicize_message":"","jetpack_publicize_feature_enabled":true,"jetpack_social_post_already_shared":false,"jetpack_social_options":{"image_generator_settings":{"template":"highway","default_image_id":0,"font":"","enabled":false},"version":2}},"categories":[3],"tags":[],"class_list":{"0":"post-27614","1":"post","2":"type-post","3":"status-publish","4":"format-standard","5":"has-post-thumbnail","7":"category-descontento"},"jetpack_publicize_connections":[],"jetpack_featured_media_url":"https:\/\/i0.wp.com\/www.panfletonegro.com\/v\/wp-content\/uploads\/2012\/08\/Nuestra-gente1.jpg?fit=604%2C453&ssl=1","jetpack_shortlink":"https:\/\/wp.me\/pfpCD-7bo","jetpack_sharing_enabled":true,"_links":{"self":[{"href":"https:\/\/www.panfletonegro.com\/v\/wp-json\/wp\/v2\/posts\/27614","targetHints":{"allow":["GET"]}}],"collection":[{"href":"https:\/\/www.panfletonegro.com\/v\/wp-json\/wp\/v2\/posts"}],"about":[{"href":"https:\/\/www.panfletonegro.com\/v\/wp-json\/wp\/v2\/types\/post"}],"author":[{"embeddable":true,"href":"https:\/\/www.panfletonegro.com\/v\/wp-json\/wp\/v2\/users\/2107"}],"replies":[{"embeddable":true,"href":"https:\/\/www.panfletonegro.com\/v\/wp-json\/wp\/v2\/comments?post=27614"}],"version-history":[{"count":0,"href":"https:\/\/www.panfletonegro.com\/v\/wp-json\/wp\/v2\/posts\/27614\/revisions"}],"wp:featuredmedia":[{"embeddable":true,"href":"https:\/\/www.panfletonegro.com\/v\/wp-json\/wp\/v2\/media\/27615"}],"wp:attachment":[{"href":"https:\/\/www.panfletonegro.com\/v\/wp-json\/wp\/v2\/media?parent=27614"}],"wp:term":[{"taxonomy":"category","embeddable":true,"href":"https:\/\/www.panfletonegro.com\/v\/wp-json\/wp\/v2\/categories?post=27614"},{"taxonomy":"post_tag","embeddable":true,"href":"https:\/\/www.panfletonegro.com\/v\/wp-json\/wp\/v2\/tags?post=27614"}],"curies":[{"name":"wp","href":"https:\/\/api.w.org\/{rel}","templated":true}]}}