{"id":27386,"date":"2012-07-26T03:42:42","date_gmt":"2012-07-26T08:12:42","guid":{"rendered":"http:\/\/www.panfletonegro.com\/v\/?p=27386"},"modified":"2014-06-07T11:54:51","modified_gmt":"2014-06-07T16:24:51","slug":"atribucion","status":"publish","type":"post","link":"https:\/\/www.panfletonegro.com\/v\/2012\/07\/26\/atribucion\/","title":{"rendered":"Atribuci\u00f3n de art\u00edculos en panfletonegro"},"content":{"rendered":"<figure id=\"attachment_27388\" aria-describedby=\"caption-attachment-27388\" style=\"width: 300px\" class=\"wp-caption aligncenter\"><a href=\"http:\/\/foter.com\/photo\/sennmicrophone\/\"><img data-recalc-dims=\"1\" loading=\"lazy\" decoding=\"async\" data-attachment-id=\"27388\" data-permalink=\"https:\/\/www.panfletonegro.com\/v\/2012\/07\/26\/atribucion\/sennmicrophone\/\" data-orig-file=\"https:\/\/i0.wp.com\/www.panfletonegro.com\/v\/wp-content\/uploads\/2012\/07\/sennmicrophone.jpg?fit=300%2C201&amp;ssl=1\" data-orig-size=\"300,201\" data-comments-opened=\"1\" data-image-meta=\"{&quot;aperture&quot;:&quot;0&quot;,&quot;credit&quot;:&quot;&quot;,&quot;camera&quot;:&quot;&quot;,&quot;caption&quot;:&quot;&quot;,&quot;created_timestamp&quot;:&quot;0&quot;,&quot;copyright&quot;:&quot;&quot;,&quot;focal_length&quot;:&quot;0&quot;,&quot;iso&quot;:&quot;0&quot;,&quot;shutter_speed&quot;:&quot;0&quot;,&quot;title&quot;:&quot;&quot;}\" data-image-title=\"SennMicrophone\" data-image-description=\"\" data-image-caption=\"&lt;p&gt;ChrisEngelsma&lt;\/p&gt;\n\" data-large-file=\"https:\/\/i0.wp.com\/www.panfletonegro.com\/v\/wp-content\/uploads\/2012\/07\/sennmicrophone.jpg?fit=300%2C201&amp;ssl=1\" class=\"size-full wp-image-27388\" title=\"SennMicrophone\" src=\"https:\/\/i0.wp.com\/www.panfletonegro.com\/v\/wp-content\/uploads\/2012\/07\/sennmicrophone.jpg?resize=300%2C201\" alt=\"\" width=\"300\" height=\"201\" srcset=\"https:\/\/i0.wp.com\/www.panfletonegro.com\/v\/wp-content\/uploads\/2012\/07\/sennmicrophone.jpg?w=300&amp;ssl=1 300w, https:\/\/i0.wp.com\/www.panfletonegro.com\/v\/wp-content\/uploads\/2012\/07\/sennmicrophone.jpg?resize=145%2C97&amp;ssl=1 145w\" sizes=\"auto, (max-width: 300px) 100vw, 300px\" \/><\/a><figcaption id=\"caption-attachment-27388\" class=\"wp-caption-text\">foto de ChrisEngelsma<\/figcaption><\/figure>\n<p>Siempre me ha parecido un poco deshonesto eso que hacen los peri\u00f3dicos de colocar la fuente al final para hacerle creer a la gente que es contenido original. Afortunadamente \u2013o al menos, afortunadamente para mi est\u00e9tica\u2013 la web ofrece algunos esquemas para romper con esa costumbre.<\/p>\n<p>Todos los a\u00f1os hay un debate m\u00e1s o menos p\u00fablico sobre las formas correctas de se\u00f1alar la autor\u00eda de un art\u00edculo reproducido en un blog. El de 2012 comenz\u00f3 por este post de <a href=\"http:\/\/512pixels.net\/2012\/01\/the-almighty-via\/\">Stephen Hackett<\/a>. Desde 2005 (m\u00e1s o menos) hasta 2012, las convenciones han sido:<\/p>\n<ul>\n<li>Colocar la palabra \u00abv\u00eda\u00bb y el link a la fuente.<\/li>\n<li>Colocar el nombre del autor en el t\u00edtulo del post.<\/li>\n<li>Vincular el t\u00edtulo del post al art\u00edculo original.<\/li>\n<li>Todas las anteriores.<\/li>\n<\/ul>\n<p>Muchas personas lo hacen de manera distinta, pero lo que m\u00e1s he visto es un fragmento del texto (un p\u00e1rrafo, por ejemplo), el nombre del autor original y un \u00abv\u00eda\u00bb inmediatamente despu\u00e9s. Supongo que la l\u00f3gica es \u00ab\u00bfpara qu\u00e9 reproducir el texto entero si puedo simplemente linkearlo?\u00bb.<\/p>\n<p>Por deformaci\u00f3n profesional, me parece que es importante se\u00f1alar al autor original. Es un asunto de cortes\u00eda y sentido com\u00fan: si no escribiste el art\u00edculo, trata de colocar el nombre del autor en un lugar visible, bien visible. Al comienzo, por ejemplo.<\/p>\n<p>Si por alguna raz\u00f3n u otra no quieres hacer esto, quieres emular a los peri\u00f3dicos y hacer que la gente piense que el art\u00edculo es tuyo hasta que lea las letras peque\u00f1as al final, me parece que deber\u00edas contactar al autor y pedirle permiso. A menos, claro, que el autor est\u00e9 muerto. O a menos que no te de la gana, que es perfectamente v\u00e1lido, tambi\u00e9n.<\/p>\n<p>Pero ese comportamiento (y actitud frente a la vida) me parece que va en detrimento del bien com\u00fan y, de paso, le dan una herramienta m\u00e1s a los defensores del copyright. En medio de mi locura, creo que podemos forjar un mejor entorno para los creadores si adoptamos licencias como las propuestas por Creative Commons.<\/p>\n<p><span class=\"embed-youtube\" style=\"text-align:center; display: block;\"><iframe loading=\"lazy\" class=\"youtube-player\" width=\"696\" height=\"392\" src=\"https:\/\/www.youtube.com\/embed\/Kou-AQXZvK0?version=3&#038;rel=1&#038;showsearch=0&#038;showinfo=1&#038;iv_load_policy=1&#038;fs=1&#038;hl=es-ES&#038;autohide=2&#038;wmode=transparent\" allowfullscreen=\"true\" style=\"border:0;\" sandbox=\"allow-scripts allow-same-origin allow-popups allow-presentation allow-popups-to-escape-sandbox\"><\/iframe><\/span><\/p>\n<p>Hablando de esto, hay una iniciativa llamada\u00a0<a href=\"http:\/\/www.curatorscode.org\/\" target=\"_blank\">curator&#8217;s \u01ddpo\u0254<\/a> que propone el uso de una serie de s\u00edmbolos como metadatos para la curadur\u00eda de un art\u00edculo. Me parece un poco loco, sobre todo si \u00abv\u00eda\u00bb funciona tan bien. Pero rescato algunos puntos de manifiesto:<\/p>\n<blockquote><p><strong>Respeto y cortes\u00eda<\/strong><br \/>\nCada pedazo de informaci\u00f3n que encontramos fue puesto ante nosotros por alguien que trabaj\u00f3 en crearlo, descubrirlo, o llamar nuestra atenci\u00f3n. La atribuci\u00f3n consiste en reconocer ese trabajo y simplemente decir &#8216;gracias&#8217;.<\/p>\n<p><strong>Generosidad de esp\u00edritu<\/strong><br \/>\nLas ideas generan otras ideas. La atribuci\u00f3n permite dar cr\u00e9dito a aquellos que nos han enriquecido creativa e intelectualmente exponi\u00e9ndonos a ideas y contenido sobre los cuales construimos el nuestro.<\/p><\/blockquote>\n<p>Ese es un c\u00f3digo de conducta que a mi me gustar\u00eda firmar.<\/p>\n<p>Por \u00faltimo, una confesi\u00f3n para aquellos que no lo saben: uno de mis pecados es meter mis cochinas manos en algunos art\u00edculos. Cuando veo una cita mal parada, usualmente la edito para poner al autor, o coloco el link, si existe. Con art\u00edculos reproducidos, normalmente contacto al autor original y le pregunto si tiene alg\u00fan problema. A mi juicio, una de las \u00faltimas cosas que necesita panfletonegro es ser calificada como \u00abla paginita esa donde publican tu art\u00edculo sin permiso\u00bb. Esa es una percepci\u00f3n que autom\u00e1ticamente contaminar\u00eda al trabajo original del resto de los autores de panfleto.<\/p>\n<p>Para expiar esta culpa, Sr. Juez, hago trabajo comunitario, como ponerle fotos a los art\u00edculos porque, <a href=\"http:\/\/www.panfletonegro.com\/v\/2011\/07\/03\/5-cosas-para-panfletonegro\/\" target=\"_blank\">como menciono aqu\u00ed<\/a>, las fotos mejoran considerablemente las posibilidades de que te lean. Tambi\u00e9n, corrijo algunos errores ortogr\u00e1ficos, en principio para que los <em>grammar nazis<\/em> no destruyan un buen post con sus comentarios.<\/p>\n<p>Estas actividades no son constantes, ni consistentes, ni remuneradas. Pero opino \u2013muy personalmente\u2013 que mejoran la experiencia de los visitantes en panfletonegro. Est\u00e1n sujetas a cierto sentido com\u00fan, a lineamientos y mejores pr\u00e1cticas tomadas de otras publicaciones y, como siempre, al clamor popular en los comentarios.<\/p>\n<p>Como muchas otras cosas, podemos someter a votaci\u00f3n todo el asunto. La muerte por copyright tambi\u00e9n es una posibilidad \u00bfqu\u00e9 opinan? \u00bfc\u00f3mo manejamos esto?<\/p>\n<p>&nbsp;<\/p>\n","protected":false},"excerpt":{"rendered":"<p>Siempre me ha parecido un poco deshonesto eso que hacen los peri\u00f3dicos de colocar la fuente al final para hacerle creer a la gente que es contenido original. Afortunadamente \u2013o al menos, afortunadamente para mi est\u00e9tica\u2013 la web ofrece algunos esquemas para romper con esa costumbre. Todos los a\u00f1os hay un debate m\u00e1s o menos [&hellip;]<\/p>\n","protected":false},"author":1,"featured_media":27387,"comment_status":"open","ping_status":"open","sticky":false,"template":"","format":"standard","meta":{"jetpack_post_was_ever_published":false,"_jetpack_newsletter_access":"","_jetpack_dont_email_post_to_subs":false,"_jetpack_newsletter_tier_id":0,"_jetpack_memberships_contains_paywalled_content":false,"_jetpack_memberships_contains_paid_content":false,"footnotes":"","jetpack_publicize_message":"","jetpack_publicize_feature_enabled":true,"jetpack_social_post_already_shared":false,"jetpack_social_options":{"image_generator_settings":{"template":"highway","default_image_id":0,"font":"","enabled":false},"version":2}},"categories":[2439],"tags":[1875,603,156],"class_list":{"0":"post-27386","1":"post","2":"type-post","3":"status-publish","4":"format-standard","5":"has-post-thumbnail","7":"category-arte","8":"tag-atribucion","9":"tag-censura","10":"tag-panfletonegro"},"jetpack_publicize_connections":[],"jetpack_featured_media_url":"https:\/\/i0.wp.com\/www.panfletonegro.com\/v\/wp-content\/uploads\/2012\/07\/the-raven-edgar-allan-poe.jpg?fit=300%2C266&ssl=1","jetpack_shortlink":"https:\/\/wp.me\/pfpCD-77I","jetpack_sharing_enabled":true,"_links":{"self":[{"href":"https:\/\/www.panfletonegro.com\/v\/wp-json\/wp\/v2\/posts\/27386","targetHints":{"allow":["GET"]}}],"collection":[{"href":"https:\/\/www.panfletonegro.com\/v\/wp-json\/wp\/v2\/posts"}],"about":[{"href":"https:\/\/www.panfletonegro.com\/v\/wp-json\/wp\/v2\/types\/post"}],"author":[{"embeddable":true,"href":"https:\/\/www.panfletonegro.com\/v\/wp-json\/wp\/v2\/users\/1"}],"replies":[{"embeddable":true,"href":"https:\/\/www.panfletonegro.com\/v\/wp-json\/wp\/v2\/comments?post=27386"}],"version-history":[{"count":0,"href":"https:\/\/www.panfletonegro.com\/v\/wp-json\/wp\/v2\/posts\/27386\/revisions"}],"wp:featuredmedia":[{"embeddable":true,"href":"https:\/\/www.panfletonegro.com\/v\/wp-json\/wp\/v2\/media\/27387"}],"wp:attachment":[{"href":"https:\/\/www.panfletonegro.com\/v\/wp-json\/wp\/v2\/media?parent=27386"}],"wp:term":[{"taxonomy":"category","embeddable":true,"href":"https:\/\/www.panfletonegro.com\/v\/wp-json\/wp\/v2\/categories?post=27386"},{"taxonomy":"post_tag","embeddable":true,"href":"https:\/\/www.panfletonegro.com\/v\/wp-json\/wp\/v2\/tags?post=27386"}],"curies":[{"name":"wp","href":"https:\/\/api.w.org\/{rel}","templated":true}]}}