{"id":27290,"date":"2012-07-26T08:07:44","date_gmt":"2012-07-26T12:37:44","guid":{"rendered":"http:\/\/www.panfletonegro.com\/v\/?p=27290"},"modified":"2013-01-14T15:47:13","modified_gmt":"2013-01-14T20:17:13","slug":"vanidades","status":"publish","type":"post","link":"https:\/\/www.panfletonegro.com\/v\/2012\/07\/26\/vanidades\/","title":{"rendered":"Vanidades"},"content":{"rendered":"<p><a href=\"https:\/\/i0.wp.com\/www.panfletonegro.com\/v\/wp-content\/uploads\/2012\/07\/Danny-La-Rue-0021.jpeg\"><img data-recalc-dims=\"1\" loading=\"lazy\" decoding=\"async\" data-attachment-id=\"27413\" data-permalink=\"https:\/\/www.panfletonegro.com\/v\/2012\/07\/26\/vanidades\/danny-la-rue-002-2\/\" data-orig-file=\"https:\/\/i0.wp.com\/www.panfletonegro.com\/v\/wp-content\/uploads\/2012\/07\/Danny-La-Rue-0021.jpeg?fit=460%2C276&amp;ssl=1\" data-orig-size=\"460,276\" data-comments-opened=\"1\" data-image-meta=\"{&quot;aperture&quot;:&quot;0&quot;,&quot;credit&quot;:&quot;&quot;,&quot;camera&quot;:&quot;&quot;,&quot;caption&quot;:&quot;&quot;,&quot;created_timestamp&quot;:&quot;0&quot;,&quot;copyright&quot;:&quot;&quot;,&quot;focal_length&quot;:&quot;0&quot;,&quot;iso&quot;:&quot;0&quot;,&quot;shutter_speed&quot;:&quot;0&quot;,&quot;title&quot;:&quot;&quot;}\" data-image-title=\"Danny-La-Rue-002\" data-image-description=\"\" data-image-caption=\"\" data-large-file=\"https:\/\/i0.wp.com\/www.panfletonegro.com\/v\/wp-content\/uploads\/2012\/07\/Danny-La-Rue-0021.jpeg?fit=460%2C276&amp;ssl=1\" class=\"alignleft size-medium wp-image-27413\" src=\"https:\/\/i0.wp.com\/www.panfletonegro.com\/v\/wp-content\/uploads\/2012\/07\/Danny-La-Rue-0021-300x180.jpeg?resize=300%2C180\" alt=\"\" width=\"300\" height=\"180\" srcset=\"https:\/\/i0.wp.com\/www.panfletonegro.com\/v\/wp-content\/uploads\/2012\/07\/Danny-La-Rue-0021.jpeg?resize=300%2C180&amp;ssl=1 300w, https:\/\/i0.wp.com\/www.panfletonegro.com\/v\/wp-content\/uploads\/2012\/07\/Danny-La-Rue-0021.jpeg?resize=320%2C192&amp;ssl=1 320w, https:\/\/i0.wp.com\/www.panfletonegro.com\/v\/wp-content\/uploads\/2012\/07\/Danny-La-Rue-0021.jpeg?resize=145%2C87&amp;ssl=1 145w, https:\/\/i0.wp.com\/www.panfletonegro.com\/v\/wp-content\/uploads\/2012\/07\/Danny-La-Rue-0021.jpeg?w=460&amp;ssl=1 460w\" sizes=\"auto, (max-width: 300px) 100vw, 300px\" \/><\/a><\/p>\n<p>Recientemente tuve una conversaci\u00f3n con una persona muy querida, la conversaci\u00f3n giraba en torno a mi transgenderismo, la decisi\u00f3n de modificar mi cuerpo. Debido a lo controversial del tema, la conversaci\u00f3n se transform\u00f3 en debate, y en el debate sali\u00f3 a relucir la palabra vanidad, y se col\u00f3 m\u00e1s o menos, de la siguiente manera; \u201clas personas que cambian de g\u00e9nero lo hacen por vanidad!\u201d . Escuchar esto me irrit\u00f3 sobremanera, pero r\u00e1pidamente record\u00e9 que yo misma utilizaba ese argumento para no actuar, para convencerme de que pensar en cambiar mi cuerpo para para vivir en otro g\u00e9nero, era una decisi\u00f3n vanidosa. Seguidamente esta persona a\u00f1ade \u201c y adem\u00e1s, hay cosas m\u00e1s importantes en el mundo que cambiar de g\u00e9nero\u201d esta frase de nuestro debate pudo haber sido la \u00faltima, de yo no haber hecho algo que hago muy a menudo, y que creo la mayor\u00eda de las personas transg\u00e9nero aprendemos a hacer cuando reprimimos nuestras necesidades de expresar. As\u00ed pues, me puse en su lugar.<br \/>\nDe hecho, ponerme en el lugar de los dem\u00e1s ha sido mucho tiempo una estrategia, m\u00e1s o menos efectiva, para contener aquello. Pero inevitablemente, cual piedra de rio, esta estructura mental se erosiona y es as\u00ed como se arriba a la conclusi\u00f3n de que la vanidad es un pa\u00eds muy grande, y que no deb\u00eda apresurarme en mis conclusiones.<br \/>\nY as\u00ed florece la pregunta:, ser\u00e1 que la vanidad es una especie de instinto, una herramienta de supervivencia?<br \/>\nPara ilustrar la pregunta examinemos el siguiente ritual, que debo decir, es desafortunadamente \u201cnormal\u201d en nuestra sociedad. Imaginemos, una persona que proyecta una imagen de g\u00e9nero ambigua, esta parada en una esquina, lleva tacones, y que es desproporcionadamente alta para su g\u00e9nero. Cinco hombres, hechos y derechos, se le aproximan para corroborar la congruencia de su presentaci\u00f3n de g\u00e9nero y su sexo, al darse cuenta de que es una persona trans, estos insultan a la persona. Pero esto no termina aqu\u00ed, la indignaci\u00f3n de los caballeros se incrementa hasta que agreden f\u00edsicamente a la persona antes mencionada, esto ante los ojos de testigos. Pero todos, testigos, y atacantes, se olvidan de que la persona trans, es una persona, \u201cy no pasa nada\u201d.<\/p>\n<p><a href=\"https:\/\/i0.wp.com\/www.panfletonegro.com\/v\/wp-content\/uploads\/2012\/07\/photo_1340903908029-1-0.jpeg\"><img data-recalc-dims=\"1\" loading=\"lazy\" decoding=\"async\" data-attachment-id=\"27410\" data-permalink=\"https:\/\/www.panfletonegro.com\/v\/2012\/07\/26\/vanidades\/photo_1340903908029-1-0\/\" data-orig-file=\"https:\/\/i0.wp.com\/www.panfletonegro.com\/v\/wp-content\/uploads\/2012\/07\/photo_1340903908029-1-0.jpeg?fit=512%2C445&amp;ssl=1\" data-orig-size=\"512,445\" data-comments-opened=\"1\" data-image-meta=\"{&quot;aperture&quot;:&quot;0&quot;,&quot;credit&quot;:&quot;&quot;,&quot;camera&quot;:&quot;&quot;,&quot;caption&quot;:&quot;&quot;,&quot;created_timestamp&quot;:&quot;0&quot;,&quot;copyright&quot;:&quot;&quot;,&quot;focal_length&quot;:&quot;0&quot;,&quot;iso&quot;:&quot;0&quot;,&quot;shutter_speed&quot;:&quot;0&quot;,&quot;title&quot;:&quot;&quot;}\" data-image-title=\"photo_1340903908029-1-0\" data-image-description=\"\" data-image-caption=\"\" data-large-file=\"https:\/\/i0.wp.com\/www.panfletonegro.com\/v\/wp-content\/uploads\/2012\/07\/photo_1340903908029-1-0.jpeg?fit=512%2C445&amp;ssl=1\" class=\"size-medium wp-image-27410 alignright\" src=\"https:\/\/i0.wp.com\/www.panfletonegro.com\/v\/wp-content\/uploads\/2012\/07\/photo_1340903908029-1-0-300x260.jpeg?resize=300%2C260\" alt=\"\" width=\"300\" height=\"260\" srcset=\"https:\/\/i0.wp.com\/www.panfletonegro.com\/v\/wp-content\/uploads\/2012\/07\/photo_1340903908029-1-0.jpeg?resize=300%2C260&amp;ssl=1 300w, https:\/\/i0.wp.com\/www.panfletonegro.com\/v\/wp-content\/uploads\/2012\/07\/photo_1340903908029-1-0.jpeg?resize=320%2C278&amp;ssl=1 320w, https:\/\/i0.wp.com\/www.panfletonegro.com\/v\/wp-content\/uploads\/2012\/07\/photo_1340903908029-1-0.jpeg?resize=145%2C126&amp;ssl=1 145w, https:\/\/i0.wp.com\/www.panfletonegro.com\/v\/wp-content\/uploads\/2012\/07\/photo_1340903908029-1-0.jpeg?resize=495%2C430&amp;ssl=1 495w, https:\/\/i0.wp.com\/www.panfletonegro.com\/v\/wp-content\/uploads\/2012\/07\/photo_1340903908029-1-0.jpeg?w=512&amp;ssl=1 512w\" sizes=\"auto, (max-width: 300px) 100vw, 300px\" \/><\/a><\/p>\n<p>\u201cLas personas que cambian de g\u00e9nero lo hacen por vanidad\u201d no lo hacen por vanidad, pero si, la vanidad es parte de la experiencia, como lo es en muchas otras experiencias humanas. Lo que sucede es que hay vanidades m\u00e1s visibles, o criticables que otras. Acaso podr\u00eda este fen\u00f3meno de visibilidad estar relacionado con la asimetr\u00eda de nuestro r\u00edgido sistema de g\u00e9nero? Imaginemos un comandante que se mira en el espejo, y se hincha de orgullo al ver que en su pecho no cabe una medalla m\u00e1s. Vanidad. Una mujer se polvorea las mejillas, se arregla el pelo, se pinta los labios y lanza con un beso a al aire dirigido a su reflejo en el espejo. Vanidad. Cambiemos los papeles ahora, h\u00e1ganlo amigos lectores en sus mentes, y se dar\u00e1n cuenta de algo fascinante. Hay una asimetr\u00eda; al cambiar la presentacion de g\u00e9nero de nuestros personajes nuestra respuesta a la representaci\u00f3n no es la misma, si el sexo no se corresponde con el g\u00e9nero, es decir hay un doble standard. Esto ayuda a que unas vanidades se noten m\u00e1s que otras, y como de por s\u00ed ya la vanidad es negativizada en nuestra sociedad (cosa que puede ser material para otro ensayo) terminamos afectados aquellos a los que se nos nota m\u00e1s, a menos que seamos objetos de deseo sexual por supuesto. Para culminar regresemos al ejemplo de nuestra mancillada chica trans parada en la esquina, acaso no es vanidad lo que mueve a los cinco caballeros a atacar a la chica trans? ser\u00e1 su orgullo masculino lo que se ve ofendido? Esa vanidad casi no se ve pero si esta ah\u00ed, ser\u00e1 que la vemos? Y as\u00ed terminar esta perorata de debut, pero no me despido sin hacer un \u00faltimo comentario; lo del rostro de Sim\u00f3n Bol\u00edvar en 3D fue un acto de vanidad, con implicaciones exponencialmente vanas, ha sido una reacci\u00f3n en cadena que ha puesto al pa\u00eds a mirarse en el espejo, mientras el comandante se hincha de orgullo.<\/p>\n","protected":false},"excerpt":{"rendered":"<p>Recientemente tuve una conversaci\u00f3n con una persona muy querida, la conversaci\u00f3n giraba en torno a mi transgenderismo, la decisi\u00f3n de modificar mi cuerpo. Debido a lo controversial del tema, la conversaci\u00f3n se transform\u00f3 en debate, y en el debate sali\u00f3 a relucir la palabra vanidad, y se col\u00f3 m\u00e1s o menos, de la siguiente manera; [&hellip;]<\/p>\n","protected":false},"author":2101,"featured_media":27410,"comment_status":"open","ping_status":"open","sticky":false,"template":"","format":"standard","meta":{"jetpack_post_was_ever_published":false,"_jetpack_newsletter_access":"","_jetpack_dont_email_post_to_subs":false,"_jetpack_newsletter_tier_id":0,"_jetpack_memberships_contains_paywalled_content":false,"_jetpack_memberships_contains_paid_content":false,"footnotes":"","jetpack_publicize_message":"","jetpack_publicize_feature_enabled":true,"jetpack_social_post_already_shared":false,"jetpack_social_options":{"image_generator_settings":{"template":"highway","default_image_id":0,"font":"","enabled":false},"version":2}},"categories":[1],"tags":[1876,1877],"class_list":{"0":"post-27290","1":"post","2":"type-post","3":"status-publish","4":"format-standard","5":"has-post-thumbnail","7":"category-azares","8":"tag-transgenero","9":"tag-vanidad"},"jetpack_publicize_connections":[],"jetpack_featured_media_url":"https:\/\/i0.wp.com\/www.panfletonegro.com\/v\/wp-content\/uploads\/2012\/07\/photo_1340903908029-1-0.jpeg?fit=512%2C445&ssl=1","jetpack_shortlink":"https:\/\/wp.me\/pfpCD-76a","jetpack_sharing_enabled":true,"_links":{"self":[{"href":"https:\/\/www.panfletonegro.com\/v\/wp-json\/wp\/v2\/posts\/27290","targetHints":{"allow":["GET"]}}],"collection":[{"href":"https:\/\/www.panfletonegro.com\/v\/wp-json\/wp\/v2\/posts"}],"about":[{"href":"https:\/\/www.panfletonegro.com\/v\/wp-json\/wp\/v2\/types\/post"}],"author":[{"embeddable":true,"href":"https:\/\/www.panfletonegro.com\/v\/wp-json\/wp\/v2\/users\/2101"}],"replies":[{"embeddable":true,"href":"https:\/\/www.panfletonegro.com\/v\/wp-json\/wp\/v2\/comments?post=27290"}],"version-history":[{"count":0,"href":"https:\/\/www.panfletonegro.com\/v\/wp-json\/wp\/v2\/posts\/27290\/revisions"}],"wp:featuredmedia":[{"embeddable":true,"href":"https:\/\/www.panfletonegro.com\/v\/wp-json\/wp\/v2\/media\/27410"}],"wp:attachment":[{"href":"https:\/\/www.panfletonegro.com\/v\/wp-json\/wp\/v2\/media?parent=27290"}],"wp:term":[{"taxonomy":"category","embeddable":true,"href":"https:\/\/www.panfletonegro.com\/v\/wp-json\/wp\/v2\/categories?post=27290"},{"taxonomy":"post_tag","embeddable":true,"href":"https:\/\/www.panfletonegro.com\/v\/wp-json\/wp\/v2\/tags?post=27290"}],"curies":[{"name":"wp","href":"https:\/\/api.w.org\/{rel}","templated":true}]}}