{"id":26253,"date":"2012-06-20T21:50:36","date_gmt":"2012-06-21T02:20:36","guid":{"rendered":"http:\/\/www.panfletonegro.com\/v\/?p=26253"},"modified":"2012-12-02T08:22:02","modified_gmt":"2012-12-02T12:52:02","slug":"primero-dios-segundo-mi-comandante","status":"publish","type":"post","link":"https:\/\/www.panfletonegro.com\/v\/2012\/06\/20\/primero-dios-segundo-mi-comandante\/","title":{"rendered":"Primero Dios, segundo mi comandante."},"content":{"rendered":"<p><a href=\"https:\/\/i0.wp.com\/www.panfletonegro.com\/v\/wp-content\/uploads\/2012\/06\/Ospino.jpg\"><img data-recalc-dims=\"1\" loading=\"lazy\" decoding=\"async\" data-attachment-id=\"26270\" data-permalink=\"https:\/\/www.panfletonegro.com\/v\/2012\/06\/20\/primero-dios-segundo-mi-comandante\/ospino\/\" data-orig-file=\"https:\/\/i0.wp.com\/www.panfletonegro.com\/v\/wp-content\/uploads\/2012\/06\/Ospino.jpg?fit=719%2C536&amp;ssl=1\" data-orig-size=\"719,536\" data-comments-opened=\"1\" data-image-meta=\"{&quot;aperture&quot;:&quot;0&quot;,&quot;credit&quot;:&quot;&quot;,&quot;camera&quot;:&quot;&quot;,&quot;caption&quot;:&quot;&quot;,&quot;created_timestamp&quot;:&quot;0&quot;,&quot;copyright&quot;:&quot;&quot;,&quot;focal_length&quot;:&quot;0&quot;,&quot;iso&quot;:&quot;0&quot;,&quot;shutter_speed&quot;:&quot;0&quot;,&quot;title&quot;:&quot;&quot;}\" data-image-title=\"Ospino\" data-image-description=\"\" data-image-caption=\"\" data-large-file=\"https:\/\/i0.wp.com\/www.panfletonegro.com\/v\/wp-content\/uploads\/2012\/06\/Ospino.jpg?fit=696%2C519&amp;ssl=1\" class=\"aligncenter size-full wp-image-26270\" src=\"https:\/\/i0.wp.com\/www.panfletonegro.com\/v\/wp-content\/uploads\/2012\/06\/Ospino.jpg?resize=696%2C519\" alt=\"\" width=\"696\" height=\"519\" srcset=\"https:\/\/i0.wp.com\/www.panfletonegro.com\/v\/wp-content\/uploads\/2012\/06\/Ospino.jpg?w=719&amp;ssl=1 719w, https:\/\/i0.wp.com\/www.panfletonegro.com\/v\/wp-content\/uploads\/2012\/06\/Ospino.jpg?resize=300%2C223&amp;ssl=1 300w, https:\/\/i0.wp.com\/www.panfletonegro.com\/v\/wp-content\/uploads\/2012\/06\/Ospino.jpg?resize=320%2C238&amp;ssl=1 320w, https:\/\/i0.wp.com\/www.panfletonegro.com\/v\/wp-content\/uploads\/2012\/06\/Ospino.jpg?resize=145%2C108&amp;ssl=1 145w, https:\/\/i0.wp.com\/www.panfletonegro.com\/v\/wp-content\/uploads\/2012\/06\/Ospino.jpg?resize=495%2C369&amp;ssl=1 495w, https:\/\/i0.wp.com\/www.panfletonegro.com\/v\/wp-content\/uploads\/2012\/06\/Ospino.jpg?resize=670%2C499&amp;ssl=1 670w\" sizes=\"auto, (max-width: 696px) 100vw, 696px\" \/><\/a>El corto comienza as\u00ed: Un sol naciente se asoma por las colinas llenas de ranchos, al fondo se observa la figura del Avila coronado por nubes que pasan acariciando su cima. En primer plano, varios edificios con forma de pir\u00e1mide truncada, adornan sus azotea con antiguas antenas parab\u00f3licas que datan del siglo pasado.<\/p>\n<p>Las letras en blanco anuncian el mismo nombre que se oye en off. Andres Antonio Ospino 43 a\u00f1os. \u00abYo ten\u00eda ocho a\u00f1os, muri\u00f3 mi mam\u00e1 y qued\u00e9 un ni\u00f1o de la calle, lo que me pas\u00f3 a m\u00ed no lo quer\u00eda para mis hijos. Me gustar\u00eda que vieran el cerro donde yo viv\u00eda, hasta que lleg\u00f3 el Bol\u00edvar (\u00bfo debo decir bol\u00edvar?) este. El hombre que sac\u00f3 a mi familia de abajo\u00bb.<\/p>\n<p>Hasta aqu\u00ed el panorama que se nos ofrece es el quiz\u00e1 el que m\u00e1s aterra al venezolano: caer en la miseria, en situaci\u00f3n de calle, pero al mismo tiempo se nos habla de algo que ocurre todos los d\u00edas , ni\u00f1os que tienen que ganarse el sustento.<br \/>\nAhora bien, los invito a hacer un ejercicio matem\u00e1tico,( el hombre afirma tener 43 a\u00f1os, y dice que su mam\u00e1 muri\u00f3 cuando este tendr\u00eda 8), 43 &#8211; 8 = 35. Entonces Andr\u00e9s qued\u00f3 en la calle hace 35 a\u00f1os. Quiero que conserven ese dato en la memoria, ser\u00e1 por unos pocos segundos, no hay de qu\u00e9 preocuparse.<\/p>\n<p>Vamos ahora a la parte del bol\u00edvar este. Se\u00f1ala el mega poster de Ch\u00e1vez, enfundado en su traje de militar y con sonrisa mal\u00e9vola. El hombre que sac\u00f3 a mi familia de abajo, dice. Sigamos con las cuentas: 43 &#8211; 14= 29. Cuando el teniente coronel lleg\u00f3 al poder, Andr\u00e9s ten\u00eda 29 a\u00f1os. \u00bfAdonde quiero llegar? La manipulaci\u00f3n es simple y clara, en el video se nos miente, diciendo que Ch\u00e1vez sac\u00f3 a Andr\u00e9s de la calle, cuando este era, no m\u00e1s que un ni\u00f1o inocente. Ahora bien, las incongruencias no terminan all\u00ed, de los 14 a\u00f1os de gobierno, la Misi\u00f3n Vivienda Venezuela ha tenido solo 1 de existencia. Andr\u00e9s sali\u00f3 de la calle a los 43, cuando ya no era un ni\u00f1o.<br \/>\nEl descaro mayor ocurre en el minuto 0:25 cuando afirma: nunca me imaginaba ni trabajando toda la vida vivir ac\u00e1. A los 43 a\u00f1os, ya se tiene el suficiente raciocinio para reflexionar acerca de qu\u00e9 se hizo en toda una vida y al escuchar eso de ni trabajando toda la vida me pregunto: \u00bfqu\u00e9 esperamos los venezolanos, luego de esta afirmaci\u00f3n? \u00bfqu\u00e9 nos queda a tantos profesionales, TRABAJADORES, obreros? \u00bftener la misma suerte de Andr\u00e9s? \u00bfmontar un rancho en lo m\u00e1s inestable del barranco y esperar a que la naturaleza haga su trabajo?<\/p>\n<p>Finaliza el video m\u00e1s jalabolas que he visto, diciendo: \u00abtengo un dicho que dice&#8230; Primero Dios, luego mi comandante\u00bb. Es incre\u00edble que bien entrado el siglo XXI, encontremos frases tan pat\u00e9ticas como esa, que revela una vez m\u00e1s que la pobreza no es un asunto de tener o no tener dinero, o una casa digna, como afirman los entes gubernamentales, la verdadera pobreza est\u00e1 en creerse tan infinitamente inferior.<br \/>\nAndr\u00e9s, si trabajaras duro y toda la vida, como los dem\u00e1s, podr\u00edas adquirir una vivienda de verdad digna.<\/p>\n<p><span class=\"embed-youtube\" style=\"text-align:center; display: block;\"><iframe loading=\"lazy\" class=\"youtube-player\" width=\"696\" height=\"392\" src=\"https:\/\/www.youtube.com\/embed\/L6HTll9AXBQ?version=3&#038;rel=1&#038;showsearch=0&#038;showinfo=1&#038;iv_load_policy=1&#038;fs=1&#038;hl=es-ES&#038;autohide=2&#038;wmode=transparent\" allowfullscreen=\"true\" style=\"border:0;\" sandbox=\"allow-scripts allow-same-origin allow-popups allow-presentation allow-popups-to-escape-sandbox\"><\/iframe><\/span><\/p>\n","protected":false},"excerpt":{"rendered":"<p>El corto comienza as\u00ed: Un sol naciente se asoma por las colinas llenas de ranchos, al fondo se observa la figura del Avila coronado por nubes que pasan acariciando su cima. En primer plano, varios edificios con forma de pir\u00e1mide truncada, adornan sus azotea con antiguas antenas parab\u00f3licas que datan del siglo pasado. Las letras [&hellip;]<\/p>\n","protected":false},"author":2032,"featured_media":26270,"comment_status":"open","ping_status":"open","sticky":false,"template":"","format":"standard","meta":{"jetpack_post_was_ever_published":false,"_jetpack_newsletter_access":"","_jetpack_dont_email_post_to_subs":false,"_jetpack_newsletter_tier_id":0,"_jetpack_memberships_contains_paywalled_content":false,"_jetpack_memberships_contains_paid_content":false,"footnotes":"","jetpack_publicize_message":"","jetpack_publicize_feature_enabled":true,"jetpack_social_post_already_shared":false,"jetpack_social_options":{"image_generator_settings":{"template":"highway","default_image_id":0,"font":"","enabled":false},"version":2}},"categories":[3],"tags":[1787],"class_list":{"0":"post-26253","1":"post","2":"type-post","3":"status-publish","4":"format-standard","5":"has-post-thumbnail","7":"category-descontento","8":"tag-concursopn2012"},"jetpack_publicize_connections":[],"jetpack_featured_media_url":"https:\/\/i0.wp.com\/www.panfletonegro.com\/v\/wp-content\/uploads\/2012\/06\/Ospino.jpg?fit=719%2C536&ssl=1","jetpack_shortlink":"https:\/\/wp.me\/pfpCD-6Pr","jetpack_sharing_enabled":true,"_links":{"self":[{"href":"https:\/\/www.panfletonegro.com\/v\/wp-json\/wp\/v2\/posts\/26253","targetHints":{"allow":["GET"]}}],"collection":[{"href":"https:\/\/www.panfletonegro.com\/v\/wp-json\/wp\/v2\/posts"}],"about":[{"href":"https:\/\/www.panfletonegro.com\/v\/wp-json\/wp\/v2\/types\/post"}],"author":[{"embeddable":true,"href":"https:\/\/www.panfletonegro.com\/v\/wp-json\/wp\/v2\/users\/2032"}],"replies":[{"embeddable":true,"href":"https:\/\/www.panfletonegro.com\/v\/wp-json\/wp\/v2\/comments?post=26253"}],"version-history":[{"count":0,"href":"https:\/\/www.panfletonegro.com\/v\/wp-json\/wp\/v2\/posts\/26253\/revisions"}],"wp:featuredmedia":[{"embeddable":true,"href":"https:\/\/www.panfletonegro.com\/v\/wp-json\/wp\/v2\/media\/26270"}],"wp:attachment":[{"href":"https:\/\/www.panfletonegro.com\/v\/wp-json\/wp\/v2\/media?parent=26253"}],"wp:term":[{"taxonomy":"category","embeddable":true,"href":"https:\/\/www.panfletonegro.com\/v\/wp-json\/wp\/v2\/categories?post=26253"},{"taxonomy":"post_tag","embeddable":true,"href":"https:\/\/www.panfletonegro.com\/v\/wp-json\/wp\/v2\/tags?post=26253"}],"curies":[{"name":"wp","href":"https:\/\/api.w.org\/{rel}","templated":true}]}}