{"id":26213,"date":"2012-06-20T14:30:34","date_gmt":"2012-06-20T19:00:34","guid":{"rendered":"http:\/\/www.panfletonegro.com\/v\/?p=26213"},"modified":"2012-06-21T03:38:37","modified_gmt":"2012-06-21T08:08:37","slug":"laberinto","status":"publish","type":"post","link":"https:\/\/www.panfletonegro.com\/v\/2012\/06\/20\/laberinto\/","title":{"rendered":"Laberinto."},"content":{"rendered":"<p><a href=\"https:\/\/i0.wp.com\/www.panfletonegro.com\/v\/wp-content\/uploads\/2012\/06\/218_cementerio-de-montparnasse.jpg\"><img data-recalc-dims=\"1\" loading=\"lazy\" decoding=\"async\" data-attachment-id=\"26214\" data-permalink=\"https:\/\/www.panfletonegro.com\/v\/2012\/06\/20\/laberinto\/a-picture-shows-the-montparnasse-cemeter\/\" data-orig-file=\"https:\/\/i0.wp.com\/www.panfletonegro.com\/v\/wp-content\/uploads\/2012\/06\/218_cementerio-de-montparnasse.jpg?fit=980%2C652&amp;ssl=1\" data-orig-size=\"980,652\" data-comments-opened=\"1\" data-image-meta=\"{&quot;aperture&quot;:&quot;0&quot;,&quot;credit&quot;:&quot;BORIS HORVAT&quot;,&quot;camera&quot;:&quot;&quot;,&quot;caption&quot;:&quot;A picture shows the Montparnasse cemetery on October 8, 2009 in Paris. AFP PHOTO BORIS HORVAT (Photo credit should read BORIS HORVAT\/AFP\/Getty Images)&quot;,&quot;created_timestamp&quot;:&quot;0&quot;,&quot;copyright&quot;:&quot;2009 AFP&quot;,&quot;focal_length&quot;:&quot;0&quot;,&quot;iso&quot;:&quot;0&quot;,&quot;shutter_speed&quot;:&quot;0&quot;,&quot;title&quot;:&quot;A picture shows the Montparnasse cemeter&quot;}\" data-image-title=\"A picture shows the Montparnasse cemeter\" data-image-description=\"&lt;p&gt;A picture shows the Montparnasse cemetery on October 8, 2009&lt;\/p&gt;\n\" data-image-caption=\"\" data-large-file=\"https:\/\/i0.wp.com\/www.panfletonegro.com\/v\/wp-content\/uploads\/2012\/06\/218_cementerio-de-montparnasse.jpg?fit=696%2C463&amp;ssl=1\" class=\"alignleft size-medium wp-image-26214\" src=\"https:\/\/i0.wp.com\/www.panfletonegro.com\/v\/wp-content\/uploads\/2012\/06\/218_cementerio-de-montparnasse-300x199.jpg?resize=300%2C199\" alt=\"\" width=\"300\" height=\"199\" srcset=\"https:\/\/i0.wp.com\/www.panfletonegro.com\/v\/wp-content\/uploads\/2012\/06\/218_cementerio-de-montparnasse.jpg?resize=300%2C199&amp;ssl=1 300w, https:\/\/i0.wp.com\/www.panfletonegro.com\/v\/wp-content\/uploads\/2012\/06\/218_cementerio-de-montparnasse.jpg?resize=320%2C212&amp;ssl=1 320w, https:\/\/i0.wp.com\/www.panfletonegro.com\/v\/wp-content\/uploads\/2012\/06\/218_cementerio-de-montparnasse.jpg?resize=145%2C96&amp;ssl=1 145w, https:\/\/i0.wp.com\/www.panfletonegro.com\/v\/wp-content\/uploads\/2012\/06\/218_cementerio-de-montparnasse.jpg?resize=495%2C329&amp;ssl=1 495w, https:\/\/i0.wp.com\/www.panfletonegro.com\/v\/wp-content\/uploads\/2012\/06\/218_cementerio-de-montparnasse.jpg?resize=670%2C445&amp;ssl=1 670w, https:\/\/i0.wp.com\/www.panfletonegro.com\/v\/wp-content\/uploads\/2012\/06\/218_cementerio-de-montparnasse.jpg?w=980&amp;ssl=1 980w\" sizes=\"auto, (max-width: 300px) 100vw, 300px\" \/><\/a><\/p>\n<p>&nbsp;<\/p>\n<p>El amanecer me sorprendi\u00f3 sobre el Sena, en esa que consider\u00e9 la noche m\u00e1s fr\u00eda que hab\u00eda jam\u00e1s conocido, nunca sabr\u00e9 si fue por el clima ventoso y h\u00famedo de invierno o por el sentimiento que me sobrecog\u00eda mientras vagaba entre los can\u00edbales que se apoderan del Montmartre en busca de alguna presa.<\/p>\n<p>No supe como llegu\u00e9 all\u00ed, como cruc\u00e9 tantas calles sin siquiera percatarme, cuando reaccion\u00e9 del letargo que adormec\u00eda mis sentidos me\u00a0sorprendi\u00f3\u00a0estar parado en medio del Pont Neuf observando lo caudaloso que el r\u00edo se encontraba esa ma\u00f1ana, corr\u00eda veloz hac\u00eda los Campos de Marte, como si escapara de algo,\u00a0 cuando escuch\u00e9 desde el fondo como un susurro mi nombre simplemente me asust\u00e9.<\/p>\n<p>Corr\u00ed presuroso hacia el sur, sin rumbo, iba tropezando con los primeros caminantes que, con rostros\u00a0p\u00e9treos, sub\u00edan de las bocas del metro, una expresi\u00f3n severa era el com\u00fan denominador, me pareci\u00f3 que iban disgustados por el\u00a0fr\u00edo\u00a0que lo dominaba todo y una pertinaz llovizna que hab\u00eda comenzado minutos antes, me dej\u00e9 llevar por esa marea humana, pensando que durante ciertas etapas de mi vida me hab\u00eda atra\u00eddo practicar ese ejercicio: caminar, o m\u00e1s bien, dejarme llevar. En ese momento me pareci\u00f3 que la vida entera se me hab\u00eda ido en medio de un caudal de personas.<\/p>\n<p>Cruc\u00e9 el Luxemburgo hasta llegar al Montparnasse, encontr\u00e1ndome de improviso frente al gran muro que rodeaba su cementerio. Cruc\u00e9 el ancho port\u00f3n de hierro ribeteado exquisitamente e inmediatamente me \u00a0vi transportado a un mundo de iluminados. Algo en el centro de aquel camposanto llamaba fuertemente mi atenci\u00f3n, las p\u00e1ginas de un libro movidos por la brisa\u00a0g\u00e9lida\u00a0de esa ma\u00f1ana hac\u00edan las veces de manos, que agit\u00e1ndose, me invitaban a acercarme.<br \/>\nPor extra\u00f1o que parezca y a pesar de que lograba verlas desde cualquier punto no hallaba el camino que me llevara donde las hojas de aquel libro se agitaban, un laberinto&#8230;<\/p>\n<p>Alguien jugaba conmigo.<\/p>\n<p>Cuando al fin lo logr\u00e9, comprend\u00ed que Cortazar no era un ser\u00a0f\u00e1cil\u00a0de alcanzar, jugaba a la rayuela con quienes, como yo, de alguna forma eran llamados.<\/p>\n<p>Tom\u00e9 el libro en mis manos,\u00a0abri\u00e9ndolo\u00a0al azar, buscando quiz\u00e1s alguna respuesta, algo que me diera a entender la raz\u00f3n de tantas cosas, tantas preguntas sin responder, me sent\u00e9 sobre el\u00a0m\u00e1rmol\u00a0que cubr\u00eda su sepulcro y me entretuve leyendo por un momento las inscripciones que otros hab\u00edan garabateado sobre \u00e9l: \u00abel\u00a0capitulo\u00a099 cambi\u00f3 mi vida\u00bb, escribi\u00f3 alguien con un trozo de carboncillo, \u00abporque tuve miedo y vine a ser consolado\u00bb escribi\u00f3 alguien m\u00e1s en trazos finos y cuidados. Me pregunt\u00e9 tambi\u00e9n que hacia all\u00ed, bajo esa llovizna, leyendo a Rayuela en\u00a0Par\u00eds.<\/p>\n<p>Para cuando termin\u00e9 aquel capitulo al azar, que bien pudiera haber sido el primero o el \u00faltimo, las letras apenas se notaban, borrosas se disipaban empapadas entre mis lagrimas y aquel roc\u00edo\u00a0interminable que me calaba los huesos.<\/p>\n<p>Supe que faltaba mucho para que dejara de llover.<\/p>\n","protected":false},"excerpt":{"rendered":"<p>&nbsp; El amanecer me sorprendi\u00f3 sobre el Sena, en esa que consider\u00e9 la noche m\u00e1s fr\u00eda que hab\u00eda jam\u00e1s conocido, nunca sabr\u00e9 si fue por el clima ventoso y h\u00famedo de invierno o por el sentimiento que me sobrecog\u00eda mientras vagaba entre los can\u00edbales que se apoderan del Montmartre en busca de alguna presa. No [&hellip;]<\/p>\n","protected":false},"author":2062,"featured_media":26214,"comment_status":"open","ping_status":"open","sticky":false,"template":"","format":"standard","meta":{"jetpack_post_was_ever_published":false,"_jetpack_newsletter_access":"","_jetpack_dont_email_post_to_subs":false,"_jetpack_newsletter_tier_id":0,"_jetpack_memberships_contains_paywalled_content":false,"_jetpack_memberships_contains_paid_content":false,"footnotes":"","jetpack_publicize_message":"","jetpack_publicize_feature_enabled":true,"jetpack_social_post_already_shared":false,"jetpack_social_options":{"image_generator_settings":{"template":"highway","default_image_id":0,"font":"","enabled":false},"version":2}},"categories":[1],"tags":[1787],"class_list":{"0":"post-26213","1":"post","2":"type-post","3":"status-publish","4":"format-standard","5":"has-post-thumbnail","7":"category-azares","8":"tag-concursopn2012"},"jetpack_publicize_connections":[],"jetpack_featured_media_url":"https:\/\/i0.wp.com\/www.panfletonegro.com\/v\/wp-content\/uploads\/2012\/06\/218_cementerio-de-montparnasse.jpg?fit=980%2C652&ssl=1","jetpack_shortlink":"https:\/\/wp.me\/pfpCD-6ON","jetpack_sharing_enabled":true,"_links":{"self":[{"href":"https:\/\/www.panfletonegro.com\/v\/wp-json\/wp\/v2\/posts\/26213","targetHints":{"allow":["GET"]}}],"collection":[{"href":"https:\/\/www.panfletonegro.com\/v\/wp-json\/wp\/v2\/posts"}],"about":[{"href":"https:\/\/www.panfletonegro.com\/v\/wp-json\/wp\/v2\/types\/post"}],"author":[{"embeddable":true,"href":"https:\/\/www.panfletonegro.com\/v\/wp-json\/wp\/v2\/users\/2062"}],"replies":[{"embeddable":true,"href":"https:\/\/www.panfletonegro.com\/v\/wp-json\/wp\/v2\/comments?post=26213"}],"version-history":[{"count":0,"href":"https:\/\/www.panfletonegro.com\/v\/wp-json\/wp\/v2\/posts\/26213\/revisions"}],"wp:featuredmedia":[{"embeddable":true,"href":"https:\/\/www.panfletonegro.com\/v\/wp-json\/wp\/v2\/media\/26214"}],"wp:attachment":[{"href":"https:\/\/www.panfletonegro.com\/v\/wp-json\/wp\/v2\/media?parent=26213"}],"wp:term":[{"taxonomy":"category","embeddable":true,"href":"https:\/\/www.panfletonegro.com\/v\/wp-json\/wp\/v2\/categories?post=26213"},{"taxonomy":"post_tag","embeddable":true,"href":"https:\/\/www.panfletonegro.com\/v\/wp-json\/wp\/v2\/tags?post=26213"}],"curies":[{"name":"wp","href":"https:\/\/api.w.org\/{rel}","templated":true}]}}