{"id":25206,"date":"2012-05-29T18:08:29","date_gmt":"2012-05-29T22:38:29","guid":{"rendered":"http:\/\/www.panfletonegro.com\/v\/?p=25206"},"modified":"2014-06-07T11:47:35","modified_gmt":"2014-06-07T16:17:35","slug":"como-ser-terrorista-morir-en-el-intento","status":"publish","type":"post","link":"https:\/\/www.panfletonegro.com\/v\/2012\/05\/29\/como-ser-terrorista-morir-en-el-intento\/","title":{"rendered":"Como ser terrorista y no morir en el intento"},"content":{"rendered":"<p><a href=\"https:\/\/i0.wp.com\/www.panfletonegro.com\/v\/wp-content\/uploads\/2012\/05\/banksy1.gif\"><img data-recalc-dims=\"1\" loading=\"lazy\" decoding=\"async\" data-attachment-id=\"25209\" data-permalink=\"https:\/\/www.panfletonegro.com\/v\/2012\/05\/29\/como-ser-terrorista-morir-en-el-intento\/banksy1\/\" data-orig-file=\"https:\/\/i0.wp.com\/www.panfletonegro.com\/v\/wp-content\/uploads\/2012\/05\/banksy1.gif?fit=425%2C384&amp;ssl=1\" data-orig-size=\"425,384\" data-comments-opened=\"1\" data-image-meta=\"{&quot;aperture&quot;:&quot;0&quot;,&quot;credit&quot;:&quot;&quot;,&quot;camera&quot;:&quot;&quot;,&quot;caption&quot;:&quot;&quot;,&quot;created_timestamp&quot;:&quot;0&quot;,&quot;copyright&quot;:&quot;&quot;,&quot;focal_length&quot;:&quot;0&quot;,&quot;iso&quot;:&quot;0&quot;,&quot;shutter_speed&quot;:&quot;0&quot;,&quot;title&quot;:&quot;&quot;}\" data-image-title=\"banksy1\" data-image-description=\"\" data-image-caption=\"\" data-large-file=\"https:\/\/i0.wp.com\/www.panfletonegro.com\/v\/wp-content\/uploads\/2012\/05\/banksy1.gif?fit=425%2C384&amp;ssl=1\" class=\"alignleft size-medium wp-image-25209\" src=\"https:\/\/i0.wp.com\/www.panfletonegro.com\/v\/wp-content\/uploads\/2012\/05\/banksy1-300x271.gif?resize=300%2C271\" alt=\"\" width=\"300\" height=\"271\" srcset=\"https:\/\/i0.wp.com\/www.panfletonegro.com\/v\/wp-content\/uploads\/2012\/05\/banksy1.gif?resize=300%2C271&amp;ssl=1 300w, https:\/\/i0.wp.com\/www.panfletonegro.com\/v\/wp-content\/uploads\/2012\/05\/banksy1.gif?w=425&amp;ssl=1 425w\" sizes=\"auto, (max-width: 300px) 100vw, 300px\" \/><\/a>El primero de Mayo de este a\u00f1o. Las notas resaltantes en Venezuela eran: el puente pa\u00b4la playita, saber si el presidente se iba a morir antes o despu\u00e9s de firmar la reforma a la ley org\u00e1nica del trabajo. Y el asuntico ese del CIDH.<\/p>\n<p>Nada raro para nuestro acontecer nacional, m\u00e1s criollo imposible. Rumba, disparates, aguardiente, chismes y la rutilante agente politiquera central. Aun as\u00ed, dentro de todo ese maquiav\u00e9lico cuadro del que ya somos adictos. A los venezolanos nos dieron de comer un pudin de chocolate amargo que ven\u00eda cocin\u00e1ndose de hace rato en la asamblea nacional. Ese mismo tr\u00e1gico d\u00eda (Lo digo por lo del puente que se terminaba el d\u00eda lunes claro). Se public\u00f3 en Gaceta Oficial la Ley Contra Terrorismo y Delincuencia Organizada. Llam\u00e9mosla tambi\u00e9n \u201cLey Sapo\u201d.<\/p>\n<p>\u00a1Bravo! Aplausos por favor. \u00a0Ya estamos protegidos contra Al Qaeda, los sionistas y el que quiera asumir al glorioso ejercito de liberaci\u00f3n nacional junto a las FARC, como terroristas. Al fin podemos dormir cinco minutos m\u00e1s.<\/p>\n<p>Aun as\u00ed. El por menor de esta ley, en pocas palabras es: Que de ahora en adelante, todas las estrategias hist\u00f3ricas de protesta de los movimientos populares o no del pa\u00eds, son calificadas como actos terroristas. Si bien es cierto que las protestas sean estudiantiles, de trabajadores p\u00fablicos o privados, as\u00ed como de los sectores menos desfavorecidos (l\u00e9ase ind\u00edgenas y refugiados) ya se ven\u00eda criminalizando. Ahora es cuando el estado todo poderoso le da un marco legal, generando condenas de hasta veinticinco a\u00f1os; sumando desde luego los grav\u00e1menes a nivel de terrorismo para cosas como por ejemplo. Quemar cauchos en una v\u00eda p\u00fablica. Hacer grafitis en institutos, ministerios y oficinas del estado. Pedir libertad a prisioneros pol\u00edticos, tambi\u00e9n te convierte igualmente en terrorista. Asistir a una marcha o concentraci\u00f3n pacifica indigenista, te convierte en una suerte de Bin Laden pero sin chiva y sin real.<\/p>\n<p>Se restringe el uso de protesta para empleados p\u00fablicos, a quienes les toc\u00f3 adem\u00e1s doscientos CC de inyecci\u00f3n intravenosa con sapismo. Ya que de ahora en adelante pueden bajo la protecci\u00f3n de dicha ley acusar a un pajuo de la oficina que les quiera serruchar el puesto, con tan solo tildarlo de antirrevolucionario y por consiguiente, terrorista. El hecho de que se re\u00fanan tres o m\u00e1s personas para planear una cervezada con parrillita y yuca sancochada, y en el mero acto uno de los tres se pase de birras y empiece hablar paja del gobierno, y el segundo le siga el tono, el tercero se arrecha y propone ir hasta donde el portugu\u00e9s para exigirle que le baje el precio a la bolsa de hielo porque se derrite muy r\u00e1pido&#8230; Todo esto. No es un chiste al mejor estilo del chig\u00fcire, esta comiquita es un acto terrorista. Art\u00edculo 4, numeral 17.<\/p>\n<p>El blanqueo de dinero y es lo que a mi parecer est\u00e1 bien resuelto adem\u00e1s de contemplar la pornograf\u00eda infantil como acto terrorista (Nada de Teen en Youporn por favor), estos dos elementos de crimen organizado obviamente no queda impune. Pues considero que dicha ley m\u00e1s all\u00e1 de discutir si debe existir o no (Al carajo, ya est\u00e1 aprobada) es el hecho de revisarla, pues se pasa de semillas esa maraca. Quien proteste naturalmente se le puede sumar cargos por terrorista, as\u00ed de simple.<\/p>\n<p>Evitar o hacer seguimiento a la legitimaci\u00f3n de capitales es una traba m\u00e1s para todos aquellos que redirigen fondos del excedente de la riqueza il\u00edcita y bien pueden usarlas para campa\u00f1as contra el estado, o financiar grupos terrorista (armados o no). Otro ejemplo, si tienes un t\u00edo que es narcotraficante (Muy de moda por estos d\u00edas) y te da plata, vas preso t\u00fa por terrorista. \u00c9l l\u00f3gicamente tiene m\u00e1s billete que tu y sale absuelto, adem\u00e1s le debe brillar el sol sobre los hombros. Digo por lo trabajador que es tu t\u00edo.<\/p>\n<p>Ahora si tu que eres un pitiyanki y toda esa paja loca. Un d\u00eda estas de paseo por Disney World y de pronto Zuas! Te encuentras a un diputado, o un ministro con toda su familia haciendo un estudio <em>in situ,<\/em> sobre los efectos nocivos del imperio en las familias pobres de Latinoam\u00e9rica. Cuando se te ocurre tomarles una docena de fotos y publicarlas como el propio sap\u00edn en tu twitter. Eres rolo de terrorista. No se puede exponer al p\u00fablico ninguna figura de alto nivel, afines o familiares m\u00e1s cercanos, etc. etc. etc. (La lista es grosa) Articulo 4, numeral 19.<\/p>\n<p>Lo que m\u00e1s me sorprendi\u00f3 de dicha ley, no es haber visto a la mano de hierro quitarse el guante de seda. Estado es estado, ll\u00e1mese de derecha, de izquierda, centro izquierda, pa\u00b4 bajo o pa\u00b4rriba. Ahora bien, el estado es la figura jur\u00eddica por excelencia y en muy pocos casos puede ser llevada a querella jur\u00eddica como persona procesal. Pero en el art\u00edculo 31 de\u00a0 dicha ley, dice expresamente que el estado y sus empresas queda excluido de ser procesado por actos de terrorismo.<\/p>\n<p>PDVSA tras todos esos derrames y ecocidios que han cometido, no puede la empresa ser investigada, ni juzgada por actos de terrorismo, aun cuando fueron o no por acto vand\u00e1lico deliberado. La ley Penal del Ambiente con la que la misma estatal se limpia el culo pasa por alto. Un organismo o instituci\u00f3n que almacene armamento, o que lo trasporte (Legal o no, oficial o no) sin declarar el uso y paradero del mismo. No puede ser dicha instituci\u00f3n ni sus funcionarios ser investigados ni procesados. O si bien se quema toda una torre de un ministerio por accidente o negligencia, tampoco es motivo de investigaci\u00f3n por posibles hechos de terrorismo.<\/p>\n<p><a href=\"https:\/\/i0.wp.com\/www.panfletonegro.com\/v\/wp-content\/uploads\/2012\/05\/banksy2.jpg\"><img data-recalc-dims=\"1\" loading=\"lazy\" decoding=\"async\" data-attachment-id=\"25210\" data-permalink=\"https:\/\/www.panfletonegro.com\/v\/2012\/05\/29\/como-ser-terrorista-morir-en-el-intento\/banksy2\/\" data-orig-file=\"https:\/\/i0.wp.com\/www.panfletonegro.com\/v\/wp-content\/uploads\/2012\/05\/banksy2.jpg?fit=468%2C606&amp;ssl=1\" data-orig-size=\"468,606\" data-comments-opened=\"1\" data-image-meta=\"{&quot;aperture&quot;:&quot;0&quot;,&quot;credit&quot;:&quot;&quot;,&quot;camera&quot;:&quot;&quot;,&quot;caption&quot;:&quot;&quot;,&quot;created_timestamp&quot;:&quot;0&quot;,&quot;copyright&quot;:&quot;&quot;,&quot;focal_length&quot;:&quot;0&quot;,&quot;iso&quot;:&quot;0&quot;,&quot;shutter_speed&quot;:&quot;0&quot;,&quot;title&quot;:&quot;&quot;}\" data-image-title=\"banksy2\" data-image-description=\"\" data-image-caption=\"\" data-large-file=\"https:\/\/i0.wp.com\/www.panfletonegro.com\/v\/wp-content\/uploads\/2012\/05\/banksy2.jpg?fit=468%2C606&amp;ssl=1\" class=\"aligncenter size-medium wp-image-25210\" src=\"https:\/\/i0.wp.com\/www.panfletonegro.com\/v\/wp-content\/uploads\/2012\/05\/banksy2-231x300.jpg?resize=231%2C300\" alt=\"\" width=\"231\" height=\"300\" srcset=\"https:\/\/i0.wp.com\/www.panfletonegro.com\/v\/wp-content\/uploads\/2012\/05\/banksy2.jpg?resize=231%2C300&amp;ssl=1 231w, https:\/\/i0.wp.com\/www.panfletonegro.com\/v\/wp-content\/uploads\/2012\/05\/banksy2.jpg?w=468&amp;ssl=1 468w\" sizes=\"auto, (max-width: 231px) 100vw, 231px\" \/><\/a><\/p>\n<p><span style=\"text-decoration: underline\">El dato curioso<\/span>: El Fondo Monetario Internacional conocido por sus siglas FMI, exige a los pa\u00edses que se sujetan a sus prestamos imperiales e inhumanos, para que promulgue dichas leyes incriminatorias hacia las protestas, ll\u00e1mese ley anti terroristas. El asunto es lo que les viene a esa poblaci\u00f3n tras un nuevo endeudamiento. Mayor control y m\u00e1s miseria para el pueblo. Y un pueblo con hambre, sin vivienda, sin luz y con los costos por las nubes es un pueblo arrecho y en la calle.<\/p>\n<p>No me queda de otra que aclararles que el Socialismo del Siglo XXI, no es un basamento pol\u00edtico que dibuja dos equis y un palito para hacerla m\u00e1s depinga. El socialismo es un paso muy doloroso al comunismo. Y el comunismo es m\u00e1s control y m\u00e1s represi\u00f3n. Donde el estado es Dios y todos son borregos. El que no se encarrile palo por ese culo y a construir el nuevo ferrocarril transiberiano. Para los no enterados. Bienvenidos al Socialismo del Siglo XXI<\/p>\n<p>Quien quiera leer detenidamente la ley ac\u00e1 est\u00e1 el link de la gaceta &#8211;&gt;<a title=\"Gaceta Oficial N\u00ba 39.912\" href=\"http:\/\/www.mediafire.com\/?93813cdsp2imt7w\"> http:\/\/www.mediafire.com\/?93813cdsp2imt7w<\/a><\/p>\n","protected":false},"excerpt":{"rendered":"<p>El primero de Mayo de este a\u00f1o. Las notas resaltantes en Venezuela eran: el puente pa\u00b4la playita, saber si el presidente se iba a morir antes o despu\u00e9s de firmar la reforma a la ley org\u00e1nica del trabajo. Y el asuntico ese del CIDH. Nada raro para nuestro acontecer nacional, m\u00e1s criollo imposible. Rumba, disparates, [&hellip;]<\/p>\n","protected":false},"author":1918,"featured_media":25209,"comment_status":"open","ping_status":"open","sticky":false,"template":"","format":"standard","meta":{"jetpack_post_was_ever_published":false,"_jetpack_newsletter_access":"","_jetpack_dont_email_post_to_subs":false,"_jetpack_newsletter_tier_id":0,"_jetpack_memberships_contains_paywalled_content":false,"_jetpack_memberships_contains_paid_content":false,"footnotes":"","jetpack_publicize_message":"","jetpack_publicize_feature_enabled":true,"jetpack_social_post_already_shared":false,"jetpack_social_options":{"image_generator_settings":{"template":"highway","default_image_id":0,"font":"","enabled":false},"version":2}},"categories":[1],"tags":[],"class_list":{"0":"post-25206","1":"post","2":"type-post","3":"status-publish","4":"format-standard","5":"has-post-thumbnail","7":"category-azares"},"jetpack_publicize_connections":[],"jetpack_featured_media_url":"https:\/\/i0.wp.com\/www.panfletonegro.com\/v\/wp-content\/uploads\/2012\/05\/banksy1.gif?fit=425%2C384&ssl=1","jetpack_shortlink":"https:\/\/wp.me\/pfpCD-6yy","jetpack_sharing_enabled":true,"_links":{"self":[{"href":"https:\/\/www.panfletonegro.com\/v\/wp-json\/wp\/v2\/posts\/25206","targetHints":{"allow":["GET"]}}],"collection":[{"href":"https:\/\/www.panfletonegro.com\/v\/wp-json\/wp\/v2\/posts"}],"about":[{"href":"https:\/\/www.panfletonegro.com\/v\/wp-json\/wp\/v2\/types\/post"}],"author":[{"embeddable":true,"href":"https:\/\/www.panfletonegro.com\/v\/wp-json\/wp\/v2\/users\/1918"}],"replies":[{"embeddable":true,"href":"https:\/\/www.panfletonegro.com\/v\/wp-json\/wp\/v2\/comments?post=25206"}],"version-history":[{"count":0,"href":"https:\/\/www.panfletonegro.com\/v\/wp-json\/wp\/v2\/posts\/25206\/revisions"}],"wp:featuredmedia":[{"embeddable":true,"href":"https:\/\/www.panfletonegro.com\/v\/wp-json\/wp\/v2\/media\/25209"}],"wp:attachment":[{"href":"https:\/\/www.panfletonegro.com\/v\/wp-json\/wp\/v2\/media?parent=25206"}],"wp:term":[{"taxonomy":"category","embeddable":true,"href":"https:\/\/www.panfletonegro.com\/v\/wp-json\/wp\/v2\/categories?post=25206"},{"taxonomy":"post_tag","embeddable":true,"href":"https:\/\/www.panfletonegro.com\/v\/wp-json\/wp\/v2\/tags?post=25206"}],"curies":[{"name":"wp","href":"https:\/\/api.w.org\/{rel}","templated":true}]}}