{"id":24706,"date":"2012-05-16T20:25:26","date_gmt":"2012-05-17T00:55:26","guid":{"rendered":"http:\/\/www.panfletonegro.com\/v\/?p=24706"},"modified":"2012-05-17T11:55:32","modified_gmt":"2012-05-17T16:25:32","slug":"idaho2012","status":"publish","type":"post","link":"https:\/\/www.panfletonegro.com\/v\/2012\/05\/16\/idaho2012\/","title":{"rendered":"UNA DEUDA PENDIENTE DE LOS PROFESIONALES PSI"},"content":{"rendered":"<h6 style=\"text-align: left\"><a href=\"http:\/\/http:\/\/es.wikipedia.org\/wiki\/Evelyn_Hooker\" target=\"_blank\">Evelyn Hooker<\/a>(1907-1996),una de las primeras psic\u00f3logas en mostrar el sesgo de los profesionales de la salud mental a la hora de evaluar a los homosexuales<br \/>\n<img data-recalc-dims=\"1\" loading=\"lazy\" decoding=\"async\" class=\" \" src=\"https:\/\/i0.wp.com\/themoderatevoice.com\/wordpress-engine\/files\/2010\/02\/EvelynHooker.png?resize=238%2C180\" alt=\"\" width=\"238\" height=\"180\" \/><\/h6>\n<p style=\"text-align: justify\">Ma\u00f1ana se celebra el D\u00eda Internacional de la Lucha contra la Homofobia. Su origen se remonta al a\u00f1o 2003, cuando la <em>Fondation \u00c9mergence<\/em> (Fundaci\u00f3n Emergencia) inici\u00f3 la celebraci\u00f3n en la provincia de Quebec, Canad\u00e1. Con la participaci\u00f3n de otros actores, este d\u00eda nacional se extendi\u00f3 a Francia y a B\u00e9lgica, siendo hoy en d\u00eda <a href=\"http:\/\/www.dayagainsthomophobia.org\/-IDAHO-en-espagnol,68-\" target=\"_blank\">una iniciativa internacional<\/a>.<\/p>\n<p style=\"text-align: justify\">El 17 de Mayo es una fecha simb\u00f3lica, pues ese d\u00eda, en 1990, la Organizaci\u00f3n Mundial de la Salud descontinu\u00f3 el uso de la etiqueta \u2018homosexualidad\u2019 como enfermedad mental. De all\u00ed que se haya elegido este d\u00eda.<\/p>\n<p style=\"text-align: justify\">Por cierto, ya en 1973 se hab\u00eda removido esta etiqueta del DSM, el manual diagn\u00f3stico de la Asociaci\u00f3n Americana de Psiquiatr\u00eda. De manera que, en la actualidad, es simplemente anacr\u00f3nico (y carente de sustento) el pretender que la homosexualidad sea un trastorno de la conducta, emocional o mental. La evidencia emp\u00edrica, simplemente, no lo sustenta. As\u00ed lo reconocen las organizaciones de la salud mental m\u00e1s importantes del mundo. Dichas asociaciones gremiales, reconociendo la existencia de la opresi\u00f3n hacia los gays (y las lesbianas, los bisexuales y los transexuales), han hecho <strong>declaraciones expl\u00edcitas<\/strong> donde se aclara la normalidad de las variantes sexuales tanto como se rechaza el uso de las terapias de conversi\u00f3n (esos procedimientos que mezclan religi\u00f3n y psicolog\u00eda barata en un intento por modificar la orientaci\u00f3n sexual).<\/p>\n<p style=\"text-align: justify\"><span class=\"embed-youtube\" style=\"text-align:center; display: block;\"><iframe loading=\"lazy\" class=\"youtube-player\" width=\"696\" height=\"392\" src=\"https:\/\/www.youtube.com\/embed\/5OQ3FRC7NVA?version=3&#038;rel=1&#038;showsearch=0&#038;showinfo=1&#038;iv_load_policy=1&#038;fs=1&#038;hl=es-ES&#038;autohide=2&#038;wmode=transparent\" allowfullscreen=\"true\" style=\"border:0;\" sandbox=\"allow-scripts allow-same-origin allow-popups allow-presentation allow-popups-to-escape-sandbox\"><\/iframe><\/span><\/p>\n<p style=\"text-align: justify\">En Venezuela, debido al peso de la homofobia en la cultura, no ha sido posible que las asociaciones de la salud mental se pronuncien de manera expl\u00edcita en contra de la homofobia o, por lo menos, la patologizaci\u00f3n (absurda y prejuiciosa) de la diversidad sexual. Ha existido, al menos, <a href=\"http:\/\/chamanurbano.files.wordpress.com\/2009\/01\/carta-abierta-profesiones-psi.pdf\" target=\"_blank\">una petici\u00f3n acerca de este pronunciamiento<\/a>, a prop\u00f3sito de la celebraci\u00f3n d\u00eda Internacional de la Lucha contra la Homofobia en el a\u00f1o 2009.<\/p>\n<p style=\"text-align: justify\">Dicha sea la verdad, los profesionales de la salud mental se escudan en el silencio, tanto en el plano gremial como en el individual, para ahorrarse el roce inc\u00f3modo con una sociedad que valora negativamente a la diversidad sexual. As\u00ed pues, nos encontramos por un lado, con psic\u00f3logos, psiquiatras y psicoanalistas que a\u00fan identific\u00e1ndose como parte del colectivo LGBT temen salir del closet, por temor al ostracismo y el aislamiento profesional (este hecho es particularmente cierto en algunos de los centros de formaci\u00f3n psicoanal\u00edtica tradicional donde se les cierra el paso etiquet\u00e1ndolos, anacr\u00f3nicamente, como &#8216;perversos&#8217;) . En el otro extremo se encuentran los psic\u00f3logos, psiquiatras y psicoanalistas que, anteponiendo sus creencias personales al estado del arte de su disciplina, emiten enunciados patologizantes de la diversidad sexual que no pasan de ser opiniones personales disfrazadas de profesionales; un lobo con piel de cordero.<\/p>\n<p style=\"text-align: justify\">Entre ambos extremos, nos encontramos con el grueso de profesionales de la salud mental, quienes carecen del entrenamiento espec\u00edfico para tener una opini\u00f3n fundamentada de lo que es la diversidad sexual como fen\u00f3meno humano. La estridencia de esta ignorancia llega incluso a muchos sex\u00f3logos quienes confundiendo peras y manzanas llegan a decir \u201cno es una enfermedad pero se puede desaprender\/curar\u201d. Los manejos adecuados, entonces, surgen como iniciativas personales, basadas m\u00e1s que todo en la apertura mental de algunos profesionales quienes, en comparaci\u00f3n con el colectivo, representan una minor\u00eda.<\/p>\n<p style=\"text-align: justify\">Ma\u00f1ana se celebra el D\u00eda Internacional de la Lucha contra la Homofobia. Es un buen d\u00eda para recordar que en en el mundo en general, y en Venezuela en part\u00edcular, a\u00fan queda mucho por hacer.<\/p>\n","protected":false},"excerpt":{"rendered":"<p>Evelyn Hooker(1907-1996),una de las primeras psic\u00f3logas en mostrar el sesgo de los profesionales de la salud mental a la hora de evaluar a los homosexuales Ma\u00f1ana se celebra el D\u00eda Internacional de la Lucha contra la Homofobia. Su origen se remonta al a\u00f1o 2003, cuando la Fondation \u00c9mergence (Fundaci\u00f3n Emergencia) inici\u00f3 la celebraci\u00f3n en la [&hellip;]<\/p>\n","protected":false},"author":1183,"featured_media":0,"comment_status":"open","ping_status":"open","sticky":false,"template":"","format":"standard","meta":{"jetpack_post_was_ever_published":false,"_jetpack_newsletter_access":"","_jetpack_dont_email_post_to_subs":false,"_jetpack_newsletter_tier_id":0,"_jetpack_memberships_contains_paywalled_content":false,"_jetpack_memberships_contains_paid_content":false,"footnotes":"","jetpack_publicize_message":"","jetpack_publicize_feature_enabled":true,"jetpack_social_post_already_shared":false,"jetpack_social_options":{"image_generator_settings":{"template":"highway","default_image_id":0,"font":"","enabled":false},"version":2}},"categories":[6],"tags":[1704,1705],"class_list":{"0":"post-24706","1":"post","2":"type-post","3":"status-publish","4":"format-standard","6":"category-confesionario","7":"tag-dia-contra-la-homofobia","8":"tag-lgbt2012"},"jetpack_publicize_connections":[],"jetpack_featured_media_url":"","jetpack_shortlink":"https:\/\/wp.me\/pfpCD-6qu","jetpack_sharing_enabled":true,"_links":{"self":[{"href":"https:\/\/www.panfletonegro.com\/v\/wp-json\/wp\/v2\/posts\/24706","targetHints":{"allow":["GET"]}}],"collection":[{"href":"https:\/\/www.panfletonegro.com\/v\/wp-json\/wp\/v2\/posts"}],"about":[{"href":"https:\/\/www.panfletonegro.com\/v\/wp-json\/wp\/v2\/types\/post"}],"author":[{"embeddable":true,"href":"https:\/\/www.panfletonegro.com\/v\/wp-json\/wp\/v2\/users\/1183"}],"replies":[{"embeddable":true,"href":"https:\/\/www.panfletonegro.com\/v\/wp-json\/wp\/v2\/comments?post=24706"}],"version-history":[{"count":0,"href":"https:\/\/www.panfletonegro.com\/v\/wp-json\/wp\/v2\/posts\/24706\/revisions"}],"wp:attachment":[{"href":"https:\/\/www.panfletonegro.com\/v\/wp-json\/wp\/v2\/media?parent=24706"}],"wp:term":[{"taxonomy":"category","embeddable":true,"href":"https:\/\/www.panfletonegro.com\/v\/wp-json\/wp\/v2\/categories?post=24706"},{"taxonomy":"post_tag","embeddable":true,"href":"https:\/\/www.panfletonegro.com\/v\/wp-json\/wp\/v2\/tags?post=24706"}],"curies":[{"name":"wp","href":"https:\/\/api.w.org\/{rel}","templated":true}]}}