{"id":24650,"date":"2012-05-15T19:29:03","date_gmt":"2012-05-15T23:59:03","guid":{"rendered":"http:\/\/www.panfletonegro.com\/v\/?p=24650"},"modified":"2012-10-30T09:39:43","modified_gmt":"2012-10-30T14:09:43","slug":"libertad-de-que","status":"publish","type":"post","link":"https:\/\/www.panfletonegro.com\/v\/2012\/05\/15\/libertad-de-que\/","title":{"rendered":"Critiquemos&#8230; como es debido."},"content":{"rendered":"<p>Entiendo la indignaci\u00f3n que muchos sentir\u00e1n con\u00a0<a href=\"http:\/\/bit.ly\/JHciF3\">art\u00edculos como el de Yon Goicochea<\/a>, pero en lugar de construir una conciencia en medio de los que nos rodean, volvemos a sacar ese\u00a0<em>bully<\/em>\u00a0interno, que s\u00f3lo desea salir a destrozar y humillar a qui\u00e9n use ese precioso derecho de libertad de expresi\u00f3n (que tanto hemos pisoteado \u00faltimamente) de forma err\u00f3nea. En este art\u00edculo no quiero apuntar mi dedo sobre la opini\u00f3n de Yon, sino sobre la actitud que tomamos ante circunstancias similares, y la imagen que deja eso de nosotros como venezolanos, pero ya que me met\u00ed en este rollo supongo que deber\u00eda opinar algo, \u00bfno? Pues a mi parecer le aplaudo su forma de pararse firme ante el pa\u00eds y dejar plasmada su indignaci\u00f3n ante algo que a \u00e9l no parece (y sobre lo que no puedo decir nada porque nunca me he tomado la labor de investigar tales cifras), y si los n\u00fameros que da son correctos, le aplaudo al cuadrado por haber hecho algo que muy poco hacemos: Investigar e informarse antes de comenzar a lanzar pistoladas, raz\u00f3n por la que tantas verg\u00fcenzas hemos pasado en clase. Sin embargo, no es adecuado ser tan tajante con respecto a algo que es raz\u00f3n de uni\u00f3n y alegr\u00eda en un pa\u00eds que ha estado tan dividido a causa de las contiendas electorales y la mentalidad que hemos sembrado en nosotros mismos con respecto a la pol\u00edtica durante los \u00faltimos a\u00f1os, como tampoco considero profesional tildar de imb\u00e9cil a toda una colectividad.<\/p>\n<p>Volviendo al tema principal, se nos caracteriza por buscar aquello mal hablado, o aquello con lo que no estemos de acuerdo para destrozarlo y hacerlo quedar como la peor basura, y lo peor es que criticamos el aspecto equivocado de la vaina, por ejemplo, \u00bfa\u00fan se acuerdan del vide\u00edto de\u00a0<a href=\"http:\/\/youtu.be\/5SALdqZqmTQ\">Caracas Ciudad de Despedidas<\/a>?, \u00bfverdad que caus\u00f3 conmoci\u00f3n?, pero \u00bfpor qu\u00e9?; no fue por la falta de criterio u opini\u00f3n certera plasmada en los desperdiciados diecisiete minutos de vida que el pa\u00eds entero lanz\u00f3 al Guaire simult\u00e1neamente, sino porque \u00ab<em>este es mi pa\u00eds, tu pa\u00eds, mi pa\u00eds\u00a0<\/em>o\u00a0<em>\u00a0<\/em>porque\u00a0<em>no me voy de Venezuela, porque yo soy optimista,\u00a0<\/em>o porque\u00a0<em>si un d\u00eda tengo que naufragar&#8230; enterrad mi cuerpo cerca del mar en Venezuela\u00bb\u00a0<\/em>o cualquier otra letra nacionalista que se les ocurra, y todos lanzamos aquella rumba de insultos y juicios hip\u00f3critas contra los pobres muchachitos, que solo quer\u00edan que nos sinti\u00e9ramos identificados con sus inconformidades, y que cometieron el simple errorcito de no escribir con anticipaci\u00f3n un buen libretico con opiniones maduras acerca de un tema tan delicado como la emigraci\u00f3n, y se cometen esos horrores ante sus c\u00e1maras de alta definici\u00f3n (una imagen arrech\u00edsima por cierto).<\/p>\n<p>Mientras ignoramos a los grandes cr\u00edticos de nuestro pa\u00eds, cuyos art\u00edculos son la manifestaci\u00f3n pura y n\u00edtida de la argumentaci\u00f3n, buscamos a los jovencitos, a los que no conocen bien las reglas del juego para hacerles conocer la parte m\u00e1s oscura y engorrosa de nuestro vocabulario. Si estas actitudes no cambian, \u00bfqu\u00e9 naci\u00f3n queremos dejarle a nuestras futuras generaciones?, \u00bfuna donde la ley sea: o te callas o te mato?, \u00bfpor qu\u00e9 no mejor ense\u00f1ar a nuestros muchachos a expresarse antes de nosotros expresarnos con tal barbarie?<\/p>\n<p>&nbsp;<\/p>\n<p>Pedro Jos\u00e9 Herrera. @SgtoEddieAspero<\/p>\n<p>Caracas, 15 de Mayo de 2012.<\/p>\n<p>&nbsp;<\/p>\n","protected":false},"excerpt":{"rendered":"<p>Entiendo la indignaci\u00f3n que muchos sentir\u00e1n con\u00a0art\u00edculos como el de Yon Goicochea, pero en lugar de construir una conciencia en medio de los que nos rodean, volvemos a sacar ese\u00a0bully\u00a0interno, que s\u00f3lo desea salir a destrozar y humillar a qui\u00e9n use ese precioso derecho de libertad de expresi\u00f3n (que tanto hemos pisoteado \u00faltimamente) de forma [&hellip;]<\/p>\n","protected":false},"author":2028,"featured_media":0,"comment_status":"open","ping_status":"open","sticky":false,"template":"","format":"standard","meta":{"jetpack_post_was_ever_published":false,"_jetpack_newsletter_access":"","_jetpack_dont_email_post_to_subs":false,"_jetpack_newsletter_tier_id":0,"_jetpack_memberships_contains_paywalled_content":false,"_jetpack_memberships_contains_paid_content":false,"footnotes":"","jetpack_publicize_message":"","jetpack_publicize_feature_enabled":true,"jetpack_social_post_already_shared":false,"jetpack_social_options":{"image_generator_settings":{"template":"highway","default_image_id":0,"font":"","enabled":false},"version":2}},"categories":[1],"tags":[67,225,983],"class_list":{"0":"post-24650","1":"post","2":"type-post","3":"status-publish","4":"format-standard","6":"category-azares","7":"tag-critica","8":"tag-libertad-de-expresion","9":"tag-pastor-maldonado"},"jetpack_publicize_connections":[],"jetpack_featured_media_url":"","jetpack_shortlink":"https:\/\/wp.me\/pfpCD-6pA","jetpack_sharing_enabled":true,"_links":{"self":[{"href":"https:\/\/www.panfletonegro.com\/v\/wp-json\/wp\/v2\/posts\/24650","targetHints":{"allow":["GET"]}}],"collection":[{"href":"https:\/\/www.panfletonegro.com\/v\/wp-json\/wp\/v2\/posts"}],"about":[{"href":"https:\/\/www.panfletonegro.com\/v\/wp-json\/wp\/v2\/types\/post"}],"author":[{"embeddable":true,"href":"https:\/\/www.panfletonegro.com\/v\/wp-json\/wp\/v2\/users\/2028"}],"replies":[{"embeddable":true,"href":"https:\/\/www.panfletonegro.com\/v\/wp-json\/wp\/v2\/comments?post=24650"}],"version-history":[{"count":0,"href":"https:\/\/www.panfletonegro.com\/v\/wp-json\/wp\/v2\/posts\/24650\/revisions"}],"wp:attachment":[{"href":"https:\/\/www.panfletonegro.com\/v\/wp-json\/wp\/v2\/media?parent=24650"}],"wp:term":[{"taxonomy":"category","embeddable":true,"href":"https:\/\/www.panfletonegro.com\/v\/wp-json\/wp\/v2\/categories?post=24650"},{"taxonomy":"post_tag","embeddable":true,"href":"https:\/\/www.panfletonegro.com\/v\/wp-json\/wp\/v2\/tags?post=24650"}],"curies":[{"name":"wp","href":"https:\/\/api.w.org\/{rel}","templated":true}]}}