{"id":24193,"date":"2012-05-06T22:00:54","date_gmt":"2012-05-07T02:30:54","guid":{"rendered":"http:\/\/www.panfletonegro.com\/v\/?p=24193"},"modified":"2012-05-07T12:55:53","modified_gmt":"2012-05-07T17:25:53","slug":"ccdd-desde-mi-timeline","status":"publish","type":"post","link":"https:\/\/www.panfletonegro.com\/v\/2012\/05\/06\/ccdd-desde-mi-timeline\/","title":{"rendered":"CCDD desde mi timeline"},"content":{"rendered":"<p>De vez en cuando hay eventos que monopolizan mi timeline, eventos que van desde \u00ab\u00bfQui\u00e9n quiere ser millonario?\u00bb todos los domingos, alguna entrega de premios faranduleros o partidos de f\u00fatbol, hasta debates de candidatos presidenciales o la espera eterna de resultados electorales. En la noche del jueves lo que acaparaba al menos el 80% de los comentarios que le\u00eda era un cortometraje llamado\u00a0<a title=\"&quot;Caracas Ciudad de Despedidas&quot;\" href=\"http:\/\/youtu.be\/GtHgMqtMHLo\">\u00abCaracas Ciudad de Despedidas\u00bb<\/a>.\u00a0Como no pod\u00eda dejar de ser parte de la conversaci\u00f3n com\u00fan me dispuse a verlo, pero gracias a la\u00a0<del>super<\/del>velocidad de descarga\u00a0de ABA me\u00a0dio\u00a0chance de contaminarme antes con algunas cr\u00edticas, que iban desde la s\u00e1tira al mandibuleo hasta deseos de echar del pa\u00eds a l@s protagonistas, cosa que me hizo elevar las expectativas. Pero despu\u00e9s de verlo, no entend\u00ed el revuelo y pens\u00e9 que algo as\u00ed servir\u00eda nada mas para hacer un par de chistes acerca de la forma (cosa que efectivamente hice).<\/p>\n<p>Pero con el paso de las horas, la viralidad de las redes sociales surti\u00f3 su efecto y en torno al dichoso video surgieron miles de tuits, decenas posts en blogs personales, unos cuantos memes y algunos hashtags en los trending topics que han logrado mantenerse por varios d\u00edas, todo un fen\u00f3meno por esos predios. Cuando not\u00e9 lo pegada que estaba la gente con el tema, empec\u00e9 a intentar darle explicaci\u00f3n a las reacciones, tanto por su n\u00famero como por su contenido. No sab\u00eda muy bien por qu\u00e9 las cr\u00edticas y argumentos expresados en el video -que seguramente no era la primera vez que escuchaba- estaban generando tanto ruido. Parece que hab\u00edan tocado alguna fibra.<\/p>\n<p><img loading=\"lazy\" decoding=\"async\" src=\"https:\/\/yfrog.com\/oc5fhxfij:tw1\" alt=\"\" width=\"333\" height=\"333\" \/><\/p>\n<p>Marx me di\u00f3 la clave:\u00a0\u00abEl ser social es lo que determina la conciencia del hombre\u00bb\u00a0y no al rev\u00e9s. El ser social tiene que ver principalmente con las condiciones materiales de cada qui\u00e9n, y eso es lo que determina su conciencia. Mi conciencia y la de mis pares que comentaban el video es de clases medias\/medias-bajas pelabolizadas, es por eso que donde l@s cham@s del video ven un an\u00e1lisis arrech\u00edsimo de la situaci\u00f3n actual, nosotros vemos una pila de sifrin@s hablando frivolidades sobre un tema que consideramos mas que serio, dram\u00e1tico. De entrada el problema parec\u00eda ser de clases, pero es mas que eso.<\/p>\n<p>Muchos de nosotros (y con \u00abnosotros\u00bb me refiero a l@s espectador@s cuyas impresiones le\u00ed y en ocasiones compart\u00ed total o parcialmente) hab\u00edamos experimentado en alg\u00fan momento el mismo conflicto interno que la gente del video sobre irnos o quedarnos en el pa\u00eds, pero a diferencia de ell@s, nuestras consideraciones son de otro estilo. Mucho mas graves que un exceso de fiestas de despedida. Por eso no entend\u00edamos, no entendemos, y peor a\u00fan, no queremos entender. No les perdonamos -con toda raz\u00f3n- que trivialicen de esa manera tan alegre nuestro drama personal. Sus razones son desconocidas para nosotros, y como siempre lo ha hecho el ser humano, reaccionamos con miedo\u00a0ante lo desconocido, miedo que nos lleva a atacar o a ridiculizar, con el fin de asimilar por la fuerza o al menos hacer menos temible aquello que desconocemos. Por eso los chistes sobre negros, extranjeros o gays son los mas f\u00e1ciles y comunes, porque ese es el principio de todas las fobias sociales. No es de gratis que todas se curen conociendo.<\/p>\n<p>El profesor Sebastian Cova lo ejemplific\u00f3 muy bien en sus\u00a0<a title=\"Caracas ciudad de despedidas. Reflexi\u00f3n.\" href=\"http:\/\/ego-sum-parabola.blogspot.com\/2012\/05\/por-sugerencia-de-amigos-convierto-en.html\">tuits<\/a>,\u00a0las reacciones fueron muy parecidas a: \u00ab&#8230;cuando te duele mucho una muela y, al quejarte, hay quien te recuerda que muere gente de c\u00e1ncer linf\u00e1tico\u00bb o \u00abcomo cuando lloras porque tuviste que sacrificar a tu perro de 15 a\u00f1os y sale alguien y te dice que le mataron a su primo de 3 tiros\u00a0o como cuando te duele el que se haya muerto Michael Jackson y alguien pone en Twitter que en \u00c1frica hay ni\u00f1os hambrientos y enfermos.\u00bb. De tal manera que, adem\u00e1s de tener una explicaci\u00f3n simple al apelar a las diferencias de clase, el problema es de empat\u00eda.<\/p>\n<p>La<a title=\"Caracas, Ciudad de \u00bfDespedidas?... \u00a1No! Ciudad de Lucha y Coraz\u00f3n!\" href=\"http:\/\/www.youtube.com\/watch?v=IODC73jVUnY\">\u00a0parodia humoristico\/reflexiva<\/a>\u00a0del video, el\u00a0<a title=\"Los chicos de \u201cCaracas ,Ciudad de Despedidas\u201d rompen el silencio (Comunicado)\" href=\"http:\/\/www.lapatilla.com\/site\/2012\/05\/05\/los-chicos-de-caracas-ciudad-de-despedidas-rompen-el-silencio-comunicado\/\">comunicado del equipo creador<\/a>\u00a0y la\u00a0<a title=\"Directora de Caracas, ciudad de despedidas: No se puede cambiar una opini\u00f3n con violencia\" href=\"http:\/\/www.el-nacional.com\/noticia\/33887\/14\/Directora-de-Caracas-ciudad-de-despedidas-No-se-puede-cambiar-una-opinion-con-violencia.html\">entrevista a la directora<\/a>\u00a0dan cuenta de eso: nadie l@s entendi\u00f3 a ell@s y ell@s tampoco se han tomado la molestia de entender a l@s dem\u00e1s, nadie se entiende. Hay quien piensa que la responsabilidad principal de resolver los problemas de todos recae en \u00e9lites econ\u00f3micas e intelectuales, pero como escribi\u00f3 mi amiga Laura Solorzano en su\u00a0<a title=\"Sobre la libertad de expresi\u00f3n, la tolerancia y otros males del fin del mundo\" href=\"http:\/\/debilidadesyvicios.wordpress.com\/2012\/05\/03\/sobre-la-libertad-de-expresion-la-tolerancia-y-otros-males-del-fin-del-mundo\/\">blog<\/a>, muchos de esos j\u00f3venes que recibieron la mejor educaci\u00f3n \u00absiguen sin entender el verdadero problema en Venezuela\u00bb. Y esto no es mas que un reflejo de la profunda crisis que vive el pa\u00eds desde hace mas de 20 a\u00f1os (para muestra, el documental \u00ab<a title=\"Zool\u00f3gico\" href=\"http:\/\/youtu.be\/RGUTtKU6nnM\">Zool\u00f3gico<\/a>\u00bb de 1991), una que es causa y consecuencia a la vez de las crisis pol\u00edticas, econ\u00f3micas e institucionales de las \u00faltimas tres d\u00e9cadas: la crisis de integraci\u00f3n social.<\/p>\n<p>Caracas, con su divisi\u00f3n no tan invisible entre los de \u00abaquel lado\u00bb y \u00ab\u00e9ste lado\u00bb es el ejemplo perfecto de esta crisis. Vivimos realidades paralelas que aunque se tocan no dialogan, y aunque dialoguen no quieren entenderse, y as\u00ed es imposible transformar nada. Caracas necesita gente con ganas de entender, de derrumbar los muros que separan al este del oeste y tender puentes en su lugar, gente capaz de ponerse en los zapatos del otro, capaz de conocer la ciudad desde otras perspectivas y de unir visiones diversas para pensarla integralmente. Tenemos esa cuenta pendiente y en esta generaci\u00f3n, con todas las herramientas de comunicaci\u00f3n de las que disponemos, somos responsables de saldarla.<\/p>\n","protected":false},"excerpt":{"rendered":"<p>De vez en cuando hay eventos que monopolizan mi timeline, eventos que van desde \u00ab\u00bfQui\u00e9n quiere ser millonario?\u00bb todos los domingos, alguna entrega de premios faranduleros o partidos de f\u00fatbol, hasta debates de candidatos presidenciales o la espera eterna de resultados electorales. En la noche del jueves lo que acaparaba al menos el 80% de [&hellip;]<\/p>\n","protected":false},"author":1785,"featured_media":0,"comment_status":"open","ping_status":"open","sticky":false,"template":"","format":"standard","meta":{"jetpack_post_was_ever_published":false,"_jetpack_newsletter_access":"","_jetpack_dont_email_post_to_subs":false,"_jetpack_newsletter_tier_id":0,"_jetpack_memberships_contains_paywalled_content":false,"_jetpack_memberships_contains_paid_content":false,"footnotes":"","jetpack_publicize_message":"","jetpack_publicize_feature_enabled":true,"jetpack_social_post_already_shared":false,"jetpack_social_options":{"image_generator_settings":{"template":"highway","default_image_id":0,"font":"","enabled":false},"version":2}},"categories":[4],"tags":[62,1672,1671,1670,946],"class_list":{"0":"post-24193","1":"post","2":"type-post","3":"status-publish","4":"format-standard","6":"category-cine","7":"tag-caracas","8":"tag-caracas-ciudad-de-despedidas","9":"tag-ccdd","10":"tag-ciudad-de-despedidas","11":"tag-emigracion"},"jetpack_publicize_connections":[],"jetpack_featured_media_url":"","jetpack_shortlink":"https:\/\/wp.me\/pfpCD-6id","jetpack_sharing_enabled":true,"_links":{"self":[{"href":"https:\/\/www.panfletonegro.com\/v\/wp-json\/wp\/v2\/posts\/24193","targetHints":{"allow":["GET"]}}],"collection":[{"href":"https:\/\/www.panfletonegro.com\/v\/wp-json\/wp\/v2\/posts"}],"about":[{"href":"https:\/\/www.panfletonegro.com\/v\/wp-json\/wp\/v2\/types\/post"}],"author":[{"embeddable":true,"href":"https:\/\/www.panfletonegro.com\/v\/wp-json\/wp\/v2\/users\/1785"}],"replies":[{"embeddable":true,"href":"https:\/\/www.panfletonegro.com\/v\/wp-json\/wp\/v2\/comments?post=24193"}],"version-history":[{"count":0,"href":"https:\/\/www.panfletonegro.com\/v\/wp-json\/wp\/v2\/posts\/24193\/revisions"}],"wp:attachment":[{"href":"https:\/\/www.panfletonegro.com\/v\/wp-json\/wp\/v2\/media?parent=24193"}],"wp:term":[{"taxonomy":"category","embeddable":true,"href":"https:\/\/www.panfletonegro.com\/v\/wp-json\/wp\/v2\/categories?post=24193"},{"taxonomy":"post_tag","embeddable":true,"href":"https:\/\/www.panfletonegro.com\/v\/wp-json\/wp\/v2\/tags?post=24193"}],"curies":[{"name":"wp","href":"https:\/\/api.w.org\/{rel}","templated":true}]}}