{"id":23803,"date":"2012-04-25T21:23:23","date_gmt":"2012-04-26T01:53:23","guid":{"rendered":"http:\/\/www.panfletonegro.com\/v\/?p=23803"},"modified":"2012-04-26T00:32:43","modified_gmt":"2012-04-26T05:02:43","slug":"el-juicio","status":"publish","type":"post","link":"https:\/\/www.panfletonegro.com\/v\/2012\/04\/25\/el-juicio\/","title":{"rendered":"El juicio"},"content":{"rendered":"<p style=\"text-align: center\"><strong>\u00a0<a href=\"https:\/\/i0.wp.com\/www.panfletonegro.com\/v\/wp-content\/uploads\/2012\/04\/222222.jpg\"><img data-recalc-dims=\"1\" loading=\"lazy\" decoding=\"async\" data-attachment-id=\"23815\" data-permalink=\"https:\/\/www.panfletonegro.com\/v\/2012\/04\/25\/el-juicio\/attachment\/222222\/\" data-orig-file=\"https:\/\/i0.wp.com\/www.panfletonegro.com\/v\/wp-content\/uploads\/2012\/04\/222222.jpg?fit=2550%2C3510&amp;ssl=1\" data-orig-size=\"2550,3510\" data-comments-opened=\"1\" data-image-meta=\"{&quot;aperture&quot;:&quot;0&quot;,&quot;credit&quot;:&quot;&quot;,&quot;camera&quot;:&quot;&quot;,&quot;caption&quot;:&quot;&quot;,&quot;created_timestamp&quot;:&quot;0&quot;,&quot;copyright&quot;:&quot;&quot;,&quot;focal_length&quot;:&quot;0&quot;,&quot;iso&quot;:&quot;0&quot;,&quot;shutter_speed&quot;:&quot;0&quot;,&quot;title&quot;:&quot;&quot;}\" data-image-title=\"222222\" data-image-description=\"\" data-image-caption=\"\" data-large-file=\"https:\/\/i0.wp.com\/www.panfletonegro.com\/v\/wp-content\/uploads\/2012\/04\/222222.jpg?fit=696%2C959&amp;ssl=1\" class=\"aligncenter  wp-image-23815\" src=\"https:\/\/i0.wp.com\/www.panfletonegro.com\/v\/wp-content\/uploads\/2012\/04\/222222-743x1024.jpg?resize=356%2C491\" alt=\"\" width=\"356\" height=\"491\" srcset=\"https:\/\/i0.wp.com\/www.panfletonegro.com\/v\/wp-content\/uploads\/2012\/04\/222222.jpg?resize=743%2C1024&amp;ssl=1 743w, https:\/\/i0.wp.com\/www.panfletonegro.com\/v\/wp-content\/uploads\/2012\/04\/222222.jpg?resize=217%2C300&amp;ssl=1 217w, https:\/\/i0.wp.com\/www.panfletonegro.com\/v\/wp-content\/uploads\/2012\/04\/222222.jpg?w=1392&amp;ssl=1 1392w, https:\/\/i0.wp.com\/www.panfletonegro.com\/v\/wp-content\/uploads\/2012\/04\/222222.jpg?w=2088&amp;ssl=1 2088w\" sizes=\"auto, (max-width: 356px) 100vw, 356px\" \/><\/a><\/strong><\/p>\n<p><strong>\u00a0\u00a0\u00a0\u00a0\u00a0\u00a0 <\/strong>La Verdad caminaba con la cabeza en alto, se hab\u00eda declarado inocente a pesar de ser culpable confesa, pero como ella dir\u00eda: \u00bb Todo es cuesti\u00f3n de interpretaci\u00f3n\u00bb.<\/p>\n<p>La Realidad, quien fung\u00eda como fiscal, sab\u00eda que ten\u00eda un caso s\u00f3lido.<\/p>\n<p>Por otro lado, Corrupci\u00f3n nuevamente abogar\u00eda y defender\u00eda la inocencia de la Verdad.<\/p>\n<p>Se inici\u00f3 el proceso mostrando una fotograf\u00eda de un gran hueco en la v\u00eda que se hab\u00eda tragado un veh\u00edculo y como consecuencia un ser humano estaba muerto, a este \u00faltimo lo llamaremos X por no tener importancia en este contexto.<\/p>\n<p>La fiscal\u00eda llam\u00f3 a su primer testigo. El Hecho prest\u00f3 juramento, a continuaci\u00f3n fue sometido a una serie de preguntas destinadas a explicar lo acontecido, en resumen describi\u00f3 la imagen de la fotograf\u00eda y se\u00f1al\u00f3 a las Pruebas que apuntaban a la Verdad como culpable.<\/p>\n<p>El segundo testigo de la fiscal\u00eda fue la Prueba A, quien declar\u00f3 que estuvo presente en el g\u00e9nesis del hueco, en sus manos ten\u00eda los documentos del registro del nacimiento ante las autoridades pertinentes.<\/p>\n<p>El tercer testigo fue la Prueba B, quien hizo referencia del crecimiento del hueco con una salud inquebrantable y a pesar que los vecinos lo evitaban se hac\u00eda mas grande y se fortalec\u00eda con cada palo de agua que ca\u00eda, el testigo mostr\u00f3 las fotograf\u00edas de c\u00f3mo de beb\u00e9 pas\u00f3 a un adulto fornido, entre los documentos ten\u00eda el registro del preescolar, b\u00e1sica, bachiller\u00a0 y universidad, sin que ninguna autoridad a pesar de tener conocimiento del hecho, hiciera algo al respecto.<\/p>\n<p>El cuarto testigo fue la Consecuencia, quien declar\u00f3 como toda acci\u00f3n por efecto u omisi\u00f3n desata una cadena de acontecimientos que si no se controlan pueden deparar en lamentables hechos.<\/p>\n<p>La segunda parte del juicio la protagoniz\u00f3 la defensa, quien llam\u00f3 a declarar como primer testigo a la Mentira.<\/p>\n<p>Le mostraron los hechos y las pruebas y le pidieron explicaciones, la Mentira se sobrepuso al ataque descalificando primero al Hecho, ya que el mismo por inalterable, no ten\u00eda derecho a criterio, despu\u00e9s a las Pruebas ya que estas por ser parte interesada siempre ver\u00edan el lado negativo de las cosas, finalmente se enfrent\u00f3 a la Consecuencia, a la que no le dio respiro por valorizar mas al muerto X que al desarrollo natural del hueco, Acaso no tienen los dos el mismo derecho a existir?.<\/p>\n<p>El segundo testigo fue la Ideolog\u00eda, quien con parsimonia filosofaba mientras contestaba a las preguntas; _Es notoria la confusi\u00f3n que se genera ante cualquier acontecimiento, debemos recordar que la Verdad siempre ser\u00e1 la Verdad, por ende no puede ser expuesta como Mentira, si ella se declara inocente es por que es inocente, no est\u00e1 motivada por el mal ni por el bien, en esencia es en si misma lo que declara ser, por lo que los hechos son consecuencia de terceros hacia terceros, extra\u00f1amente ni est\u00e1 el hueco ni est\u00e1 el muerto X aqu\u00ed presentes y lo mas importante, que para mi es obvio, todo esto notoriamente es una trampa para desprestigiar la Verdad.<\/p>\n<p>Todos en el recinto se quedaron callados, nadie entendi\u00f3 nada, pero la grandilocuencia con la que fue hecho el discurso de contenido vac\u00edo y sin relevancia desat\u00f3 algarab\u00eda y aplausos.<\/p>\n<p>En la tercera parte del juicio la Verdad se defendi\u00f3 de la acusaci\u00f3n.<\/p>\n<p>_Yo he recibido cada denuncia aqu\u00ed presentada, la he estudiado y he enviado los recursos para corregir los hechos, he sido honesta, trabajo 24 horas al d\u00eda para poder solucionar los problemas, abandero la justicia y soy la voz de los necesitados, mi presencia no debe confundir a nadie ya que soy el reflejo del pensamiento libre, se me puede interpretar pero como mencion\u00f3 la Ideolog\u00eda, la Verdad siempre ser\u00e1 la Verdad.<\/p>\n<p>Finalmente se lleg\u00f3 a los alegatos.<\/p>\n<p>Corrupci\u00f3n camin\u00f3 lentamente mientras arrastraba las palabras;<\/p>\n<p>_Como todos sabemos, un hecho provoc\u00f3 la muerte de X, y en consecuencia la Verdad termin\u00f3 en el banquillo de los acusados, hemos escuchado las m\u00faltiples declaraciones que han dado los asociados de la Realidad, \u00bfY qu\u00e9 sacamos en conclusi\u00f3n?, yo se los dir\u00e9, que la Realidad es una simple exposici\u00f3n de hechos sin contenido, la fiscal\u00eda no tiene la capacidad de convencernos que la Verdad es culpable, Acaso \u00bffue la Verdad quien abri\u00f3 el hueco?, Acaso \u00bfno dio los recursos necesarios para taparlo?, \u00bfFue ella quien lo alimento y educ\u00f3 para que se hiciese mas grande?, \u00bfNo era el hueco lo bastante grande para ser visto? \u00bfNo fue al final el muerto X el culpable por meterse en el hueco?, eso es lo que deben preguntarse cuando decidan la inocencia de mi defendida, ella no huyo, se enfrent\u00f3 a las consecuencias y est\u00e1 aqu\u00ed mostrando que por encima de todo es la Verdad.<\/p>\n<p>Cuando el juez logr\u00f3 calmar a la gente de la sala, le toc\u00f3 el turno a la Realidad.<\/p>\n<p>_Ser\u00e9 breve, \u00bfCu\u00e1l es la diferencia entre la Verdad y la Realidad?, les dir\u00e9, la primera siempre esgrime una excusa para permanecer, toda interpretaci\u00f3n es la Verdad para quien la hace, pero la Realidad siempre ser\u00e1 igual sin importar quien la observe, por que es inalterable, el hecho y sus consecuencias existen de forma independiente a la interpretaci\u00f3n que se les d\u00e9, tristemente la Verdad, siempre Verdad pero casi nunca verdadera, evade su responsabilidad al no aceptar su culpa en los hechos, dio los recursos mas de una vez, lo que quiere decir que no hizo seguimiento y enriqueci\u00f3 a un tercero que se qued\u00f3 con el dinero tantas veces como le fue entregado y nunca tap\u00f3 el hueco, la Verdad es c\u00f3mplice, es culpable, y las palabras por muy bien pronunciadas que est\u00e9n, por mucho abanderamiento y seguidores que tengan, no van a desenterrar al muerto X, que es un hecho, queda en sus conciencias el veredicto.<\/p>\n<p>Al final del d\u00eda el veredicto se ley\u00f3, la acusada es inocente, y por recomendaci\u00f3n del juez se pide procesar al muerto X , el se\u00f1or Iluso.<\/p>\n","protected":false},"excerpt":{"rendered":"<p>\u00a0 \u00a0\u00a0\u00a0\u00a0\u00a0\u00a0 La Verdad caminaba con la cabeza en alto, se hab\u00eda declarado inocente a pesar de ser culpable confesa, pero como ella dir\u00eda: \u00bb Todo es cuesti\u00f3n de interpretaci\u00f3n\u00bb. La Realidad, quien fung\u00eda como fiscal, sab\u00eda que ten\u00eda un caso s\u00f3lido. Por otro lado, Corrupci\u00f3n nuevamente abogar\u00eda y defender\u00eda la inocencia de la Verdad. [&hellip;]<\/p>\n","protected":false},"author":1989,"featured_media":23815,"comment_status":"open","ping_status":"open","sticky":false,"template":"","format":"standard","meta":{"jetpack_post_was_ever_published":false,"_jetpack_newsletter_access":"","_jetpack_dont_email_post_to_subs":false,"_jetpack_newsletter_tier_id":0,"_jetpack_memberships_contains_paywalled_content":false,"_jetpack_memberships_contains_paid_content":false,"footnotes":"","jetpack_publicize_message":"","jetpack_publicize_feature_enabled":true,"jetpack_social_post_already_shared":false,"jetpack_social_options":{"image_generator_settings":{"template":"highway","default_image_id":0,"font":"","enabled":false},"version":2}},"categories":[1],"tags":[],"class_list":{"0":"post-23803","1":"post","2":"type-post","3":"status-publish","4":"format-standard","5":"has-post-thumbnail","7":"category-azares"},"jetpack_publicize_connections":[],"jetpack_featured_media_url":"https:\/\/i0.wp.com\/www.panfletonegro.com\/v\/wp-content\/uploads\/2012\/04\/222222.jpg?fit=2550%2C3510&ssl=1","jetpack_shortlink":"https:\/\/wp.me\/pfpCD-6bV","jetpack_sharing_enabled":true,"_links":{"self":[{"href":"https:\/\/www.panfletonegro.com\/v\/wp-json\/wp\/v2\/posts\/23803","targetHints":{"allow":["GET"]}}],"collection":[{"href":"https:\/\/www.panfletonegro.com\/v\/wp-json\/wp\/v2\/posts"}],"about":[{"href":"https:\/\/www.panfletonegro.com\/v\/wp-json\/wp\/v2\/types\/post"}],"author":[{"embeddable":true,"href":"https:\/\/www.panfletonegro.com\/v\/wp-json\/wp\/v2\/users\/1989"}],"replies":[{"embeddable":true,"href":"https:\/\/www.panfletonegro.com\/v\/wp-json\/wp\/v2\/comments?post=23803"}],"version-history":[{"count":0,"href":"https:\/\/www.panfletonegro.com\/v\/wp-json\/wp\/v2\/posts\/23803\/revisions"}],"wp:featuredmedia":[{"embeddable":true,"href":"https:\/\/www.panfletonegro.com\/v\/wp-json\/wp\/v2\/media\/23815"}],"wp:attachment":[{"href":"https:\/\/www.panfletonegro.com\/v\/wp-json\/wp\/v2\/media?parent=23803"}],"wp:term":[{"taxonomy":"category","embeddable":true,"href":"https:\/\/www.panfletonegro.com\/v\/wp-json\/wp\/v2\/categories?post=23803"},{"taxonomy":"post_tag","embeddable":true,"href":"https:\/\/www.panfletonegro.com\/v\/wp-json\/wp\/v2\/tags?post=23803"}],"curies":[{"name":"wp","href":"https:\/\/api.w.org\/{rel}","templated":true}]}}