{"id":23436,"date":"2012-04-12T22:37:04","date_gmt":"2012-04-13T03:07:04","guid":{"rendered":"http:\/\/www.panfletonegro.com\/v\/?p=23436"},"modified":"2012-04-13T13:08:12","modified_gmt":"2012-04-13T17:38:12","slug":"abril-02-animacion-de-propaganda-roja","status":"publish","type":"post","link":"https:\/\/www.panfletonegro.com\/v\/2012\/04\/12\/abril-02-animacion-de-propaganda-roja\/","title":{"rendered":"Abril 02: Animaci\u00f3n de Propaganda Roja"},"content":{"rendered":"<p><a href=\"https:\/\/i0.wp.com\/www.panfletonegro.com\/v\/wp-content\/uploads\/2012\/04\/post-30-1334197717.jpg\"><img data-recalc-dims=\"1\" loading=\"lazy\" decoding=\"async\" data-attachment-id=\"23437\" data-permalink=\"https:\/\/www.panfletonegro.com\/v\/2012\/04\/12\/abril-02-animacion-de-propaganda-roja\/post-30-1334197717\/\" data-orig-file=\"https:\/\/i0.wp.com\/www.panfletonegro.com\/v\/wp-content\/uploads\/2012\/04\/post-30-1334197717.jpg?fit=360%2C270&amp;ssl=1\" data-orig-size=\"360,270\" data-comments-opened=\"1\" data-image-meta=\"{&quot;aperture&quot;:&quot;0&quot;,&quot;credit&quot;:&quot;&quot;,&quot;camera&quot;:&quot;&quot;,&quot;caption&quot;:&quot;&quot;,&quot;created_timestamp&quot;:&quot;0&quot;,&quot;copyright&quot;:&quot;&quot;,&quot;focal_length&quot;:&quot;0&quot;,&quot;iso&quot;:&quot;0&quot;,&quot;shutter_speed&quot;:&quot;0&quot;,&quot;title&quot;:&quot;&quot;}\" data-image-title=\"post-30-1334197717\" data-image-description=\"\" data-image-caption=\"\" data-large-file=\"https:\/\/i0.wp.com\/www.panfletonegro.com\/v\/wp-content\/uploads\/2012\/04\/post-30-1334197717.jpg?fit=360%2C270&amp;ssl=1\" src=\"https:\/\/i0.wp.com\/www.panfletonegro.com\/v\/wp-content\/uploads\/2012\/04\/post-30-1334197717-300x225.jpg?resize=300%2C225\" alt=\"\" title=\"post-30-1334197717\" width=\"300\" height=\"225\" class=\"alignnone size-medium wp-image-23437\" srcset=\"https:\/\/i0.wp.com\/www.panfletonegro.com\/v\/wp-content\/uploads\/2012\/04\/post-30-1334197717.jpg?resize=300%2C225&amp;ssl=1 300w, https:\/\/i0.wp.com\/www.panfletonegro.com\/v\/wp-content\/uploads\/2012\/04\/post-30-1334197717.jpg?w=360&amp;ssl=1 360w\" sizes=\"auto, (max-width: 300px) 100vw, 300px\" \/><\/a><br \/>\nAcabamos de padecer el estreno de \u00abAbril 02\u00bb, documental transmitido por Vive Tv sobre los sucesos del 2002. Pensabamos encontrarnos con una versi\u00f3n animada de los hechos. En realidad, es el mismo material de archivo de siempre con unos tristes dibujitos del presidente con poco o nulo movimiento, casi como caricaturas fijas de un enorme humor involuntario. Algunas daban risa sin proponerselo, sobre todo cuando escuchamos sus voces interpretadas por malos locutores, semejantes a unos imitadores de tercera categor\u00eda. El tono de Ch\u00e1vez era como el de Rolando Salazar. Otro chiste inconsciente.<br \/>\nEl argumento fue un remedo o un refrito de \u00abLa Revoluci\u00f3n no Ser\u00e1 Televisada\u00bb, aunque con menor profundidad. El trazo grueso del dise\u00f1o gr\u00e1fico ilustraba un gui\u00f3n carente de ideas, concebido en un laboratorio improvisado de propaganda, solo con el prop\u00f3sito de agradar a los funcionarios de la nomenclatura. Lo peor: el uso de la m\u00fasica rock y del g\u00e9nero metal tanto para satanizar a la oposici\u00f3n como para glorificar la supuesta gesta redentora del pueblo en rescate del comediante en jefe.<br \/>\nEn Twitter le\u00ed un comentario divertido: \u00abel Ch\u00e1vez de comiquita se ve chino\u00bb. En efecto, cada plantilla o \u00edcono dedicado al personaje, jam\u00e1s coincid\u00eda con el siguiente mientras su forma se resolv\u00eda de manera torpe. Hubo varios instantes para vehicular una serie de medias verdaderas y mentiras. Por ejemplo, figura un mu\u00f1eco de Carmona dando la orden de aplicarle la ley de fuga al cautivo. \u00bfCu\u00e1l es la prueba para sostenerlo? \u00bfLa palabra del teniente? Despu\u00e9s el asunto se pone intenso y met\u00e1forico. Una mujer ataca al susodicho en una pesadilla y ella luego se le convierte en una dama complaciente, acompa\u00f1ada de un ni\u00f1o. Es decir, la condici\u00f3n femenina reducida al plano del estereotipo. A nivel de escritura, no hay estructura, solo la reconstrucci\u00f3n desordenada y arbitraria de una memoria parcializada. Por tanto, el drama cierra abruptamente con la liberaci\u00f3n del caballero. \u00bfTuvo sentido hacer el esfuerzo para realizar dicho cuento conocido? La respuesta es negativa. En s\u00edntesis, medios supuestamente alternativos pretenden servir a los fines proselitistas de la bancada bolivariana. El ejercicio es futil porque contribuye a la exarcebaci\u00f3n de antivalores como la intolerancia y el sectarismo pol\u00edtico. Adem\u00e1s falsea la realidad. No le encontr\u00e9 un rasgo para reivindicar. Quiz\u00e1s lo \u00fanico a redimir sea su capacidad de autodegradarse en cuesti\u00f3n de segundos. As\u00ed ocurre con los enfoque epid\u00e9rmicos de libro de texto. Puras plantillas de una solemnidad impostada, kistch y rid\u00edcula. Pase de largo.<br \/>\nLo mejor: la secuencia de la renuncia frente a Rosendo. Para morir de la carcajada.<br \/>\nPor supuesto, no recrearon la c\u00e9lebre frase de \u00abla cual acept\u00f3\u00bb. L\u00e1stima por la autocensura.<br \/>\nEl t\u00edtulo se quiere una referencia a la cultura 2.0 en clave inversa. Por desgracia, es su negaci\u00f3n. <\/p>\n","protected":false},"excerpt":{"rendered":"<p>Acabamos de padecer el estreno de \u00abAbril 02\u00bb, documental transmitido por Vive Tv sobre los sucesos del 2002. Pensabamos encontrarnos con una versi\u00f3n animada de los hechos. En realidad, es el mismo material de archivo de siempre con unos tristes dibujitos del presidente con poco o nulo movimiento, casi como caricaturas fijas de un enorme [&hellip;]<\/p>\n","protected":false},"author":1066,"featured_media":23437,"comment_status":"open","ping_status":"open","sticky":false,"template":"","format":"standard","meta":{"jetpack_post_was_ever_published":false,"_jetpack_newsletter_access":"","_jetpack_dont_email_post_to_subs":false,"_jetpack_newsletter_tier_id":0,"_jetpack_memberships_contains_paywalled_content":false,"_jetpack_memberships_contains_paid_content":false,"footnotes":"","jetpack_publicize_message":"","jetpack_publicize_feature_enabled":true,"jetpack_social_post_already_shared":false,"jetpack_social_options":{"image_generator_settings":{"template":"highway","default_image_id":0,"font":"","enabled":false},"version":2}},"categories":[4],"tags":[1633],"class_list":{"0":"post-23436","1":"post","2":"type-post","3":"status-publish","4":"format-standard","5":"has-post-thumbnail","7":"category-cine","8":"tag-11-de-abril"},"jetpack_publicize_connections":[],"jetpack_featured_media_url":"https:\/\/i0.wp.com\/www.panfletonegro.com\/v\/wp-content\/uploads\/2012\/04\/post-30-1334197717.jpg?fit=360%2C270&ssl=1","jetpack_shortlink":"https:\/\/wp.me\/pfpCD-660","jetpack_sharing_enabled":true,"_links":{"self":[{"href":"https:\/\/www.panfletonegro.com\/v\/wp-json\/wp\/v2\/posts\/23436","targetHints":{"allow":["GET"]}}],"collection":[{"href":"https:\/\/www.panfletonegro.com\/v\/wp-json\/wp\/v2\/posts"}],"about":[{"href":"https:\/\/www.panfletonegro.com\/v\/wp-json\/wp\/v2\/types\/post"}],"author":[{"embeddable":true,"href":"https:\/\/www.panfletonegro.com\/v\/wp-json\/wp\/v2\/users\/1066"}],"replies":[{"embeddable":true,"href":"https:\/\/www.panfletonegro.com\/v\/wp-json\/wp\/v2\/comments?post=23436"}],"version-history":[{"count":0,"href":"https:\/\/www.panfletonegro.com\/v\/wp-json\/wp\/v2\/posts\/23436\/revisions"}],"wp:featuredmedia":[{"embeddable":true,"href":"https:\/\/www.panfletonegro.com\/v\/wp-json\/wp\/v2\/media\/23437"}],"wp:attachment":[{"href":"https:\/\/www.panfletonegro.com\/v\/wp-json\/wp\/v2\/media?parent=23436"}],"wp:term":[{"taxonomy":"category","embeddable":true,"href":"https:\/\/www.panfletonegro.com\/v\/wp-json\/wp\/v2\/categories?post=23436"},{"taxonomy":"post_tag","embeddable":true,"href":"https:\/\/www.panfletonegro.com\/v\/wp-json\/wp\/v2\/tags?post=23436"}],"curies":[{"name":"wp","href":"https:\/\/api.w.org\/{rel}","templated":true}]}}