{"id":23212,"date":"2012-04-04T20:36:49","date_gmt":"2012-04-05T01:06:49","guid":{"rendered":"http:\/\/www.panfletonegro.com\/v\/?p=23212"},"modified":"2012-10-06T12:45:32","modified_gmt":"2012-10-06T17:15:32","slug":"anomia","status":"publish","type":"post","link":"https:\/\/www.panfletonegro.com\/v\/2012\/04\/04\/anomia\/","title":{"rendered":"Anomia"},"content":{"rendered":"<p style=\"text-align: left\"><em>*La muerte de un hombre es una tragedia. La muerte de millones es estad\u00edstica* (Atribu\u00edda a Joseph Stalin)<\/em><\/p>\n<p style=\"text-align: left\">\u00bfEscuchaste alguna vez esa frase? A mi se me vino la misma a la mente hace unos d\u00edas, luego del vil asesinato de Libero Iaizzo, en ese momento pens\u00e9 que era probablemente la frase que mejor describ\u00eda el comportamiento de una porci\u00f3n importante de los venezolanos respecto al tema de la inseguridad.<\/p>\n<p style=\"text-align: left\">\u00a0La Real Academia Espa\u00f1ola define \u00abAnomia\u00bb como lo siguiente:<\/p>\n<p style=\"text-align: left\" dir=\"ltr\">\u00a0Anomia:<\/p>\n<p style=\"text-align: left\" dir=\"ltr\">\u00a0Del Griego (\u1f00\u03bd\u03bf\u03bc\u03af\u03b1)<\/p>\n<ul style=\"text-align: left\">\n<li>\u00a0Ausencia de Ley<\/li>\n<li>Conjunto de Situaciones que Derivan de la Carencia de normas sociales o de su\u00a0degradaci\u00f3n.<\/li>\n<\/ul>\n<p style=\"text-align: left\" dir=\"ltr\">Venezuela, durante los \u00faltimos tiempos ha experimentado un aumento exponencial de las tasas de homicidios, tomemos s\u00f3lo como un ejemplo los asesinatos por cada 100.000 habitantes en la ciudad de Caracas.<\/p>\n<p style=\"text-align: left\" dir=\"ltr\">En el a\u00f1o de 1986, Venezuela ten\u00eda como tasa de homicidios 8 asesinatos por cada 100.000 habitantes, esa misma tasa, tomando en cuenta s\u00f3lo la ciudad de Caracas, era de 13 para aquel a\u00f1o. Para 1989, la tasa de homicidios a nivel nacional hab\u00eda aumentado a 13, pero podemos observar un crecimiento astron\u00f3mico de la misma en la ciudad de Caracas, ya que esta se dispar\u00f3 a 45.\u00a0Para el a\u00f1o 2007, la tasa de homicidios en Caracas era de 130 por cada 100.000 habitantes, y a nivel nacional se encontraba en 48.<\/p>\n<p style=\"text-align: left\" dir=\"ltr\">No es necesario sacar cuentas matem\u00e1ticas complejas para darse cuenta que la tasa de homicidios a nivel nacional se decuplic\u00f3 entre 1989 y 2007.<\/p>\n<p style=\"text-align: left\" dir=\"ltr\">Las preguntas cl\u00e1sicas vienen a la mente, \u00bfQu\u00e9 pas\u00f3? \u00bfEn qu\u00e9 demonios se convirti\u00f3 la sociedad venezolana?. Numerosas respuestas surgen, entre estas:<\/p>\n<ul style=\"text-align: left\">\n<li>Falta de inculcaci\u00f3n de Valores.<\/li>\n<li>Impunidad.<\/li>\n<li>Polic\u00edas con salarios bajos.<\/li>\n<li>Inflaci\u00f3n.<\/li>\n<li>Desigualdad social.<\/li>\n<li>Poca sensibilidad de nuestra sociedad.<\/li>\n<li>Emisi\u00f3n de algunos programas inadecuados en medios de comunicaci\u00f3n (e.g. Programas que incitan a la violencia y al odio)<\/li>\n<li>F\u00e1cil acceso a drogas.<\/li>\n<\/ul>\n<p style=\"text-align: left\" dir=\"ltr\">Pueden ver ustedes que toda una vor\u00e1gine de causas crean un efecto en com\u00fan, el cual es la violencia. \u00bfC\u00f3mo erradicarla? La respuesta no es trivial. Lo primero que debe existir es educaci\u00f3n en el hogar, sin embargo, no hace falta ser un erudito para saber que la misma en muchos casos es inexistente.<\/p>\n<p style=\"text-align: left\" dir=\"ltr\">\u00bfCu\u00e1ntas veces no hemos visto muchachos groseros en la calle? Montones de veces \u00bfVerdad?. \u00bfQu\u00e9 implica esto? En primer lugar, estos j\u00f3venes no tienen reforzadas buenas conductas, en segundo lugar, existe una sociedad permisiva que tolera esta y muchas otras faltas.<\/p>\n<p style=\"text-align: left\" dir=\"ltr\">Alg\u00fan lector podr\u00eda llamarme exagerado al intentar hacer un s\u00edmil entre un muchacho que \u00abs\u00edmplemente\u00bb es grosero, y otro que es delincuente, pero, existe una frase de Juan Bosco, tambi\u00e9n conocido por muchos como Don Bosco, que rezaba que \u00abEl principio de todo vicio es la soberbia\u00bb. Recuerden que un muchacho que un d\u00eda ofende, al d\u00eda siguiente se le hace m\u00e1s f\u00e1cil, y as\u00ed sucesivamente. Cuando nuestros principios morales se ven minados por nuestras acciones, llega un momento en que sencillamente olvidamos aquellos, por tanto, en algunos casos, se puede incluso llegar a delinquir, y por consiguiente a matar.<\/p>\n<p style=\"text-align: left\" dir=\"ltr\">La educaci\u00f3n debe venir por casa, como ya se afirm\u00f3 anteriormente, pero esta educaci\u00f3n debe ser reforzada tambi\u00e9n en las escuelas y posteriormente en las universidades.\u00a0Y por educaci\u00f3n, no quiero s\u00f3lamente referirme a la academia como tal, sino tambi\u00e9n a la formaci\u00f3n de buenos ciudadanos.<\/p>\n<p style=\"text-align: left\" dir=\"ltr\">Hace unos a\u00f1os me comentaban mis padres que exist\u00eda una materia en el bachillerato llamada \u00abFormaci\u00f3n Moral y C\u00edvica\u00bb, en la misma se les explicaban los fundamentos para que t\u00fa, yo y cualquiera de nosotros pudi\u00e9ramos convivir en sociedad, con paz y armon\u00eda. Desafortunadamente (Al menos en mi caso) esta materia ya no es impartida. En cambio, ahora, vemos con estupor como se le dan a ni\u00f1os\u00a0de entre 10 y 14 a\u00f1os, armas de guerra para, supuestamente, defendernos de un enemigo externo.\u00a0\u00bfHacia donde vamos con estas actitudes? \u00bfHacia una situaci\u00f3n de caos y crispaci\u00f3n? \u00bfEs acaso eso lo que queremos?. Yo no lo quiero, y dudo much\u00edsimo que t\u00fa lo quieras.<\/p>\n<p style=\"text-align: left\" dir=\"ltr\">Hoy en d\u00eda, la influencia de los medios de comunicaci\u00f3n es innegable, adem\u00e1s, tenemos medios 2.0, como lo son Twitter, Facebook, entre otros. \u00bfQu\u00e9 podemos hacer? o mejor dicho \u00bfQu\u00e9 debemos y tenemos que hacer?, lo primero, crear un clima de amor y solidaridad. \u00bfC\u00f3mo se puede hacer esto? Maneras hay por miles, las redes sociales tienen un potencial gigantesco a la hora de organizarnos, si nos podemos organizar para realizar un encuentro de Twitteros por ejemplo, \u00bfPor qu\u00e9 no poder hacerlo para coadyuvar en la creaci\u00f3n de alguna fundaci\u00f3n?, y es s\u00f3lo una idea, de las muchas que se podr\u00edan llevar a cabo.<\/p>\n<p style=\"text-align: left\" dir=\"ltr\">Muchas veces, la gente que delinque\u00a0proviene de familias (En el caso de que las tengan, ya que a veces ni eso tienen) con variados problemas, siendo el principal, la falta de una cultura de valores positivos. Entonces,\u00a0con una sociedad de valores, \u00bfNo les ser\u00eda m\u00e1s f\u00e1cil a ellos para regenerarse?. Ya s\u00e9 que el autor de este \u00abart\u00edculo\u00bb puede sonar un poco fantasioso y so\u00f1ador, pero recuerden que la base de una sociedad son sus valores, si logramos que estos sean positivos, es much\u00edsimo lo que podremos cambiar.\u00a0Como dijo una vez el ya desaparecido John Lennon en su obra maestra \u00abImagine\u00bb:<\/p>\n<p style=\"text-align: center\" dir=\"ltr\"><em>\u00a0You may say\u00a0<\/em><\/p>\n<p style=\"text-align: center\" dir=\"ltr\"><em>I&#8217;m a dreamer, but I&#8217;m not the only one<\/em><\/p>\n<p style=\"text-align: center\" dir=\"ltr\"><em>I hope some day you&#8217;ll join us<\/em><\/p>\n<p style=\"text-align: center\" dir=\"ltr\"><em>And the world will live as one<\/em><\/p>\n<p style=\"text-align: left\" dir=\"ltr\">\u00bfQu\u00e9 dices? \u00bfTe unes a un cambio? Recuerda que t\u00fa tienes el poder para que la frase que puse al principio deje de ser un com\u00fan denominador en nuestra sociedad.<\/p>\n","protected":false},"excerpt":{"rendered":"<p>*La muerte de un hombre es una tragedia. La muerte de millones es estad\u00edstica* (Atribu\u00edda a Joseph Stalin) \u00bfEscuchaste alguna vez esa frase? A mi se me vino la misma a la mente hace unos d\u00edas, luego del vil asesinato de Libero Iaizzo, en ese momento pens\u00e9 que era probablemente la frase que mejor describ\u00eda [&hellip;]<\/p>\n","protected":false},"author":1820,"featured_media":0,"comment_status":"open","ping_status":"open","sticky":false,"template":"","format":"standard","meta":{"jetpack_post_was_ever_published":false,"_jetpack_newsletter_access":"","_jetpack_dont_email_post_to_subs":false,"_jetpack_newsletter_tier_id":0,"_jetpack_memberships_contains_paywalled_content":false,"_jetpack_memberships_contains_paid_content":false,"footnotes":"","jetpack_publicize_message":"","jetpack_publicize_feature_enabled":true,"jetpack_social_post_already_shared":false,"jetpack_social_options":{"image_generator_settings":{"template":"highway","default_image_id":0,"font":"","enabled":false},"version":2}},"categories":[3],"tags":[1604,555],"class_list":{"0":"post-23212","1":"post","2":"type-post","3":"status-publish","4":"format-standard","6":"category-descontento","7":"tag-anomia","8":"tag-inseguridad"},"jetpack_publicize_connections":[],"jetpack_featured_media_url":"","jetpack_shortlink":"https:\/\/wp.me\/sfpCD-anomia","jetpack_sharing_enabled":true,"_links":{"self":[{"href":"https:\/\/www.panfletonegro.com\/v\/wp-json\/wp\/v2\/posts\/23212","targetHints":{"allow":["GET"]}}],"collection":[{"href":"https:\/\/www.panfletonegro.com\/v\/wp-json\/wp\/v2\/posts"}],"about":[{"href":"https:\/\/www.panfletonegro.com\/v\/wp-json\/wp\/v2\/types\/post"}],"author":[{"embeddable":true,"href":"https:\/\/www.panfletonegro.com\/v\/wp-json\/wp\/v2\/users\/1820"}],"replies":[{"embeddable":true,"href":"https:\/\/www.panfletonegro.com\/v\/wp-json\/wp\/v2\/comments?post=23212"}],"version-history":[{"count":0,"href":"https:\/\/www.panfletonegro.com\/v\/wp-json\/wp\/v2\/posts\/23212\/revisions"}],"wp:attachment":[{"href":"https:\/\/www.panfletonegro.com\/v\/wp-json\/wp\/v2\/media?parent=23212"}],"wp:term":[{"taxonomy":"category","embeddable":true,"href":"https:\/\/www.panfletonegro.com\/v\/wp-json\/wp\/v2\/categories?post=23212"},{"taxonomy":"post_tag","embeddable":true,"href":"https:\/\/www.panfletonegro.com\/v\/wp-json\/wp\/v2\/tags?post=23212"}],"curies":[{"name":"wp","href":"https:\/\/api.w.org\/{rel}","templated":true}]}}