{"id":22962,"date":"2012-03-30T16:26:24","date_gmt":"2012-03-30T20:56:24","guid":{"rendered":"http:\/\/www.panfletonegro.com\/v\/?p=22962"},"modified":"2012-03-30T16:26:24","modified_gmt":"2012-03-30T20:56:24","slug":"mi-semana-con-marilyn-2011","status":"publish","type":"post","link":"https:\/\/www.panfletonegro.com\/v\/2012\/03\/30\/mi-semana-con-marilyn-2011\/","title":{"rendered":"Mi semana con Marilyn (2011)"},"content":{"rendered":"<p><a href=\"https:\/\/i0.wp.com\/www.panfletonegro.com\/v\/wp-content\/uploads\/2012\/03\/mi-semana-con-marilyn.jpg\"><img data-recalc-dims=\"1\" loading=\"lazy\" decoding=\"async\" data-attachment-id=\"22963\" data-permalink=\"https:\/\/www.panfletonegro.com\/v\/2012\/03\/30\/mi-semana-con-marilyn-2011\/mi-semana-con-marilyn\/\" data-orig-file=\"https:\/\/i0.wp.com\/www.panfletonegro.com\/v\/wp-content\/uploads\/2012\/03\/mi-semana-con-marilyn.jpg?fit=1280%2C853&amp;ssl=1\" data-orig-size=\"1280,853\" data-comments-opened=\"1\" data-image-meta=\"{&quot;aperture&quot;:&quot;0&quot;,&quot;credit&quot;:&quot;&quot;,&quot;camera&quot;:&quot;&quot;,&quot;caption&quot;:&quot;&quot;,&quot;created_timestamp&quot;:&quot;0&quot;,&quot;copyright&quot;:&quot;&quot;,&quot;focal_length&quot;:&quot;0&quot;,&quot;iso&quot;:&quot;0&quot;,&quot;shutter_speed&quot;:&quot;0&quot;,&quot;title&quot;:&quot;&quot;}\" data-image-title=\"mi-semana-con-marilyn\" data-image-description=\"\" data-image-caption=\"\" data-large-file=\"https:\/\/i0.wp.com\/www.panfletonegro.com\/v\/wp-content\/uploads\/2012\/03\/mi-semana-con-marilyn.jpg?fit=696%2C464&amp;ssl=1\" class=\"wp-image-22963 aligncenter\" src=\"https:\/\/i0.wp.com\/www.panfletonegro.com\/v\/wp-content\/uploads\/2012\/03\/mi-semana-con-marilyn-300x199.jpg?resize=300%2C199\" alt=\"\" width=\"300\" height=\"199\" srcset=\"https:\/\/i0.wp.com\/www.panfletonegro.com\/v\/wp-content\/uploads\/2012\/03\/mi-semana-con-marilyn.jpg?resize=300%2C199&amp;ssl=1 300w, https:\/\/i0.wp.com\/www.panfletonegro.com\/v\/wp-content\/uploads\/2012\/03\/mi-semana-con-marilyn.jpg?resize=1024%2C682&amp;ssl=1 1024w, https:\/\/i0.wp.com\/www.panfletonegro.com\/v\/wp-content\/uploads\/2012\/03\/mi-semana-con-marilyn.jpg?w=1280&amp;ssl=1 1280w\" sizes=\"auto, (max-width: 300px) 100vw, 300px\" \/><\/a><\/p>\n<p>Una vez estuve con alguien que era\u00a0 una fantas\u00eda para m\u00ed y fue m\u00e1gico. Eso de besar a una fantas\u00eda es maravilloso. Colin Clark lo hizo mientras trabaj\u00f3 con Laurence Olivier en el rodaje de El Pr\u00edncipe y la corista con Marilyn Monroe.<\/p>\n<p>Michelle Williams es una Marilyn perfecta, logra dar con el\u00a0 tono de ni\u00f1a insegura y sexy estrella de la gran pantalla, que se nos presenta en el film, Kenneth Brannagh es Laurence Olivier y Eddie Redmayne encarna a Clark quien tuvo la suerte de besar a la muy hermosa\u00a0 Monroe, en la aventura de su juventud realizando\u00a0 su primer trabajo.<\/p>\n<p>Hay una leyenda sobre Marilyn que la muestra como una ni\u00f1a insegura, por ah\u00ed escuch\u00e9 una entrevista donde ella misma se define como \u201cuna hu\u00e9rfana\u201d, este film respalda esa teor\u00eda y nos muestra a la actriz como una persona nerviosa y enamoradiza, con ansias de protecci\u00f3n y desconocimiento de su propio talento.<\/p>\n<p>De las cosas m\u00e1s importantes que podemos descubrir en la cinta, de los elementos destacados por el director (Simon Curtis) es la gran\u00a0 diferencia que exist\u00eda entre Marilyn la persona y el personaje que representaba para Hollywood, ese que escond\u00eda su timidez y su tristeza, ese\u00a0 que la hizo famosa, pero a la vez misteriosa con una vida llena de interrogantes para su p\u00fablico.<\/p>\n<p>Un relato en primera persona, una experiencia de la juventud, el entusiasmo del primer amor y la perfecta realizaci\u00f3n de una fantas\u00eda son algunos elementos que nos atraparan del\u00a0 film cargado de escenas hermosas, y muy buenas actuaciones, el tiempo transcurre demasiado de prisa frente a la pantalla. L\u00e1stima que todo termine muy pronto, eso de besar a las\u00a0 fantas\u00edas, eso de correr tras ellas, eso de desear qued\u00e1rselas\u00a0 y la visi\u00f3n de Marilyn en este film que deja un aroma de nostalgia saludable.<\/p>\n<p><em><strong>Luisa Ugueto<\/strong><\/em><\/p>\n<p><a href=\"https:\/\/twitter.com\/#!\/elproyectordedo\">@elproyectordedo<\/a><\/p>\n<p>&nbsp;<\/p>\n","protected":false},"excerpt":{"rendered":"<p>Una vez estuve con alguien que era\u00a0 una fantas\u00eda para m\u00ed y fue m\u00e1gico. Eso de besar a una fantas\u00eda es maravilloso. Colin Clark lo hizo mientras trabaj\u00f3 con Laurence Olivier en el rodaje de El Pr\u00edncipe y la corista con Marilyn Monroe. Michelle Williams es una Marilyn perfecta, logra dar con el\u00a0 tono de [&hellip;]<\/p>\n","protected":false},"author":1154,"featured_media":22963,"comment_status":"open","ping_status":"open","sticky":false,"template":"","format":"standard","meta":{"jetpack_post_was_ever_published":false,"_jetpack_newsletter_access":"","_jetpack_dont_email_post_to_subs":false,"_jetpack_newsletter_tier_id":0,"_jetpack_memberships_contains_paywalled_content":false,"_jetpack_memberships_contains_paid_content":false,"footnotes":"","jetpack_publicize_message":"","jetpack_publicize_feature_enabled":true,"jetpack_social_post_already_shared":false,"jetpack_social_options":{"image_generator_settings":{"template":"highway","default_image_id":0,"font":"","enabled":false},"version":2}},"categories":[4],"tags":[],"class_list":{"0":"post-22962","1":"post","2":"type-post","3":"status-publish","4":"format-standard","5":"has-post-thumbnail","7":"category-cine"},"jetpack_publicize_connections":[],"jetpack_featured_media_url":"https:\/\/i0.wp.com\/www.panfletonegro.com\/v\/wp-content\/uploads\/2012\/03\/mi-semana-con-marilyn.jpg?fit=1280%2C853&ssl=1","jetpack_shortlink":"https:\/\/wp.me\/pfpCD-5Ym","jetpack_sharing_enabled":true,"_links":{"self":[{"href":"https:\/\/www.panfletonegro.com\/v\/wp-json\/wp\/v2\/posts\/22962","targetHints":{"allow":["GET"]}}],"collection":[{"href":"https:\/\/www.panfletonegro.com\/v\/wp-json\/wp\/v2\/posts"}],"about":[{"href":"https:\/\/www.panfletonegro.com\/v\/wp-json\/wp\/v2\/types\/post"}],"author":[{"embeddable":true,"href":"https:\/\/www.panfletonegro.com\/v\/wp-json\/wp\/v2\/users\/1154"}],"replies":[{"embeddable":true,"href":"https:\/\/www.panfletonegro.com\/v\/wp-json\/wp\/v2\/comments?post=22962"}],"version-history":[{"count":0,"href":"https:\/\/www.panfletonegro.com\/v\/wp-json\/wp\/v2\/posts\/22962\/revisions"}],"wp:featuredmedia":[{"embeddable":true,"href":"https:\/\/www.panfletonegro.com\/v\/wp-json\/wp\/v2\/media\/22963"}],"wp:attachment":[{"href":"https:\/\/www.panfletonegro.com\/v\/wp-json\/wp\/v2\/media?parent=22962"}],"wp:term":[{"taxonomy":"category","embeddable":true,"href":"https:\/\/www.panfletonegro.com\/v\/wp-json\/wp\/v2\/categories?post=22962"},{"taxonomy":"post_tag","embeddable":true,"href":"https:\/\/www.panfletonegro.com\/v\/wp-json\/wp\/v2\/tags?post=22962"}],"curies":[{"name":"wp","href":"https:\/\/api.w.org\/{rel}","templated":true}]}}