{"id":2291,"date":"2009-01-19T23:25:38","date_gmt":"2009-01-20T03:25:38","guid":{"rendered":"http:\/\/www.panfletonegro.com\/v\/?p=2291"},"modified":"2009-01-20T22:53:29","modified_gmt":"2009-01-21T02:53:29","slug":"hector-soto-o-la-fase-superior-de-farruco-sesto-toda-la-verdad-sobre-los-ultimos-incidentes-dentro-del-ministerio-de-cultura","status":"publish","type":"post","link":"https:\/\/www.panfletonegro.com\/v\/2009\/01\/19\/hector-soto-o-la-fase-superior-de-farruco-sesto-toda-la-verdad-sobre-los-ultimos-incidentes-dentro-del-ministerio-de-cultura\/","title":{"rendered":"H\u00e9ctor Soto o la fase superior de Farruco Sesto: toda la verdad sobre los \u00faltimos incidentes dentro del Ministerio de Cultura"},"content":{"rendered":"<p><!--StartFragment--><\/p>\n<p class=\"MsoNormal\"><a href=\"https:\/\/i0.wp.com\/www.panfletonegro.com\/v\/wp-content\/uploads\/2009\/01\/hector-soto.jpg\"><img data-recalc-dims=\"1\" loading=\"lazy\" decoding=\"async\" data-attachment-id=\"2292\" data-permalink=\"https:\/\/www.panfletonegro.com\/v\/2009\/01\/19\/hector-soto-o-la-fase-superior-de-farruco-sesto-toda-la-verdad-sobre-los-ultimos-incidentes-dentro-del-ministerio-de-cultura\/hector-soto\/\" data-orig-file=\"https:\/\/i0.wp.com\/www.panfletonegro.com\/v\/wp-content\/uploads\/2009\/01\/hector-soto.jpg?fit=%2C&amp;ssl=1\" data-orig-size=\"\" data-comments-opened=\"1\" data-image-meta=\"[]\" data-image-title=\"hector-soto\" data-image-description=\"\" data-image-caption=\"\" data-large-file=\"https:\/\/i0.wp.com\/www.panfletonegro.com\/v\/wp-content\/uploads\/2009\/01\/hector-soto.jpg?fit=1024%2C1024&amp;ssl=1\" class=\"alignnone size-medium wp-image-2292\" src=\"https:\/\/i0.wp.com\/www.panfletonegro.com\/v\/wp-content\/uploads\/2009\/01\/hector-soto-300x225.jpg?resize=300%2C225\" alt=\"\" width=\"300\" height=\"225\" \/><\/a><\/p>\n<p class=\"MsoNormal\"><span>El a\u00f1o pasado anticipamos la ca\u00edda de Farruco Sesto en el Mini Popo de Cultura, despu\u00e9s de ser sustituido por H\u00e9ctor Soto. Ahora el descenso del arquitecto gallego se hace patente y visible, ante la consolidaci\u00f3n de su sucesor en el despacho de cultura, bajo la sombra de la cubanizaci\u00f3n del sector amparada por el inquilino de Miraflores; pero tambi\u00e9n, de cara a los \u00faltimos episodios acaecidos en el seno de la plataforma cine.<\/span><\/p>\n<p class=\"MsoNormal\"><a href=\"https:\/\/i0.wp.com\/www.panfletonegro.com\/v\/wp-content\/uploads\/2009\/01\/t_francisco_sesto_143.jpg\"><!--more--><img data-recalc-dims=\"1\" loading=\"lazy\" decoding=\"async\" data-attachment-id=\"2293\" data-permalink=\"https:\/\/www.panfletonegro.com\/v\/2009\/01\/19\/hector-soto-o-la-fase-superior-de-farruco-sesto-toda-la-verdad-sobre-los-ultimos-incidentes-dentro-del-ministerio-de-cultura\/t_francisco_sesto_143\/\" data-orig-file=\"https:\/\/i0.wp.com\/www.panfletonegro.com\/v\/wp-content\/uploads\/2009\/01\/t_francisco_sesto_143.jpg?fit=%2C&amp;ssl=1\" data-orig-size=\"\" data-comments-opened=\"1\" data-image-meta=\"[]\" data-image-title=\"t_francisco_sesto_143\" data-image-description=\"\" data-image-caption=\"\" data-large-file=\"https:\/\/i0.wp.com\/www.panfletonegro.com\/v\/wp-content\/uploads\/2009\/01\/t_francisco_sesto_143.jpg?fit=1024%2C1024&amp;ssl=1\" class=\"alignnone size-medium wp-image-2293\" src=\"https:\/\/i0.wp.com\/www.panfletonegro.com\/v\/wp-content\/uploads\/2009\/01\/t_francisco_sesto_143-300x200.jpg?resize=300%2C200\" alt=\"\" width=\"300\" height=\"200\" \/><\/a><\/p>\n<p class=\"MsoNormal\"><span>Espec\u00edficamente, tres fen\u00f3menos y sucesos dan cuenta de lo antes dicho, dan cuenta del declive de Farruco en el gremio y de su enfrentamiento con H\u00e9ctor Soto. Para decirlo claro y raspado, el matrimonio de Farruco Sesto con H\u00e9ctor Soto acaba de llegar a su fin, a la luz de un pu\u00f1ado de situaciones.<\/span><\/p>\n<p class=\"MsoNormal\"><a href=\"https:\/\/i0.wp.com\/www.panfletonegro.com\/v\/wp-content\/uploads\/2009\/01\/1185219709lorenaalmarza02.jpg\"><img data-recalc-dims=\"1\" loading=\"lazy\" decoding=\"async\" data-attachment-id=\"2294\" data-permalink=\"https:\/\/www.panfletonegro.com\/v\/2009\/01\/19\/hector-soto-o-la-fase-superior-de-farruco-sesto-toda-la-verdad-sobre-los-ultimos-incidentes-dentro-del-ministerio-de-cultura\/1185219709lorenaalmarza02\/\" data-orig-file=\"https:\/\/i0.wp.com\/www.panfletonegro.com\/v\/wp-content\/uploads\/2009\/01\/1185219709lorenaalmarza02.jpg?fit=%2C&amp;ssl=1\" data-orig-size=\"\" data-comments-opened=\"1\" data-image-meta=\"[]\" data-image-title=\"1185219709lorenaalmarza02\" data-image-description=\"\" data-image-caption=\"\" data-large-file=\"https:\/\/i0.wp.com\/www.panfletonegro.com\/v\/wp-content\/uploads\/2009\/01\/1185219709lorenaalmarza02.jpg?fit=1024%2C1024&amp;ssl=1\" class=\"alignnone size-medium wp-image-2294\" src=\"https:\/\/i0.wp.com\/www.panfletonegro.com\/v\/wp-content\/uploads\/2009\/01\/1185219709lorenaalmarza02-300x242.jpg?resize=300%2C242\" alt=\"\" width=\"300\" height=\"242\" \/><\/a><\/p>\n<p class=\"MsoNormal\"><span><span> <\/span>Primero, el ejemplo m\u00e1s obvio del divorcio es la intempestiva salida de la novia y amante de Farruco Sesto en La Villa del Cine, Lorena Almarza, puesta all\u00ed a dedo por el galante constructor de futuros elefantes blancos y ruinas de la modernidad roja rojita.<\/span><\/p>\n<p class=\"MsoNormal\"><a href=\"https:\/\/i0.wp.com\/www.panfletonegro.com\/v\/wp-content\/uploads\/2009\/01\/610x1.jpg\"><img data-recalc-dims=\"1\" loading=\"lazy\" decoding=\"async\" data-attachment-id=\"2295\" data-permalink=\"https:\/\/www.panfletonegro.com\/v\/2009\/01\/19\/hector-soto-o-la-fase-superior-de-farruco-sesto-toda-la-verdad-sobre-los-ultimos-incidentes-dentro-del-ministerio-de-cultura\/venezuela-us-tim-robbins\/\" data-orig-file=\"https:\/\/i0.wp.com\/www.panfletonegro.com\/v\/wp-content\/uploads\/2009\/01\/610x1.jpg?fit=%2C&amp;ssl=1\" data-orig-size=\"\" data-comments-opened=\"1\" data-image-meta=\"[]\" data-image-title=\"VENEZUELA-US-TIM ROBBINS\" data-image-description=\"&lt;p&gt;US actor and director Tim Robbins (L) shakes hands with the president of teh Villa del Cine (Cinema Villa) Lorena Almarza on June 9, 2008 in Caracas.  AFP PHOTO\/VILLA DEL CINE   &amp;#8212;RESTRICTED TO EDITORIAL USE&amp;#8212; (Photo credit should read HO\/AFP\/Getty Images)&lt;\/p&gt;\n\" data-image-caption=\"\" data-large-file=\"https:\/\/i0.wp.com\/www.panfletonegro.com\/v\/wp-content\/uploads\/2009\/01\/610x1.jpg?fit=1024%2C1024&amp;ssl=1\" class=\"alignnone size-medium wp-image-2295\" src=\"https:\/\/i0.wp.com\/www.panfletonegro.com\/v\/wp-content\/uploads\/2009\/01\/610x1-300x220.jpg?resize=300%2C220\" alt=\"\" width=\"300\" height=\"220\" \/><\/a><\/p>\n<p class=\"MsoNormal\"><span>As\u00ed, Lorena queda fuera de acci\u00f3n de La Villa del Cine, tras cumplir no s\u00f3lo una mediocre gesti\u00f3n, sino una indecorosa pasant\u00eda administrativa, caracterizada por el clientelismo, el amiguismo, el tr\u00e1fico de influencias, la distracci\u00f3n de fondos, la corrupci\u00f3n de estado y el despilfarro del erario p\u00fablico, sin contar con el encabezamiento y el respaldo de un proyecto ideologizante de lavado de cerebros, en nombre de la revoluci\u00f3n de la conciencia. Delitos e infracciones sin prescripci\u00f3n, tipificados en el derecho internacional. Ojal\u00e1, alg\u00fan d\u00eda, se haga justicia con ella.<\/span><\/p>\n<p class=\"MsoNormal\"><a href=\"https:\/\/i0.wp.com\/www.panfletonegro.com\/v\/wp-content\/uploads\/2009\/01\/juan-blog.jpg\"><img data-recalc-dims=\"1\" loading=\"lazy\" decoding=\"async\" data-attachment-id=\"2296\" data-permalink=\"https:\/\/www.panfletonegro.com\/v\/2009\/01\/19\/hector-soto-o-la-fase-superior-de-farruco-sesto-toda-la-verdad-sobre-los-ultimos-incidentes-dentro-del-ministerio-de-cultura\/juan-blog\/\" data-orig-file=\"https:\/\/i0.wp.com\/www.panfletonegro.com\/v\/wp-content\/uploads\/2009\/01\/juan-blog.jpg?fit=%2C&amp;ssl=1\" data-orig-size=\"\" data-comments-opened=\"1\" data-image-meta=\"[]\" data-image-title=\"juan-blog\" data-image-description=\"\" data-image-caption=\"\" data-large-file=\"https:\/\/i0.wp.com\/www.panfletonegro.com\/v\/wp-content\/uploads\/2009\/01\/juan-blog.jpg?fit=1024%2C1024&amp;ssl=1\" class=\"alignnone size-medium wp-image-2296\" src=\"https:\/\/i0.wp.com\/www.panfletonegro.com\/v\/wp-content\/uploads\/2009\/01\/juan-blog-300x225.jpg?resize=300%2C225\" alt=\"\" width=\"300\" height=\"225\" \/><\/a><\/p>\n<p class=\"MsoNormal\"><span><span> <\/span>De igual modo, cabe esperarlo del otro protegido de Farruco Sesto expulsado por la maquinar\u00eda de H\u00e9ctor Soto. Me refiero al caso de Juan Carlos Lossada, el verdadero se\u00f1or de las sombras de la plataforma cine, quien ocup\u00f3 cada uno de los puestos de jerarqu\u00eda de nuestra burocracia audiovisual.<\/span><\/p>\n<p class=\"MsoNormal\"><a href=\"https:\/\/i0.wp.com\/www.panfletonegro.com\/v\/wp-content\/uploads\/2009\/01\/juancarloslossada.jpg\"><img data-recalc-dims=\"1\" loading=\"lazy\" decoding=\"async\" data-attachment-id=\"2297\" data-permalink=\"https:\/\/www.panfletonegro.com\/v\/2009\/01\/19\/hector-soto-o-la-fase-superior-de-farruco-sesto-toda-la-verdad-sobre-los-ultimos-incidentes-dentro-del-ministerio-de-cultura\/juancarloslossada\/\" data-orig-file=\"https:\/\/i0.wp.com\/www.panfletonegro.com\/v\/wp-content\/uploads\/2009\/01\/juancarloslossada.jpg?fit=%2C&amp;ssl=1\" data-orig-size=\"\" data-comments-opened=\"1\" data-image-meta=\"[]\" data-image-title=\"juancarloslossada\" data-image-description=\"\" data-image-caption=\"\" data-large-file=\"https:\/\/i0.wp.com\/www.panfletonegro.com\/v\/wp-content\/uploads\/2009\/01\/juancarloslossada.jpg?fit=1024%2C1024&amp;ssl=1\" class=\"alignnone size-medium wp-image-2297\" src=\"https:\/\/i0.wp.com\/www.panfletonegro.com\/v\/wp-content\/uploads\/2009\/01\/juancarloslossada.jpg?resize=220%2C146\" alt=\"\" width=\"220\" height=\"146\" \/><\/a><\/p>\n<p class=\"MsoNormal\">El Rey Juan Carlos lleg\u00f3 a figurar en todas las dependencias de la plataforma cine, hasta convertirse en el zar intocable de la industria criolla subsidiada por PDVSA. Por ello, hoy las viudas y dolientes del CNAC lloran la partida de Juan Carlos Lossada, cuyo derrumbe coincide, no por casualidad, con el balance negativo de las pel\u00edculas vern\u00e1culas a finales del 2008.<span> <\/span><\/p>\n<p class=\"MsoNormal\"><a href=\"https:\/\/i0.wp.com\/www.panfletonegro.com\/v\/wp-content\/uploads\/2009\/01\/t_macuro_hernan_jabes_109.jpg\"><img data-recalc-dims=\"1\" loading=\"lazy\" decoding=\"async\" data-attachment-id=\"2309\" data-permalink=\"https:\/\/www.panfletonegro.com\/v\/2009\/01\/19\/hector-soto-o-la-fase-superior-de-farruco-sesto-toda-la-verdad-sobre-los-ultimos-incidentes-dentro-del-ministerio-de-cultura\/t_macuro_hernan_jabes_109\/\" data-orig-file=\"https:\/\/i0.wp.com\/www.panfletonegro.com\/v\/wp-content\/uploads\/2009\/01\/t_macuro_hernan_jabes_109.jpg?fit=%2C&amp;ssl=1\" data-orig-size=\"\" data-comments-opened=\"1\" data-image-meta=\"[]\" data-image-title=\"t_macuro_hernan_jabes_109\" data-image-description=\"\" data-image-caption=\"\" data-large-file=\"https:\/\/i0.wp.com\/www.panfletonegro.com\/v\/wp-content\/uploads\/2009\/01\/t_macuro_hernan_jabes_109.jpg?fit=1024%2C1024&amp;ssl=1\" class=\"alignnone size-medium wp-image-2309\" src=\"https:\/\/i0.wp.com\/www.panfletonegro.com\/v\/wp-content\/uploads\/2009\/01\/t_macuro_hernan_jabes_109-300x224.jpg?resize=300%2C224\" alt=\"\" width=\"300\" height=\"224\" \/><\/a><\/p>\n<p class=\"MsoNormal\"><span>En el mismo sentido, la carrera de Juan Carlos Losada en la plataforma, servir\u00e1 como testimonio de la nociva influencia del caudillismo y el culto a la personalidad en la organizaci\u00f3n del poder p\u00fablico.<\/span><\/p>\n<p class=\"MsoNormal\"><a href=\"https:\/\/i0.wp.com\/www.panfletonegro.com\/v\/wp-content\/uploads\/2009\/01\/government-censorship.jpg\"><img data-recalc-dims=\"1\" loading=\"lazy\" decoding=\"async\" data-attachment-id=\"2308\" data-permalink=\"https:\/\/www.panfletonegro.com\/v\/2009\/01\/19\/hector-soto-o-la-fase-superior-de-farruco-sesto-toda-la-verdad-sobre-los-ultimos-incidentes-dentro-del-ministerio-de-cultura\/government-censorship\/\" data-orig-file=\"https:\/\/i0.wp.com\/www.panfletonegro.com\/v\/wp-content\/uploads\/2009\/01\/government-censorship.jpg?fit=%2C&amp;ssl=1\" data-orig-size=\"\" data-comments-opened=\"1\" data-image-meta=\"[]\" data-image-title=\"government-censorship\" data-image-description=\"\" data-image-caption=\"\" data-large-file=\"https:\/\/i0.wp.com\/www.panfletonegro.com\/v\/wp-content\/uploads\/2009\/01\/government-censorship.jpg?fit=1024%2C1024&amp;ssl=1\" class=\"alignnone size-medium wp-image-2308\" src=\"https:\/\/i0.wp.com\/www.panfletonegro.com\/v\/wp-content\/uploads\/2009\/01\/government-censorship-300x207.jpg?resize=300%2C207\" alt=\"\" width=\"300\" height=\"207\" \/><\/a><\/p>\n<p class=\"MsoNormal\"><span>A prop\u00f3sito, el liderazgo oscurantista de Juan Carlos Losada pasar\u00e1 a la historia por permitir la cacer\u00eda de brujas, por imponer un r\u00e9gimen t\u00e1cito de terrorismo laboral, por perseguir a la disidencia, por menoscabar los cimientos de la cr\u00edtica de cine al destruir espacios de reflexi\u00f3n como la revista \u201cEncuadre\u201d, por apoyar a Farruco en la confecci\u00f3n de una lista negra y por ablandar el compromiso pol\u00edtico de una \u00e9poca a trav\u00e9s de un enorme cors\u00e9 de censura, tejido con los hilos de la ley de mordaza. En consecuencia, Juan Carlos ser\u00e1 tristemente recordado como el senador Hays de nuestro tiempo de sapos, de nuestra era \u201cMcCartista\u201d.<\/span><\/p>\n<p class=\"MsoNormal\"><a href=\"https:\/\/i0.wp.com\/www.panfletonegro.com\/v\/wp-content\/uploads\/2009\/01\/fernando-baez.gif\"><img data-recalc-dims=\"1\" loading=\"lazy\" decoding=\"async\" data-attachment-id=\"2298\" data-permalink=\"https:\/\/www.panfletonegro.com\/v\/2009\/01\/19\/hector-soto-o-la-fase-superior-de-farruco-sesto-toda-la-verdad-sobre-los-ultimos-incidentes-dentro-del-ministerio-de-cultura\/fernando-baez\/\" data-orig-file=\"https:\/\/i0.wp.com\/www.panfletonegro.com\/v\/wp-content\/uploads\/2009\/01\/fernando-baez.gif?fit=%2C&amp;ssl=1\" data-orig-size=\"\" data-comments-opened=\"1\" data-image-meta=\"[]\" data-image-title=\"fernando-baez\" data-image-description=\"\" data-image-caption=\"\" data-large-file=\"https:\/\/i0.wp.com\/www.panfletonegro.com\/v\/wp-content\/uploads\/2009\/01\/fernando-baez.gif?fit=1024%2C1024&amp;ssl=1\" class=\"alignnone size-medium wp-image-2298\" src=\"https:\/\/i0.wp.com\/www.panfletonegro.com\/v\/wp-content\/uploads\/2009\/01\/fernando-baez-300x294.gif?resize=300%2C294\" alt=\"\" width=\"300\" height=\"294\" \/><\/a><\/p>\n<p class=\"MsoNormal\"><span>Por \u00faltimo, resta se\u00f1alar el despido del presidente de la Biblioteca Nacional, Fernando Ba\u00e9z, como la guinda de la torta en la ruptura de H\u00e9ctor Soto con Farruco. <\/span><\/p>\n<p class=\"MsoNormal\"><span>Fernando, a quien tuvimos la ocasi\u00f3n de entrevistar, irrumpe en la Biblioteca Nacional de la mano de Farruco Sesto,<span> <\/span>con la misi\u00f3n exclusiva de purificar y depurar a la instituci\u00f3n por dentro, despojando a su n\u00f3mina de cualquier elemento ajeno o contrario al chavismo.<\/span><\/p>\n<p class=\"MsoNormal\"><a href=\"https:\/\/i0.wp.com\/www.panfletonegro.com\/v\/wp-content\/uploads\/2009\/01\/fernandobaez_g.jpg\"><img data-recalc-dims=\"1\" loading=\"lazy\" decoding=\"async\" data-attachment-id=\"2299\" data-permalink=\"https:\/\/www.panfletonegro.com\/v\/2009\/01\/19\/hector-soto-o-la-fase-superior-de-farruco-sesto-toda-la-verdad-sobre-los-ultimos-incidentes-dentro-del-ministerio-de-cultura\/fernandobaez_g\/\" data-orig-file=\"https:\/\/i0.wp.com\/www.panfletonegro.com\/v\/wp-content\/uploads\/2009\/01\/fernandobaez_g.jpg?fit=%2C&amp;ssl=1\" data-orig-size=\"\" data-comments-opened=\"1\" data-image-meta=\"[]\" data-image-title=\"fernandobaez_g\" data-image-description=\"\" data-image-caption=\"\" data-large-file=\"https:\/\/i0.wp.com\/www.panfletonegro.com\/v\/wp-content\/uploads\/2009\/01\/fernandobaez_g.jpg?fit=1024%2C1024&amp;ssl=1\" class=\"alignnone size-medium wp-image-2299\" src=\"https:\/\/i0.wp.com\/www.panfletonegro.com\/v\/wp-content\/uploads\/2009\/01\/fernandobaez_g-300x199.jpg?resize=300%2C199\" alt=\"\" width=\"300\" height=\"199\" \/><\/a><\/p>\n<p class=\"MsoNormal\"><span>Para ello, se vale del apoyo del colectivo La Piedrita del 23 de enero, sindicado de operar como una banda de choque y de \u201ctomar\u201d pac\u00edficamente las instalaciones de la Biblioteca desde el mes de Noviembre.<\/span><\/p>\n<p class=\"MsoNormal\"><a href=\"https:\/\/i0.wp.com\/www.panfletonegro.com\/v\/wp-content\/uploads\/2009\/01\/piedrita-biblioteca.jpg\"><img data-recalc-dims=\"1\" loading=\"lazy\" decoding=\"async\" data-attachment-id=\"2300\" data-permalink=\"https:\/\/www.panfletonegro.com\/v\/2009\/01\/19\/hector-soto-o-la-fase-superior-de-farruco-sesto-toda-la-verdad-sobre-los-ultimos-incidentes-dentro-del-ministerio-de-cultura\/piedrita-biblioteca\/\" data-orig-file=\"https:\/\/i0.wp.com\/www.panfletonegro.com\/v\/wp-content\/uploads\/2009\/01\/piedrita-biblioteca.jpg?fit=%2C&amp;ssl=1\" data-orig-size=\"\" data-comments-opened=\"1\" data-image-meta=\"[]\" data-image-title=\"piedrita-biblioteca\" data-image-description=\"\" data-image-caption=\"\" data-large-file=\"https:\/\/i0.wp.com\/www.panfletonegro.com\/v\/wp-content\/uploads\/2009\/01\/piedrita-biblioteca.jpg?fit=1024%2C1024&amp;ssl=1\" class=\"alignnone size-medium wp-image-2300\" src=\"https:\/\/i0.wp.com\/www.panfletonegro.com\/v\/wp-content\/uploads\/2009\/01\/piedrita-biblioteca-300x197.jpg?resize=300%2C197\" alt=\"\" width=\"300\" height=\"197\" \/><\/a><\/p>\n<p class=\"MsoNormal\"><span>Seg\u00fan la p\u00e1gina Venezuela Noticia, \u201cLos trabajadores aseguran que con el apoyo del director del instituto, Fernando B\u00e1ez, el grupo La Piedrita se adue\u00f1\u00f3 de las instalaciones de la instituci\u00f3n y act\u00faa contra aquellos que no se identifican con el proceso. El llamado Colectivo La Piedrita, que act\u00faa en el 23 de Enero y que reconoci\u00f3 su autor\u00eda en los recientes ataques a Globovisi\u00f3n y El Nuevo Pa\u00eds, mantiene virtualmente tomadas las instalaciones del Instituto Aut\u00f3nomo Biblioteca Nacional, adscrito al Ministerio de la Cultura .Para tales acciones, el grupo cuenta con el apoyo de Fernando B\u00e1ez, director del referido instituto.As\u00ed fue denunciado por un grupo de trabajadores, quienes aseguraron que miembros del Colectivo La Piedrita pr\u00e1cticamente despachan y act\u00faan desde las oficinas de la Biblioteca Nacional, donde realizan actividades de tipo pol\u00edtico y de adoctrinamiento, llegando en algunas ocasiones a la violencia contra las personas que no comparten su ideolog\u00eda.Se\u00f1alan que el grupo posee credenciales que los identifica como investigadores de la Biblioteca Nacional, cuando lo que hacen, adem\u00e1s de las actividades que ellos llaman revolucionarias, es custodiar al director, de quien dijeron los informantes que se ausenta del instituto con bastante frecuencia, en completo abandono de sus responsabilidades\u201d.<\/span><\/p>\n<p class=\"MsoNormal\"><a href=\"https:\/\/i0.wp.com\/www.panfletonegro.com\/v\/wp-content\/uploads\/2009\/01\/t_20080421_baez_107.jpg\"><img data-recalc-dims=\"1\" loading=\"lazy\" decoding=\"async\" data-attachment-id=\"2301\" data-permalink=\"https:\/\/www.panfletonegro.com\/v\/2009\/01\/19\/hector-soto-o-la-fase-superior-de-farruco-sesto-toda-la-verdad-sobre-los-ultimos-incidentes-dentro-del-ministerio-de-cultura\/t_20080421_baez_107\/\" data-orig-file=\"https:\/\/i0.wp.com\/www.panfletonegro.com\/v\/wp-content\/uploads\/2009\/01\/t_20080421_baez_107.jpg?fit=%2C&amp;ssl=1\" data-orig-size=\"\" data-comments-opened=\"1\" data-image-meta=\"[]\" data-image-title=\"t_20080421_baez_107\" data-image-description=\"\" data-image-caption=\"\" data-large-file=\"https:\/\/i0.wp.com\/www.panfletonegro.com\/v\/wp-content\/uploads\/2009\/01\/t_20080421_baez_107.jpg?fit=1024%2C1024&amp;ssl=1\" class=\"alignnone size-medium wp-image-2301\" src=\"https:\/\/i0.wp.com\/www.panfletonegro.com\/v\/wp-content\/uploads\/2009\/01\/t_20080421_baez_107-300x225.jpg?resize=300%2C225\" alt=\"\" width=\"300\" height=\"225\" \/><\/a><\/p>\n<p class=\"MsoNormal\"><span><span> <\/span>Parad\u00f3jicamente,Fernando se hizo famoso por denunciar crimines internacionales contra el patrimonio bibliotecario de la humanidad, como el caso de la destrucci\u00f3n cultural de Bagdad, impulsada por el saqueo de la alianza conservadora Bush-Blair. Por razones del destino, el denunciante alcanza hoy el status de denunciado, por culpa de su deplorable intervenci\u00f3n y participaci\u00f3n en la Biblioteca Nacional, como promotor indirecto de la intolerancia y el secuestro pol\u00edtico de una instituci\u00f3n cultural de car\u00e1cter p\u00fablico. <\/span><\/p>\n<p class=\"MsoNormal\"><span><span> <\/span>Por lo dem\u00e1s, Fernando siempre tuvo mala fama, fama de mentiroso y de pragm\u00e1tico. Lo nuevo es descubrir, por defecto, su vena de intelectual forajido protegido por bandas hamponiles y toda clase de malandrines de cart\u00f3n, cual Juan Barreto en la Alcald\u00eda Mayor rodeado por los \u201cinsignes comunicadores comunitarios\u201d de Avila TV. Una pandilla de insultadores de oficio con pretensiones de aprendices de Michael Moore y seguidores de la estela de \u201cCQC\u201d.<\/span><\/p>\n<p class=\"MsoNormal\"><a href=\"https:\/\/i0.wp.com\/www.panfletonegro.com\/v\/wp-content\/uploads\/2009\/01\/cqc9el.jpg\"><img data-recalc-dims=\"1\" loading=\"lazy\" decoding=\"async\" data-attachment-id=\"2302\" data-permalink=\"https:\/\/www.panfletonegro.com\/v\/2009\/01\/19\/hector-soto-o-la-fase-superior-de-farruco-sesto-toda-la-verdad-sobre-los-ultimos-incidentes-dentro-del-ministerio-de-cultura\/cqc9el\/\" data-orig-file=\"https:\/\/i0.wp.com\/www.panfletonegro.com\/v\/wp-content\/uploads\/2009\/01\/cqc9el.jpg?fit=%2C&amp;ssl=1\" data-orig-size=\"\" data-comments-opened=\"1\" data-image-meta=\"[]\" data-image-title=\"cqc9el\" data-image-description=\"\" data-image-caption=\"\" data-large-file=\"https:\/\/i0.wp.com\/www.panfletonegro.com\/v\/wp-content\/uploads\/2009\/01\/cqc9el.jpg?fit=1024%2C1024&amp;ssl=1\" class=\"alignnone size-medium wp-image-2302\" src=\"https:\/\/i0.wp.com\/www.panfletonegro.com\/v\/wp-content\/uploads\/2009\/01\/cqc9el-300x202.jpg?resize=300%2C202\" alt=\"\" width=\"300\" height=\"202\" \/><\/a><\/p>\n<p class=\"MsoNormal\"><span>Ya quisieran ellos hacer el periodismo ir\u00f3nico e inteligente de Mario Pergolini o de Jorge Lanata en la Argentina.<span> <\/span><\/span><\/p>\n<p class=\"MsoNormal\"><a href=\"https:\/\/i0.wp.com\/www.panfletonegro.com\/v\/wp-content\/uploads\/2009\/01\/pergolini01.jpg\"><img data-recalc-dims=\"1\" loading=\"lazy\" decoding=\"async\" data-attachment-id=\"2303\" data-permalink=\"https:\/\/www.panfletonegro.com\/v\/2009\/01\/19\/hector-soto-o-la-fase-superior-de-farruco-sesto-toda-la-verdad-sobre-los-ultimos-incidentes-dentro-del-ministerio-de-cultura\/pergolini01\/\" data-orig-file=\"https:\/\/i0.wp.com\/www.panfletonegro.com\/v\/wp-content\/uploads\/2009\/01\/pergolini01.jpg?fit=%2C&amp;ssl=1\" data-orig-size=\"\" data-comments-opened=\"1\" data-image-meta=\"[]\" data-image-title=\"pergolini01\" data-image-description=\"\" data-image-caption=\"\" data-large-file=\"https:\/\/i0.wp.com\/www.panfletonegro.com\/v\/wp-content\/uploads\/2009\/01\/pergolini01.jpg?fit=1024%2C1024&amp;ssl=1\" class=\"alignnone size-medium wp-image-2303\" src=\"https:\/\/i0.wp.com\/www.panfletonegro.com\/v\/wp-content\/uploads\/2009\/01\/pergolini01-300x212.jpg?resize=300%2C212\" alt=\"\" width=\"300\" height=\"212\" \/><\/a><\/p>\n<p class=\"MsoNormal\"><span>Sea como sea, culmin\u00f3 la pesadilla de Fernando B\u00e1ez en la Biblioteca, aunque su huella sigue presente. Y lo mismo aplica con Farruco, luego de ser desplazado por H\u00e9ctor Soto.<\/span><\/p>\n<p class=\"MsoNormal\"><a href=\"https:\/\/i0.wp.com\/www.panfletonegro.com\/v\/wp-content\/uploads\/2009\/01\/ministro_hector_soto_sobre_universidades_jul_2008.jpg\"><img data-recalc-dims=\"1\" loading=\"lazy\" decoding=\"async\" data-attachment-id=\"2304\" data-permalink=\"https:\/\/www.panfletonegro.com\/v\/2009\/01\/19\/hector-soto-o-la-fase-superior-de-farruco-sesto-toda-la-verdad-sobre-los-ultimos-incidentes-dentro-del-ministerio-de-cultura\/ministro_hector_soto_sobre_universidades_jul_2008\/\" data-orig-file=\"https:\/\/i0.wp.com\/www.panfletonegro.com\/v\/wp-content\/uploads\/2009\/01\/ministro_hector_soto_sobre_universidades_jul_2008.jpg?fit=%2C&amp;ssl=1\" data-orig-size=\"\" data-comments-opened=\"1\" data-image-meta=\"[]\" data-image-title=\"ministro_hector_soto_sobre_universidades_jul_2008\" data-image-description=\"\" data-image-caption=\"\" data-large-file=\"https:\/\/i0.wp.com\/www.panfletonegro.com\/v\/wp-content\/uploads\/2009\/01\/ministro_hector_soto_sobre_universidades_jul_2008.jpg?fit=1024%2C1024&amp;ssl=1\" class=\"alignnone size-medium wp-image-2304\" src=\"https:\/\/i0.wp.com\/www.panfletonegro.com\/v\/wp-content\/uploads\/2009\/01\/ministro_hector_soto_sobre_universidades_jul_2008-300x224.jpg?resize=300%2C224\" alt=\"\" width=\"300\" height=\"224\" \/><\/a><\/p>\n<p class=\"MsoNormal\"><span>Al respecto, la idea de Farruco era regresar al Ministerio de Cultura. De hecho, \u00e9l intent\u00f3, por un tiempo, continuar ejerciendo el poder en Cultura, mientras fue degradado a la condici\u00f3n de Ministro de Vivienda. Un cargo menos vistoso para su ego y para sus \u00ednfulas de poeta de la revoluci\u00f3n.<\/span><\/p>\n<p class=\"MsoNormal\"><a href=\"https:\/\/i0.wp.com\/www.panfletonegro.com\/v\/wp-content\/uploads\/2009\/01\/farruco1.jpg\"><img data-recalc-dims=\"1\" loading=\"lazy\" decoding=\"async\" data-attachment-id=\"2305\" data-permalink=\"https:\/\/www.panfletonegro.com\/v\/2009\/01\/19\/hector-soto-o-la-fase-superior-de-farruco-sesto-toda-la-verdad-sobre-los-ultimos-incidentes-dentro-del-ministerio-de-cultura\/farruco1\/\" data-orig-file=\"https:\/\/i0.wp.com\/www.panfletonegro.com\/v\/wp-content\/uploads\/2009\/01\/farruco1.jpg?fit=%2C&amp;ssl=1\" data-orig-size=\"\" data-comments-opened=\"1\" data-image-meta=\"[]\" data-image-title=\"farruco1\" data-image-description=\"\" data-image-caption=\"\" data-large-file=\"https:\/\/i0.wp.com\/www.panfletonegro.com\/v\/wp-content\/uploads\/2009\/01\/farruco1.jpg?fit=1024%2C1024&amp;ssl=1\" class=\"alignnone size-medium wp-image-2305\" src=\"https:\/\/i0.wp.com\/www.panfletonegro.com\/v\/wp-content\/uploads\/2009\/01\/farruco1-300x225.jpg?resize=300%2C225\" alt=\"\" width=\"300\" height=\"225\" \/><\/a><\/p>\n<p class=\"MsoNormal\"><span><span> <\/span>En efecto, durante un buen tiempo, Farruco dirigi\u00f3 la gesti\u00f3n de H\u00e9ctor Soto, tras bambalinas. Incluso, las fichas de Farruco le rend\u00edan cuentas a \u00e9l antes que a H\u00e9ctor Soto, cuya inseguridad y carencia de respaldo pol\u00edtico lo hac\u00edan depender en extremo de su mentor, Farruco Sesto. Pero como en la historia de Mary Shelley, el aut\u00f3mata Soto termin\u00f3 por cobrar vida, por su propia cuenta, al margen de los designios de su creador, Farruco Sesto. Y as\u00ed, el argumento de Frankestien vuelve a repetirse en el Ministerio de Cultura, cuando actualmente H\u00e9ctor Soto ya se siente con la fuerza moral para aparecer en actos p\u00fablicos, por el canal ocho, en defensa de la revoluci\u00f3n. Algo inconcebible en su modesto y sigiloso proceder al momento de ser designado como responsable de Cultura.Por desgracia y como siempre, el remedio de H\u00e9ctor Soto lejos de mejorar la enfermedad de Farruco, la tiende a empeorar, en cuanto el primero es la fase superior del segundo.<\/span><\/p>\n<p class=\"MsoNormal\"><a href=\"https:\/\/i0.wp.com\/www.panfletonegro.com\/v\/wp-content\/uploads\/2009\/01\/soto_final.jpg\"><img data-recalc-dims=\"1\" loading=\"lazy\" decoding=\"async\" data-attachment-id=\"2306\" data-permalink=\"https:\/\/www.panfletonegro.com\/v\/2009\/01\/19\/hector-soto-o-la-fase-superior-de-farruco-sesto-toda-la-verdad-sobre-los-ultimos-incidentes-dentro-del-ministerio-de-cultura\/soto_final\/\" data-orig-file=\"https:\/\/i0.wp.com\/www.panfletonegro.com\/v\/wp-content\/uploads\/2009\/01\/soto_final.jpg?fit=%2C&amp;ssl=1\" data-orig-size=\"\" data-comments-opened=\"1\" data-image-meta=\"[]\" data-image-title=\"soto_final\" data-image-description=\"\" data-image-caption=\"\" data-large-file=\"https:\/\/i0.wp.com\/www.panfletonegro.com\/v\/wp-content\/uploads\/2009\/01\/soto_final.jpg?fit=1024%2C1024&amp;ssl=1\" class=\"alignnone size-medium wp-image-2306\" src=\"https:\/\/i0.wp.com\/www.panfletonegro.com\/v\/wp-content\/uploads\/2009\/01\/soto_final.jpg?resize=300%2C297\" alt=\"\" width=\"300\" height=\"297\" \/><\/a><\/p>\n<p class=\"MsoNormal\"><span><span> <\/span>En resumen, H\u00e9ctor Soto se le rebel\u00f3 freudianamente a su padre, Farruco Sesto, al cerrarle todas las puertas de Ministerio de Cultura y al despedirle a varios de sus testaferros m\u00e1s connotados: Lorena, Juan Carlos y Fernando.<span> <\/span><\/span><\/p>\n<p class=\"MsoNormal\"><a href=\"https:\/\/i0.wp.com\/www.panfletonegro.com\/v\/wp-content\/uploads\/2009\/01\/culfotoviceministrosoto.jpg\"><img data-recalc-dims=\"1\" loading=\"lazy\" decoding=\"async\" data-attachment-id=\"2307\" data-permalink=\"https:\/\/www.panfletonegro.com\/v\/2009\/01\/19\/hector-soto-o-la-fase-superior-de-farruco-sesto-toda-la-verdad-sobre-los-ultimos-incidentes-dentro-del-ministerio-de-cultura\/culfotoviceministrosoto\/\" data-orig-file=\"https:\/\/i0.wp.com\/www.panfletonegro.com\/v\/wp-content\/uploads\/2009\/01\/culfotoviceministrosoto.jpg?fit=%2C&amp;ssl=1\" data-orig-size=\"\" data-comments-opened=\"1\" data-image-meta=\"[]\" data-image-title=\"culfotoviceministrosoto\" data-image-description=\"\" data-image-caption=\"\" data-large-file=\"https:\/\/i0.wp.com\/www.panfletonegro.com\/v\/wp-content\/uploads\/2009\/01\/culfotoviceministrosoto.jpg?fit=1024%2C1024&amp;ssl=1\" class=\"alignnone size-medium wp-image-2307\" src=\"https:\/\/i0.wp.com\/www.panfletonegro.com\/v\/wp-content\/uploads\/2009\/01\/culfotoviceministrosoto-300x199.jpg?resize=300%2C199\" alt=\"\" width=\"300\" height=\"199\" \/><\/a><\/p>\n<p class=\"MsoNormal\"><span>Entonces ag\u00e1rrense duro porque ahora s\u00ed viene el joropo de H\u00e9ctor Soto en solitario, por la libre y a discreci\u00f3n de su Comandante en jefe, para quien la cultura es sin\u00f3nimo restrictivo de publicidad patri\u00f3tica, kistch aut\u00f3ctono, costumbrismo populista y realismo social. La venas abiertas de la Venezuela heroica desangradas en vivo y directo por la se\u00f1al de TVES. La manipulaci\u00f3n aberrante de la historia en forma de video clip. La amplificaci\u00f3n conductista de la est\u00e9tica empobrecida del paseo de Los Pr\u00f3ceres. La glorificaci\u00f3n del pensamiento \u00fanico plasmado por la caricatura ingenua de Regulo, reverso perfecto de la decadencia gr\u00e1fica de Zapata a las \u00f3rdenes del movimiento 2-D. Las dos caras del secuestro cultural de la naci\u00f3n.<span> <\/span><\/span><\/p>\n<p><!--EndFragment--><\/p>\n","protected":false},"excerpt":{"rendered":"<p>El a\u00f1o pasado anticipamos la ca\u00edda de Farruco Sesto en el Mini Popo de Cultura, despu\u00e9s de ser sustituido por H\u00e9ctor Soto. Ahora el descenso del arquitecto gallego se hace patente y visible, ante la consolidaci\u00f3n de su sucesor en el despacho de cultura, bajo la sombra de la cubanizaci\u00f3n del sector amparada por el [&hellip;]<\/p>\n","protected":false},"author":76,"featured_media":2292,"comment_status":"open","ping_status":"open","sticky":false,"template":"","format":"standard","meta":{"jetpack_post_was_ever_published":false,"_jetpack_newsletter_access":"","_jetpack_dont_email_post_to_subs":false,"_jetpack_newsletter_tier_id":0,"_jetpack_memberships_contains_paywalled_content":false,"_jetpack_memberships_contains_paid_content":false,"footnotes":"","jetpack_publicize_message":"","jetpack_publicize_feature_enabled":true,"jetpack_social_post_already_shared":false,"jetpack_social_options":{"image_generator_settings":{"template":"highway","default_image_id":0,"font":"","enabled":false},"version":2}},"categories":[3],"tags":[],"class_list":{"0":"post-2291","1":"post","2":"type-post","3":"status-publish","4":"format-standard","5":"has-post-thumbnail","7":"category-descontento"},"jetpack_publicize_connections":[],"jetpack_featured_media_url":"https:\/\/i0.wp.com\/www.panfletonegro.com\/v\/wp-content\/uploads\/2009\/01\/hector-soto.jpg?fit=%2C&ssl=1","jetpack_shortlink":"https:\/\/wp.me\/pfpCD-AX","jetpack_sharing_enabled":true,"_links":{"self":[{"href":"https:\/\/www.panfletonegro.com\/v\/wp-json\/wp\/v2\/posts\/2291","targetHints":{"allow":["GET"]}}],"collection":[{"href":"https:\/\/www.panfletonegro.com\/v\/wp-json\/wp\/v2\/posts"}],"about":[{"href":"https:\/\/www.panfletonegro.com\/v\/wp-json\/wp\/v2\/types\/post"}],"author":[{"embeddable":true,"href":"https:\/\/www.panfletonegro.com\/v\/wp-json\/wp\/v2\/users\/76"}],"replies":[{"embeddable":true,"href":"https:\/\/www.panfletonegro.com\/v\/wp-json\/wp\/v2\/comments?post=2291"}],"version-history":[{"count":0,"href":"https:\/\/www.panfletonegro.com\/v\/wp-json\/wp\/v2\/posts\/2291\/revisions"}],"wp:featuredmedia":[{"embeddable":true,"href":"https:\/\/www.panfletonegro.com\/v\/wp-json\/wp\/v2\/media\/2292"}],"wp:attachment":[{"href":"https:\/\/www.panfletonegro.com\/v\/wp-json\/wp\/v2\/media?parent=2291"}],"wp:term":[{"taxonomy":"category","embeddable":true,"href":"https:\/\/www.panfletonegro.com\/v\/wp-json\/wp\/v2\/categories?post=2291"},{"taxonomy":"post_tag","embeddable":true,"href":"https:\/\/www.panfletonegro.com\/v\/wp-json\/wp\/v2\/tags?post=2291"}],"curies":[{"name":"wp","href":"https:\/\/api.w.org\/{rel}","templated":true}]}}