{"id":22797,"date":"2012-03-24T16:06:30","date_gmt":"2012-03-24T20:36:30","guid":{"rendered":"http:\/\/www.panfletonegro.com\/v\/?p=22797"},"modified":"2012-09-25T06:02:58","modified_gmt":"2012-09-25T10:32:58","slug":"en-cual-barrio","status":"publish","type":"post","link":"https:\/\/www.panfletonegro.com\/v\/2012\/03\/24\/en-cual-barrio\/","title":{"rendered":"\u00bfEn cu\u00e1l barrio?"},"content":{"rendered":"<figure id=\"attachment_22799\" aria-describedby=\"caption-attachment-22799\" style=\"width: 500px\" class=\"wp-caption alignnone\"><a href=\"https:\/\/i0.wp.com\/www.panfletonegro.com\/v\/wp-content\/uploads\/2012\/03\/barrio.jpeg\"><img data-recalc-dims=\"1\" loading=\"lazy\" decoding=\"async\" data-attachment-id=\"22799\" data-permalink=\"https:\/\/www.panfletonegro.com\/v\/2012\/03\/24\/en-cual-barrio\/barrio\/\" data-orig-file=\"https:\/\/i0.wp.com\/www.panfletonegro.com\/v\/wp-content\/uploads\/2012\/03\/barrio.jpeg?fit=500%2C335&amp;ssl=1\" data-orig-size=\"500,335\" data-comments-opened=\"1\" data-image-meta=\"{&quot;aperture&quot;:&quot;0&quot;,&quot;credit&quot;:&quot;&quot;,&quot;camera&quot;:&quot;&quot;,&quot;caption&quot;:&quot;&quot;,&quot;created_timestamp&quot;:&quot;0&quot;,&quot;copyright&quot;:&quot;&quot;,&quot;focal_length&quot;:&quot;0&quot;,&quot;iso&quot;:&quot;0&quot;,&quot;shutter_speed&quot;:&quot;0&quot;,&quot;title&quot;:&quot;&quot;}\" data-image-title=\"barrio\" data-image-description=\"\" data-image-caption=\"&lt;p&gt;foto Yann Arthus-Bertrand&lt;\/p&gt;\n\" data-large-file=\"https:\/\/i0.wp.com\/www.panfletonegro.com\/v\/wp-content\/uploads\/2012\/03\/barrio.jpeg?fit=500%2C335&amp;ssl=1\" class=\"size-full wp-image-22799\" title=\"barrio\" src=\"https:\/\/i0.wp.com\/www.panfletonegro.com\/v\/wp-content\/uploads\/2012\/03\/barrio.jpeg?resize=500%2C335\" alt=\"\" width=\"500\" height=\"335\" srcset=\"https:\/\/i0.wp.com\/www.panfletonegro.com\/v\/wp-content\/uploads\/2012\/03\/barrio.jpeg?w=500&amp;ssl=1 500w, https:\/\/i0.wp.com\/www.panfletonegro.com\/v\/wp-content\/uploads\/2012\/03\/barrio.jpeg?resize=300%2C201&amp;ssl=1 300w\" sizes=\"auto, (max-width: 500px) 100vw, 500px\" \/><\/a><figcaption id=\"caption-attachment-22799\" class=\"wp-caption-text\">foto Yann Arthus-Bertrand<\/figcaption><\/figure>\n<p>Una de las cosas que nos caracteriza a los americanos es la exaltaci\u00f3n del malandro. Mi teor\u00eda ebria es que es culpa de las <a href=\"http:\/\/www.afinidades.org\/1234\" target=\"_blank\">pel\u00edculas gringas<\/a>. O quiz\u00e1s es <a href=\"http:\/\/www.afinidades.org\/1197\" target=\"_blank\">nuestra \u00e9pica<\/a>. La manera que encontramos para fabricar h\u00e9roes en sociedades que nacieron fracasadas.<\/p>\n<p>Los militares venezolanos, en su af\u00e1n por responder <a href=\"http:\/\/www.observatorio-arendt.org\/wp\/?p=239\" target=\"_blank\">\u00bfqu\u00e9 es el fascismo?<\/a> y redescubrir el abismo en el caribe, han tomado algunos tips de Hollywood y convertido la exaltaci\u00f3n de la pobreza, por un lado, y la apolog\u00eda del malandro, por otro, en pol\u00edticas de estado.<\/p>\n<p>Es una jugada compleja, eso de convertir el horror en algo digno de orgullo. Pero han tenido un \u00e9xito envidiable. Se me antoja que quienes m\u00e1s se creen esta historia son los oligarcas y los chavistas clase media, esos que dominan los medios, twittean, <em>pagan<\/em> por franelas del Che y andan pendientes de perpetuar el estado policial. Te\u00f3ricos que sue\u00f1an con un para\u00edso de miseria para poder expiar sus complejos y su culpa de clases.<\/p>\n<p>En panfletonegro nos hemos entretenido con sus ocurrencias un mont\u00f3n de veces. Gente que piensa que una realidad percibida por los que escriben aqu\u00ed, o mis amigos de Facebook, o 100.000 gatos, es inv\u00e1lida. O algo un poco m\u00e1s peligroso y menos tropical: aquellos que piensan que la <em>\u00fanica realidad v\u00e1lida<\/em> es aquella defendida por el partido de gobierno.<\/p>\n<p>Esta gente dice cosas como \u00abEntra en un barrio y aprende como se bate el cobre\u00bb, porque la soluci\u00f3n siempre pasa por entrar en un barrio, parece. De nada sirve que conozcas a tu pa\u00eds, su gente. De nada sirve que conozcas tu ciudad, te sepas los nombres de las 29 quebradas de Caracas, o hagas vida en la ciudad como cualquier otro. Tienes que entrar en un barrio todos los d\u00edas, comprar en MERCAL y hacer el saludo romano, porque si no tu visi\u00f3n de mundo es inv\u00e1lida. \u00bfSabes esa cola bestial que te mamas todos los d\u00edas desde Guarenas? Bueno, no existe porque no vas al barrio. \u00bfY los 27 tiros que le dieron en la cara a tu primo? Moj\u00f3n. Y si no es moj\u00f3n \u00bf<a href=\"http:\/\/www.panfletonegro.com\/v\/2012\/02\/28\/onechot-la-culpa-es-tuya\/\">qui\u00e9n lo manda a estar respirando<\/a>?<\/p>\n<p>Me intriga \u00bfQu\u00e9 pasa luego de entrar en el barrio? \u00bfDejan de matar gente? \u00bfSe reestablece el servicio el\u00e9ctrico? \u00bfAparece la leche? \u00bfSe acaba la burocracia? \u00bfDiosdado Cabello desaparece? \u00bflos pacos dejan de matraquear? \u00bfse mueren los adecos? Yo entr\u00e9 en un barrio y no pas\u00f3. Entre en otro y Ramos Allup segu\u00eda vivo. Debe ser que no entr\u00e9 en el barrio correcto.<\/p>\n<p>Quiz\u00e1s haya que entrar en un barrio mental.<\/p>\n","protected":false},"excerpt":{"rendered":"<p>Una de las cosas que nos caracteriza a los americanos es la exaltaci\u00f3n del malandro. Mi teor\u00eda ebria es que es culpa de las pel\u00edculas gringas. O quiz\u00e1s es nuestra \u00e9pica. La manera que encontramos para fabricar h\u00e9roes en sociedades que nacieron fracasadas. Los militares venezolanos, en su af\u00e1n por responder \u00bfqu\u00e9 es el fascismo? [&hellip;]<\/p>\n","protected":false},"author":1,"featured_media":22799,"comment_status":"open","ping_status":"open","sticky":false,"template":"","format":"standard","meta":{"jetpack_post_was_ever_published":false,"_jetpack_newsletter_access":"","_jetpack_dont_email_post_to_subs":false,"_jetpack_newsletter_tier_id":0,"_jetpack_memberships_contains_paywalled_content":false,"_jetpack_memberships_contains_paid_content":false,"footnotes":"","jetpack_publicize_message":"","jetpack_publicize_feature_enabled":true,"jetpack_social_post_already_shared":false,"jetpack_social_options":{"image_generator_settings":{"template":"highway","default_image_id":0,"font":"","enabled":false},"version":2}},"categories":[3],"tags":[],"class_list":{"0":"post-22797","1":"post","2":"type-post","3":"status-publish","4":"format-standard","5":"has-post-thumbnail","7":"category-descontento"},"jetpack_publicize_connections":[],"jetpack_featured_media_url":"https:\/\/i0.wp.com\/www.panfletonegro.com\/v\/wp-content\/uploads\/2012\/03\/barrio.jpeg?fit=500%2C335&ssl=1","jetpack_shortlink":"https:\/\/wp.me\/pfpCD-5VH","jetpack_sharing_enabled":true,"_links":{"self":[{"href":"https:\/\/www.panfletonegro.com\/v\/wp-json\/wp\/v2\/posts\/22797","targetHints":{"allow":["GET"]}}],"collection":[{"href":"https:\/\/www.panfletonegro.com\/v\/wp-json\/wp\/v2\/posts"}],"about":[{"href":"https:\/\/www.panfletonegro.com\/v\/wp-json\/wp\/v2\/types\/post"}],"author":[{"embeddable":true,"href":"https:\/\/www.panfletonegro.com\/v\/wp-json\/wp\/v2\/users\/1"}],"replies":[{"embeddable":true,"href":"https:\/\/www.panfletonegro.com\/v\/wp-json\/wp\/v2\/comments?post=22797"}],"version-history":[{"count":0,"href":"https:\/\/www.panfletonegro.com\/v\/wp-json\/wp\/v2\/posts\/22797\/revisions"}],"wp:featuredmedia":[{"embeddable":true,"href":"https:\/\/www.panfletonegro.com\/v\/wp-json\/wp\/v2\/media\/22799"}],"wp:attachment":[{"href":"https:\/\/www.panfletonegro.com\/v\/wp-json\/wp\/v2\/media?parent=22797"}],"wp:term":[{"taxonomy":"category","embeddable":true,"href":"https:\/\/www.panfletonegro.com\/v\/wp-json\/wp\/v2\/categories?post=22797"},{"taxonomy":"post_tag","embeddable":true,"href":"https:\/\/www.panfletonegro.com\/v\/wp-json\/wp\/v2\/tags?post=22797"}],"curies":[{"name":"wp","href":"https:\/\/api.w.org\/{rel}","templated":true}]}}