{"id":22266,"date":"2012-03-08T11:25:49","date_gmt":"2012-03-08T15:55:49","guid":{"rendered":"http:\/\/www.panfletonegro.com\/v\/?p=22266"},"modified":"2012-03-08T11:25:49","modified_gmt":"2012-03-08T15:55:49","slug":"vota-nulo","status":"publish","type":"post","link":"https:\/\/www.panfletonegro.com\/v\/2012\/03\/08\/vota-nulo\/","title":{"rendered":"Vota NULO"},"content":{"rendered":"<dl>\n<dt><img data-recalc-dims=\"1\" decoding=\"async\" class=\"foter-photo mceItem\" src=\"https:\/\/i0.wp.com\/www.panfletonegro.com\/v\/wp-content\/uploads\/2012\/03\/yo-no-arrugo.jpg?w=696\" style=\"width:30%\" \/><\/dt>\n<dd><span style=\"float: right\"><a href=\"http:\/\/www.flickr.com\/photos\/50269511@N00\/\">anarchitect<\/a> \/<a href=\"http:\/\/foter.com\/\" title=\"Free Photos\">Free Photos<\/a><\/span><\/dd>\n<\/dl>\n<p>&#8211; \u00bfTe sientes de verdad representado por alguno de los dos bandos?<\/p>\n<p>&#8211; \u00bfSabes cu\u00e1l de los dos es realmente sincero?<\/p>\n<p>&#8211; \u00bfSabes cu\u00e1l de los dos es m\u00e1s demagogo?<\/p>\n<p>&#8211; \u00bfSabes cu\u00e1l de los dos es m\u00e1s populista?<\/p>\n<p>&#8211; \u00bfTe parece realmente espont\u00e1neo que alguno de los dos cargue ni\u00f1os o bese viejitas en campa\u00f1a?<\/p>\n<p>&#8211; \u00bfTe sientes realmente tomado en cuenta por alguno de los dos?<\/p>\n<p>&#8211; \u00bfCrees de verdad que alguno de los dos acomodar\u00e1 este pa\u00eds?<\/p>\n<p>&#8211; \u00bfLe tienes realmente confianza a sus dirigentes, sean de uno o del otro bando?<\/p>\n<p>Si respondiste NO a todas las preguntas anteriores entonces est\u00e1s de nuestro lado, de los hartos, de los olvidados, de los despreciados, de los emputados, de los vilipendiados, de los burlados, de los jodidos, tanto de un lado como del otro, de los que sentimos que los dirigentes pol\u00edticos, desde Ch\u00e1vez y Capriles para abajo, son todos unos atorrantes, de los que sentimos si le damos el voto a alguno de ellos vender\u00edamos nuestra conciencia, nuestros principios, de los que sentimos que tanto unos como otros est\u00e1n totalmente distanciados de lo que realmente somos.<\/p>\n<p>La abstenci\u00f3n podr\u00eda significar indolencia, desidia, antiparabolismo, mantener el <em>status quo<\/em>, como afirman algunos, en cambio el voto NULO es para demostrar nuestro descontento, nuestra protesta, tanto hacia unos como hacia otros, de manera ACTIVA.<br \/>\n<strong><br \/>\nYa funcion\u00f3 alguna vez<\/strong><\/p>\n<p>En efecto, un voto nulo superior al 10% hizo tambalear un pa\u00eds. Sucedi\u00f3 en Argentina en el a\u00f1o 2001, con el pa\u00eds en plena recesi\u00f3n econ\u00f3mica llegaron unas elecciones para el 14 de octubre de aquel a\u00f1o. En aquellos comicios el voto nulo se fue hasta el 12\u00b49 %, el voto en blanco subi\u00f3 hasta el 8\u00b42 % y la abstenci\u00f3n lleg\u00f3 hasta el 27 %. La poblaci\u00f3n se ech\u00f3 a la calle el d\u00eda despu\u00e9s de las elecciones y aquello desemboc\u00f3 en la crisis de diciembre de 2001 y el famoso \u201ccorralito\u201d. De la R\u00faa tuvo que renunciar a la presidencia y en seis meses se sucedieron los presidentes hasta que la ciudadan\u00eda fue escuchada.<\/p>\n<p>Despu\u00e9s los argumentos ya dados parece claro que las elecciones son una farsa. Por eso, puestos a participar de alguna manera en la farsa, el voto nulo es el \u00fanico que deja bien claro que no est\u00e1s de acuerdo, el voto nulo rompe las reglas, y adem\u00e1s te permite la posibilidad de expresar tu descontento, tu rebeld\u00eda, tu desapego a este sistema con un sello propio, personal e irrepetible, lo cual, sumado a las pasadas razones, le da adem\u00e1s un toque divertido a este mundo tan serio y dif\u00edcil que nos ha tocado vivir. <\/p>\n<p>Si est\u00e1s de acuerdo a todos estos planteamientos entonces \u00fanete a nuestra acci\u00f3n, para el pr\u00f3ximo 7 de octubre vota NULO.<\/p>\n","protected":false},"excerpt":{"rendered":"<p>anarchitect \/Free Photos &#8211; \u00bfTe sientes de verdad representado por alguno de los dos bandos? &#8211; \u00bfSabes cu\u00e1l de los dos es realmente sincero? &#8211; \u00bfSabes cu\u00e1l de los dos es m\u00e1s demagogo? &#8211; \u00bfSabes cu\u00e1l de los dos es m\u00e1s populista? &#8211; \u00bfTe parece realmente espont\u00e1neo que alguno de los dos cargue ni\u00f1os o [&hellip;]<\/p>\n","protected":false},"author":1927,"featured_media":0,"comment_status":"open","ping_status":"open","sticky":false,"template":"","format":"standard","meta":{"jetpack_post_was_ever_published":false,"_jetpack_newsletter_access":"","_jetpack_dont_email_post_to_subs":false,"_jetpack_newsletter_tier_id":0,"_jetpack_memberships_contains_paywalled_content":false,"_jetpack_memberships_contains_paid_content":false,"footnotes":"","jetpack_publicize_message":"","jetpack_publicize_feature_enabled":true,"jetpack_social_post_already_shared":false,"jetpack_social_options":{"image_generator_settings":{"template":"highway","default_image_id":0,"font":"","enabled":false},"version":2}},"categories":[3],"tags":[],"class_list":{"0":"post-22266","1":"post","2":"type-post","3":"status-publish","4":"format-standard","6":"category-descontento"},"jetpack_publicize_connections":[],"jetpack_featured_media_url":"","jetpack_shortlink":"https:\/\/wp.me\/pfpCD-5N8","jetpack_sharing_enabled":true,"_links":{"self":[{"href":"https:\/\/www.panfletonegro.com\/v\/wp-json\/wp\/v2\/posts\/22266","targetHints":{"allow":["GET"]}}],"collection":[{"href":"https:\/\/www.panfletonegro.com\/v\/wp-json\/wp\/v2\/posts"}],"about":[{"href":"https:\/\/www.panfletonegro.com\/v\/wp-json\/wp\/v2\/types\/post"}],"author":[{"embeddable":true,"href":"https:\/\/www.panfletonegro.com\/v\/wp-json\/wp\/v2\/users\/1927"}],"replies":[{"embeddable":true,"href":"https:\/\/www.panfletonegro.com\/v\/wp-json\/wp\/v2\/comments?post=22266"}],"version-history":[{"count":0,"href":"https:\/\/www.panfletonegro.com\/v\/wp-json\/wp\/v2\/posts\/22266\/revisions"}],"wp:attachment":[{"href":"https:\/\/www.panfletonegro.com\/v\/wp-json\/wp\/v2\/media?parent=22266"}],"wp:term":[{"taxonomy":"category","embeddable":true,"href":"https:\/\/www.panfletonegro.com\/v\/wp-json\/wp\/v2\/categories?post=22266"},{"taxonomy":"post_tag","embeddable":true,"href":"https:\/\/www.panfletonegro.com\/v\/wp-json\/wp\/v2\/tags?post=22266"}],"curies":[{"name":"wp","href":"https:\/\/api.w.org\/{rel}","templated":true}]}}