{"id":21941,"date":"2012-02-29T20:03:40","date_gmt":"2012-03-01T00:33:40","guid":{"rendered":"http:\/\/www.panfletonegro.com\/v\/?p=21941"},"modified":"2012-05-25T19:46:57","modified_gmt":"2012-05-26T00:16:57","slug":"por-estas-calles-a-mi-hermano-lo-mataron-%e2%80%8efuerzaonechot","status":"publish","type":"post","link":"https:\/\/www.panfletonegro.com\/v\/2012\/02\/29\/por-estas-calles-a-mi-hermano-lo-mataron-%e2%80%8efuerzaonechot\/","title":{"rendered":"\u201cPor estas calles\u201d &#8211; \u201cA mi hermano lo mataron\u201d &#8211; \u200e#FuerzaOneChot"},"content":{"rendered":"<p><a href=\"http:\/\/www.panfletonegro.com\/v\/2009\/12\/11\/al-gore-y-obama-dos-pinochos-y-una-verdad-incomoda\/5812-revision-4\/\" rel=\"attachment wp-att-5819\"><img data-recalc-dims=\"1\" loading=\"lazy\" decoding=\"async\" class=\"aligncenter size-full wp-image-5819\" src=\"http:\/\/golcar.files.wordpress.com\/2012\/02\/aaaaa-0000jpg.jpg?resize=510%2C201\" alt=\"\" width=\"510\" height=\"201\" \/><\/a><\/p>\n<p>Esta historia puede escribirse de atr\u00e1s para adelante o de adelante para atr\u00e1s. Puede empezar en 1992 con \u201cPor estas calles\u201d, la telenovela de RCTV original de Ibsen Mart\u00ednez, que nos retrataba descarnadamente como pa\u00eds perfectamente resumida en la canci\u00f3n de Yordano, pasar por el video del presidente con el ni\u00f1o de dos a\u00f1os que en cadena nacional desnuda con dos frases una realidad<\/p>\n<figure id=\"attachment_5824\" aria-describedby=\"caption-attachment-5824\" style=\"width: 187px\" class=\"wp-caption alignleft\"><a href=\"http:\/\/www.panfletonegro.com\/v\/2009\/12\/11\/el-leon-del-desierto-de-libia\/5822-revision\/\" rel=\"attachment wp-att-5824\"><img data-recalc-dims=\"1\" loading=\"lazy\" decoding=\"async\" class=\"size-medium wp-image-5824\" src=\"http:\/\/golcar.files.wordpress.com\/2012\/02\/aaaaa-000jpg.jpg?w=187&#038;resize=187%2C300\" alt=\"\" width=\"187\" height=\"300\" \/><\/a><figcaption id=\"caption-attachment-5824\" class=\"wp-caption-text\">@Taru_Small: Aqu\u00ed una imagen para la reflexi\u00f3n sobre el caso de #OneChot (Tomado del Twitter)<\/figcaption><\/figure>\n<p>del pa\u00eds cuando dice (A mi hermano) \u201cLo mataron\u201d y m\u00e1s adelante agrega: (Mi mam\u00e1) \u201cNo tiene casa\u201d y terminar con la tragedia vivida por OneChot al ser v\u00edctima de un asalto.<\/p>\n<p>Pero el orden puede ser inverso. Al final, el resultado va a ser el mismo: Una historia de violencia, dolor, impunidad, impotencia\u2026 \u00bfResignaci\u00f3n?<\/p>\n<p>Hoy nos despertamos con la terrible noticia de que el creador Juan David\u00a0Chac\u00f3n, \u201cOneChot\u201d, se encuentra recluido en el \u00e1rea de cuidados intensivos de una cl\u00ednica luego de que en la madrugada recibiera un disparo en la cabeza para robarlo. \u00a0La noticia rod\u00f3 velozmente por las redes sociales y lleg\u00f3 a ser \u201ctrending topic\u201d mundial en pocas horas. El pa\u00eds y el mundo se conmocionaron con lo sucedido. Su video \u201c<strong>Rotten Town\u201d <\/strong>con una importante carga de violencia pareci\u00f3 convertirse en una premonici\u00f3n.<\/p>\n<span class=\"embed-youtube\" style=\"text-align:center; display: block;\"><iframe loading=\"lazy\" class=\"youtube-player\" width=\"420\" height=\"315\" src=\"https:\/\/www.youtube.com\/embed\/5YJQuIxijl4?version=3&#038;rel=1&#038;showsearch=0&#038;showinfo=1&#038;iv_load_policy=1&#038;fs=1&#038;hl=es-ES&#038;autohide=2&#038;wmode=transparent\" allowfullscreen=\"true\" style=\"border:0;\" sandbox=\"allow-scripts allow-same-origin allow-popups allow-presentation allow-popups-to-escape-sandbox\"><\/iframe><\/span>\n<p>Mientras tanto, \u00a0en los medios oficialistas pasan el 27 y 28 de febrero recordando los terribles sucesos del Caracazo. Programa tras programa se dedican a mostrar las violentas escenas de la locura que durante dos d\u00edas invadi\u00f3 a la capital del pa\u00eds cuando la gente en una especie de arrebato colectivo se lanz\u00f3 a las calles a saquear, robar, en un desenfreno nunca antes conocido y los medios policiales del Estado a reprimir de manera implacable y violenta, dejando como saldo innumerables muertos y heridos que al d\u00eda de hoy claman por justicia, y cuantiosas p\u00e9rdidas econ\u00f3micas para todos los sectores del pa\u00eds.<\/p>\n<p>Todo lo que se ve en la pantalla oficial solo tiende de manera indirecta, algunas veces, y completamente expl\u00edcita, en otras, a tratar de justificar el robo, el saqueo y la violencia, amparados en el hambruna que viv\u00edan los sectores m\u00e1s despose\u00eddos del pa\u00eds. Es el discurso que hemos venido escuchando desde los altos estratos del poder desde hace 13 a\u00f1os. Abiertamente o entrel\u00edneas nos dicen: \u201cSi tienes hambre, roba\u201d.<\/p>\n<p>All\u00ed vi a una Vanessa Davies que se pon\u00eda las manos en la cara para con gran dolor decir que lo del \u201cCaracazo\u201d son recuerdos que no quiere recordar. Y a un Mario Silva escandalizado porque a un compa\u00f1ero de trabajo suyo lo botaron porque se rob\u00f3 en ese entonces 20 kilos de carne y los escondi\u00f3 en el s\u00f3tano del edificio de su lugar de labores.<\/p>\n<p>Pero por ning\u00fan lado vi que se pusieran las manos en la cabeza en muestra de horror por la terrible historia del ni\u00f1o de dos a\u00f1os que desencaja por completo al presidente cuando le dice que a su hermano \u201clo mataron\u201d. Para esos medios parece que no existi\u00f3 la historia. Ch\u00e1vez tartamude\u00f3, perdi\u00f3 el hilo de lo que dec\u00eda, evidentemente estaba en shock por lo que acababa de escuchar de la inocente boca infantil que comentaba que a su hermano lo mataron con la misma naturalidad que podr\u00eda contar que se acababa de comer un caramelo.<\/p>\n<span class=\"embed-youtube\" style=\"text-align:center; display: block;\"><iframe loading=\"lazy\" class=\"youtube-player\" width=\"420\" height=\"315\" src=\"https:\/\/www.youtube.com\/embed\/YW3kCocyGI4?version=3&#038;rel=1&#038;showsearch=0&#038;showinfo=1&#038;iv_load_policy=1&#038;fs=1&#038;hl=es-ES&#038;autohide=2&#038;wmode=transparent\" allowfullscreen=\"true\" style=\"border:0;\" sandbox=\"allow-scripts allow-same-origin allow-popups allow-presentation allow-popups-to-escape-sandbox\"><\/iframe><\/span>\n<p>Ch\u00e1vez trata de recomponerse. Sabe que est\u00e1 en cadena nacional y como buen showman, animando un evento electorero, debe cumplir a cabalidad la manida frase \u201cEl show debe continuar\u201d. Endereza el capote y sale del trance, pero al pa\u00eds le quedo clavada en el alma la imagen de la criatura, que, no conforme, mas adelante complementa diciendo que su mam\u00e1 \u00abno tiene casa\u00bb.<\/p>\n<p>Esto conmovi\u00f3 al pa\u00eds. Bueno, a parte del pa\u00eds porque para los medios oficiales la \u201can\u00e9cdota\u201d no sucedi\u00f3. Como no sucedi\u00f3 el disparo dado en la cabeza \u00a0a \u201cOneChot\u201d para robarlo. Para estos medios solo existe por estos d\u00edas el \u201cCaracazo\u201d y el c\u00e1ncer de Ch\u00e1vez.<\/p>\n<p>A la enfermedad del presidente le han dedicado incontables horas de programaci\u00f3n, incluyendo cadenas de medios, y shows montados muy por el estilo del visto en televisi\u00f3n hace poco cuando muri\u00f3 el dictador Coreano. La despedida de Ch\u00e1vez para someterse a operaci\u00f3n de la lesi\u00f3n en Cuba fue la \u00fanica noticia importante para los medios del Estado.<\/p>\n<p>Sin duda, el c\u00e1ncer del presidente puede ser muy lamentable para muchos, pero ese es un hecho \u201cnatural\u201d, inevitable. Es una enfermedad que debe ser tratada, nada m\u00e1s. La muerte del hermano del ni\u00f1o del video, el disparo en la cabeza del artista, <a href=\"http:\/\/rayma.eluniversal.com\/sucesos\/120227\/bala-perdida-acaba-con-la-vida-de-un-pequeno-de-12-anos-en-cota-905\">el ni\u00f1o que asustado por disparos corre a esconderse en su rancho y all\u00ed, aterrorizado, lo alcanza una bala y lo mata<\/a>, eso, no es \u201cnatural\u201d aunque de tanto vivirlo pareciera serlo. Eso es responsabilidad del Estado. Un Estado que, al decir de algunos, propicia, alcahuetea y a\u00fapa la violencia porque un pueblo sometido por el miedo es mucho m\u00e1s dif\u00edcil que reaccione a la realidad que lo abate y m\u00e1s f\u00e1cil de controlar.<\/p>\n<p>La violencia se nos ha hecho tan cotidiana que ya deja de ser noticia. Los medios no se dan abasto para detallar los casos, los ciudadanos que mueren terminan siendo solo un guarismo que engrosa una cifra semanal. 50, 75, 83 muertes el fin de semana son los titulares habituales. Ya las v\u00edctimas de la violencia no tienen nombre, se hace imposible nombrarlas. Solo cuando sucede a alguien como al\u00a0 cantante de reggae, a un personaje p\u00fablico o cuando la violencia del hecho traspasa los l\u00edmites del realismo m\u00e1gico o de lo real maravilloso, un caso particular es destacado.<\/p>\n<p>En estos 20 a\u00f1os transcurridos desde que la telenovela \u201cPor estas calles\u201d nos diera una bofetada como pa\u00eds al mostrarnos la realidad de los barrios y de la pobreza en Venezuela, lo \u00fanico que ha cambiado es el n\u00famero de v\u00edctimas al mes que aumenta sin parar, el nivel de la agresividad con la que se acometen los hechos delictivos, la edad de quienes ejecutan los asesinatos y robos que cada vez son menores. Entonces, veo el video de OneChot, escucho la canci\u00f3n de Yordano que cada d\u00eda tiene m\u00e1s vigencia y lo \u00fanico que puedo hacer es mirar al cielo, rezar porque los m\u00edos lleguen salvos a casa cada tarde e implorar porque, alg\u00fan d\u00eda, algo pase\u2026<\/p>\n<span class=\"embed-youtube\" style=\"text-align:center; display: block;\"><iframe loading=\"lazy\" class=\"youtube-player\" width=\"420\" height=\"315\" src=\"https:\/\/www.youtube.com\/embed\/CznpEsRhDtU?version=3&#038;rel=1&#038;showsearch=0&#038;showinfo=1&#038;iv_load_policy=1&#038;fs=1&#038;hl=es-ES&#038;autohide=2&#038;wmode=transparent\" allowfullscreen=\"true\" style=\"border:0;\" sandbox=\"allow-scripts allow-same-origin allow-popups allow-presentation allow-popups-to-escape-sandbox\"><\/iframe><\/span>\n","protected":false},"excerpt":{"rendered":"<p>Esta historia puede escribirse de atr\u00e1s para adelante o de adelante para atr\u00e1s. Puede empezar en 1992 con \u201cPor estas calles\u201d, la telenovela de RCTV original de Ibsen Mart\u00ednez, que nos retrataba descarnadamente como pa\u00eds perfectamente resumida en la canci\u00f3n de Yordano, pasar por el video del presidente con el ni\u00f1o de dos a\u00f1os que [&hellip;]<\/p>\n","protected":false},"author":1947,"featured_media":0,"comment_status":"open","ping_status":"open","sticky":false,"template":"","format":"standard","meta":{"jetpack_post_was_ever_published":false,"_jetpack_newsletter_access":"","_jetpack_dont_email_post_to_subs":false,"_jetpack_newsletter_tier_id":0,"_jetpack_memberships_contains_paywalled_content":false,"_jetpack_memberships_contains_paid_content":false,"footnotes":"","jetpack_publicize_message":"","jetpack_publicize_feature_enabled":true,"jetpack_social_post_already_shared":false,"jetpack_social_options":{"image_generator_settings":{"template":"highway","default_image_id":0,"font":"","enabled":false},"version":2}},"categories":[1],"tags":[555,1564,136],"class_list":{"0":"post-21941","1":"post","2":"type-post","3":"status-publish","4":"format-standard","6":"category-azares","7":"tag-inseguridad","8":"tag-onechot","9":"tag-violencia"},"jetpack_publicize_connections":[],"jetpack_featured_media_url":"","jetpack_shortlink":"https:\/\/wp.me\/pfpCD-5HT","jetpack_sharing_enabled":true,"_links":{"self":[{"href":"https:\/\/www.panfletonegro.com\/v\/wp-json\/wp\/v2\/posts\/21941","targetHints":{"allow":["GET"]}}],"collection":[{"href":"https:\/\/www.panfletonegro.com\/v\/wp-json\/wp\/v2\/posts"}],"about":[{"href":"https:\/\/www.panfletonegro.com\/v\/wp-json\/wp\/v2\/types\/post"}],"author":[{"embeddable":true,"href":"https:\/\/www.panfletonegro.com\/v\/wp-json\/wp\/v2\/users\/1947"}],"replies":[{"embeddable":true,"href":"https:\/\/www.panfletonegro.com\/v\/wp-json\/wp\/v2\/comments?post=21941"}],"version-history":[{"count":0,"href":"https:\/\/www.panfletonegro.com\/v\/wp-json\/wp\/v2\/posts\/21941\/revisions"}],"wp:attachment":[{"href":"https:\/\/www.panfletonegro.com\/v\/wp-json\/wp\/v2\/media?parent=21941"}],"wp:term":[{"taxonomy":"category","embeddable":true,"href":"https:\/\/www.panfletonegro.com\/v\/wp-json\/wp\/v2\/categories?post=21941"},{"taxonomy":"post_tag","embeddable":true,"href":"https:\/\/www.panfletonegro.com\/v\/wp-json\/wp\/v2\/tags?post=21941"}],"curies":[{"name":"wp","href":"https:\/\/api.w.org\/{rel}","templated":true}]}}