{"id":2184,"date":"2009-01-10T15:19:29","date_gmt":"2009-01-10T19:19:29","guid":{"rendered":"http:\/\/www.panfletonegro.com\/v\/?p=2184"},"modified":"2009-01-11T12:28:47","modified_gmt":"2009-01-11T16:28:47","slug":"versiones","status":"publish","type":"post","link":"https:\/\/www.panfletonegro.com\/v\/2009\/01\/10\/versiones\/","title":{"rendered":"Versiones"},"content":{"rendered":"<p>poema de Maribel Da Silva (Los Teques, Venezuela, 1962)<\/p>\n<p><em>Cada d\u00eda me abordo en este veh\u00edculo modelo sesenta y dos<br \/>\nAbro el d\u00eda con ducha tibia con aire h\u00famedo y sol nuevo<br \/>\nDesfilo frente al espejo grande del cuarto de mu\u00f1ecos<br \/>\nAcaricio los relieves las l\u00edneas indicativas de mi comienzo<br \/>\nHablo en s\u00e1nscrito en griego en lat\u00edn para afianzar sonidos en la memoria<br \/>\nMe abrocho un traje largo de espalda descubierta azul como la noche<br \/>\nde llena luna<br \/>\nBailo atornillada de hadas con la cara feliz y el alma<br \/>\nMoldeo mi peinado felino decoro con rosas enanas una aureola y un aro<br \/>\nal cuello<br \/>\nCamino como las misses me contemplan jurados c\u00e1maras ojos dispersos<br \/>\nMi cuerpo desnudo se atav\u00eda de velos mi cara tiene uno mi vientre no<br \/>\nDanzo acompa\u00f1ada de \u00e1vidas presencias que me desean<br \/>\nYo r\u00edtmico acento del agua moviendo mi espacio de colores evanescentes<br \/>\nEl soplido de la flauta la serpiente la alfombra el almizcle<br \/>\nTODO me delata<br \/>\nMiro de soslayo un cuerpo aceituna rizos largos hasta el final<br \/>\njusto al comienzo de mi cadera<br \/>\nHombros desprendidos de la leyenda falda terracota larga vientre afuera<br \/>\nCascabeles riendo en mis tobillos<br \/>\nMis mu\u00f1ecas aducen otro texto tonal<br \/>\nOjeras pelo negro ojos negros un duende liberado en mis labios<br \/>\nAvanzo dando saltos frente a M\u00e1laga mi gente se agita al ritmo m\u00edo<br \/>\nDecreto discursos con mis gestos me labro en otra fuente en otra vuelta<br \/>\nVisto traje de campana de edad media me renace el minu\u00e9 como antesala<br \/>\nDoy pasos y sonrisas y timideces al hombre que me toma de la mano<br \/>\ny me sonr\u00ede<br \/>\nUn peinado de alto vuelo me permite lucir el cuello que busca el beso<br \/>\nMis pechos diminutos sobresalen juntos elevados y dichosos<br \/>\nNo pierdo la cordura del movimiento atrapo el final con una reverencia<br \/>\nSubo la cara iluminada pelo corto cinta raso pantorrilla expresa<br \/>\nVestido rojo cinta raso en las caderas boquilla larga cigarro encendido<br \/>\nLa m\u00fasica tiembla me llama me necesita prolongo el momento<br \/>\nDoy bocanadas y me r\u00edo<br \/>\nEl ritmo no puede m\u00e1s amenaza con irse de este mundo<br \/>\nY yo me le lanzo en el \u00faltimo instante<br \/>\nMe vuelvo mediod\u00eda mi cuerpo es un disco me atrapa la aguja<br \/>\nSoy giro de extremidades<br \/>\nPareja danzarina cabellos con gomina bigote fino con rosa en la solapa<br \/>\nLa sala es una fiesta de luces pieles empapadas de mares<br \/>\nMe miro frente al espejo mi piel es de agua soy el agua<br \/>\nAl fondo los vestidos accesorios vigentes de este sue\u00f1o<br \/>\nVolteo mi desnudez todo se ha esfumado s\u00f3lo queda esta piel<br \/>\nde virgen blanca<br \/>\nRetorno al espejo<br \/>\nYo quiero asir las versiones de mi templo los rostros adjudicados a mi cara<br \/>\nPero nada<br \/>\nLa nula acci\u00f3n denota finitud<br \/>\ny todo se empapa de silencio<\/em><\/p>\n","protected":false},"excerpt":{"rendered":"<p>poema de Maribel Da Silva (Los Teques, Venezuela, 1962) Cada d\u00eda me abordo en este veh\u00edculo modelo sesenta y dos Abro el d\u00eda con ducha tibia con aire h\u00famedo y sol nuevo Desfilo frente al espejo grande del cuarto de mu\u00f1ecos Acaricio los relieves las l\u00edneas indicativas de mi comienzo Hablo en s\u00e1nscrito en griego [&hellip;]<\/p>\n","protected":false},"author":190,"featured_media":0,"comment_status":"open","ping_status":"open","sticky":false,"template":"","format":"standard","meta":{"jetpack_post_was_ever_published":false,"_jetpack_newsletter_access":"","_jetpack_dont_email_post_to_subs":false,"_jetpack_newsletter_tier_id":0,"_jetpack_memberships_contains_paywalled_content":false,"_jetpack_memberships_contains_paid_content":false,"footnotes":"","jetpack_publicize_message":"","jetpack_publicize_feature_enabled":true,"jetpack_social_post_already_shared":false,"jetpack_social_options":{"image_generator_settings":{"template":"highway","default_image_id":0,"font":"","enabled":false},"version":2}},"categories":[2],"tags":[104,105,102,103],"class_list":{"0":"post-2184","1":"post","2":"type-post","3":"status-publish","4":"format-standard","6":"category-poesia","7":"tag-ipasme","8":"tag-los-teques","9":"tag-maribel-da-silva","10":"tag-versiones"},"jetpack_publicize_connections":[],"jetpack_featured_media_url":"","jetpack_shortlink":"https:\/\/wp.me\/pfpCD-ze","jetpack_sharing_enabled":true,"_links":{"self":[{"href":"https:\/\/www.panfletonegro.com\/v\/wp-json\/wp\/v2\/posts\/2184","targetHints":{"allow":["GET"]}}],"collection":[{"href":"https:\/\/www.panfletonegro.com\/v\/wp-json\/wp\/v2\/posts"}],"about":[{"href":"https:\/\/www.panfletonegro.com\/v\/wp-json\/wp\/v2\/types\/post"}],"author":[{"embeddable":true,"href":"https:\/\/www.panfletonegro.com\/v\/wp-json\/wp\/v2\/users\/190"}],"replies":[{"embeddable":true,"href":"https:\/\/www.panfletonegro.com\/v\/wp-json\/wp\/v2\/comments?post=2184"}],"version-history":[{"count":0,"href":"https:\/\/www.panfletonegro.com\/v\/wp-json\/wp\/v2\/posts\/2184\/revisions"}],"wp:attachment":[{"href":"https:\/\/www.panfletonegro.com\/v\/wp-json\/wp\/v2\/media?parent=2184"}],"wp:term":[{"taxonomy":"category","embeddable":true,"href":"https:\/\/www.panfletonegro.com\/v\/wp-json\/wp\/v2\/categories?post=2184"},{"taxonomy":"post_tag","embeddable":true,"href":"https:\/\/www.panfletonegro.com\/v\/wp-json\/wp\/v2\/tags?post=2184"}],"curies":[{"name":"wp","href":"https:\/\/api.w.org\/{rel}","templated":true}]}}