{"id":21824,"date":"2012-02-27T11:34:02","date_gmt":"2012-02-27T16:04:02","guid":{"rendered":"http:\/\/www.panfletonegro.com\/v\/?p=21824"},"modified":"2014-06-07T11:58:23","modified_gmt":"2014-06-07T16:28:23","slug":"con-que-se-come","status":"publish","type":"post","link":"https:\/\/www.panfletonegro.com\/v\/2012\/02\/27\/con-que-se-come\/","title":{"rendered":"\u00bfCon qu\u00e9 se come?"},"content":{"rendered":"<p><img data-recalc-dims=\"1\" loading=\"lazy\" decoding=\"async\" data-attachment-id=\"21826\" data-permalink=\"https:\/\/www.panfletonegro.com\/v\/2012\/02\/27\/con-que-se-come\/186146_kirchner2\/\" data-orig-file=\"https:\/\/i0.wp.com\/www.panfletonegro.com\/v\/wp-content\/uploads\/2012\/02\/186146_KIRCHNER2.jpg?fit=204%2C305&amp;ssl=1\" data-orig-size=\"204,305\" data-comments-opened=\"1\" data-image-meta=\"{&quot;aperture&quot;:&quot;0&quot;,&quot;credit&quot;:&quot;Picasa 3.0&quot;,&quot;camera&quot;:&quot;&quot;,&quot;caption&quot;:&quot;&quot;,&quot;created_timestamp&quot;:&quot;0&quot;,&quot;copyright&quot;:&quot;&quot;,&quot;focal_length&quot;:&quot;0&quot;,&quot;iso&quot;:&quot;0&quot;,&quot;shutter_speed&quot;:&quot;0&quot;,&quot;title&quot;:&quot;&quot;}\" data-image-title=\"bizco\" data-image-description=\"\" data-image-caption=\"\" data-large-file=\"https:\/\/i0.wp.com\/www.panfletonegro.com\/v\/wp-content\/uploads\/2012\/02\/186146_KIRCHNER2.jpg?fit=204%2C305&amp;ssl=1\" src=\"https:\/\/i0.wp.com\/www.panfletonegro.com\/v\/wp-content\/uploads\/2012\/02\/186146_KIRCHNER2.jpg?resize=204%2C305\" alt=\"\" width=\"204\" height=\"305\" class=\"alignnone size-full wp-image-21826\" srcset=\"https:\/\/i0.wp.com\/www.panfletonegro.com\/v\/wp-content\/uploads\/2012\/02\/186146_KIRCHNER2.jpg?w=204&amp;ssl=1 204w, https:\/\/i0.wp.com\/www.panfletonegro.com\/v\/wp-content\/uploads\/2012\/02\/186146_KIRCHNER2.jpg?resize=200%2C300&amp;ssl=1 200w\" sizes=\"auto, (max-width: 204px) 100vw, 204px\" \/><\/p>\n<p>Mir\u00e1 vos, que me sal\u00eds con aquello del \u00abprogreso\u00bb, pero, ve, qu\u00e9 me quer\u00e9s decir con eso de progreso, que si miro el cementerio de palabras me dice que \u00abAcci\u00f3n de ir hacia adelante.\u00bb Entonces bro, \u00bfpara vos hacia d\u00f3nde es adelante?, porque est\u00e1 claro que tu compa Julito ha dicho que est\u00e1n con el PP y que \u201cTambi\u00e9n he tenido el privilegio de tener reuniones con el ex presidente Vicente Fox en M\u00e9xico, con \u00c1lvaro Uribe (Colombia) y con el presidente mexicano Felipe Calder\u00f3n. Todos somos de la misma familia \u201ccentro humanistas\u201d (<em>\u00bfc\u00f3mo es la joda?<\/em>), y de eso, nos sentimos orgullosos (<em>\u00bforgulloso del culibajito paraco?, \u00a1nojoda!<\/em>)\u201d. Y es ac\u00e1 que donde mi cerebro se hace una lasa\u00f1a: vos ven\u00eds de una vaina que se llam\u00f3 \u00abTradici\u00f3n, Familia y Propiedad\u00bb, una joda anticomunista, antisocialista y antimarxista, es decir que apesta a facho, \u00bfs\u00ed o no?, y que seg\u00fan ahora vos sos \u00abprogresista y de centroizquierda (<em>\u00bf?<\/em>), defensor de la justicia social, las libertades individuales y el fomento a la iniciativa privada\u00bb, joda man, eso me suena a <em><a href=\"http:\/\/es.wikipedia.org\/wiki\/Neoconservadurismo\">neocons<\/a><\/em>. Decime un poco, \u00bftu camino del progreso es la <a href=\"http:\/\/www.20minutos.es\/noticia\/1313534\/0\/\">misma senda del progreso del Rajoy<\/a>? No s\u00e9 bro, pero definite un poco, s\u00e9 que pod\u00e9s, ser\u00eda m\u00e1s sano para los que y que creen en vos.<\/p>\n","protected":false},"excerpt":{"rendered":"<p>Mir\u00e1 vos, que me sal\u00eds con aquello del \u00abprogreso\u00bb, pero, ve, qu\u00e9 me quer\u00e9s decir con eso de progreso, que si miro el cementerio de palabras me dice que \u00abAcci\u00f3n de ir hacia adelante.\u00bb Entonces bro, \u00bfpara vos hacia d\u00f3nde es adelante?, porque est\u00e1 claro que tu compa Julito ha dicho que est\u00e1n con el [&hellip;]<\/p>\n","protected":false},"author":1927,"featured_media":21826,"comment_status":"open","ping_status":"open","sticky":false,"template":"","format":"standard","meta":{"jetpack_post_was_ever_published":false,"_jetpack_newsletter_access":"","_jetpack_dont_email_post_to_subs":false,"_jetpack_newsletter_tier_id":0,"_jetpack_memberships_contains_paywalled_content":false,"_jetpack_memberships_contains_paid_content":false,"footnotes":"","jetpack_publicize_message":"","jetpack_publicize_feature_enabled":true,"jetpack_social_post_already_shared":false,"jetpack_social_options":{"image_generator_settings":{"template":"highway","default_image_id":0,"font":"","enabled":false},"version":2}},"categories":[2439],"tags":[],"class_list":{"0":"post-21824","1":"post","2":"type-post","3":"status-publish","4":"format-standard","5":"has-post-thumbnail","7":"category-arte"},"jetpack_publicize_connections":[],"jetpack_featured_media_url":"https:\/\/i0.wp.com\/www.panfletonegro.com\/v\/wp-content\/uploads\/2012\/02\/186146_KIRCHNER2.jpg?fit=204%2C305&ssl=1","jetpack_shortlink":"https:\/\/wp.me\/pfpCD-5G0","jetpack_sharing_enabled":true,"_links":{"self":[{"href":"https:\/\/www.panfletonegro.com\/v\/wp-json\/wp\/v2\/posts\/21824","targetHints":{"allow":["GET"]}}],"collection":[{"href":"https:\/\/www.panfletonegro.com\/v\/wp-json\/wp\/v2\/posts"}],"about":[{"href":"https:\/\/www.panfletonegro.com\/v\/wp-json\/wp\/v2\/types\/post"}],"author":[{"embeddable":true,"href":"https:\/\/www.panfletonegro.com\/v\/wp-json\/wp\/v2\/users\/1927"}],"replies":[{"embeddable":true,"href":"https:\/\/www.panfletonegro.com\/v\/wp-json\/wp\/v2\/comments?post=21824"}],"version-history":[{"count":0,"href":"https:\/\/www.panfletonegro.com\/v\/wp-json\/wp\/v2\/posts\/21824\/revisions"}],"wp:featuredmedia":[{"embeddable":true,"href":"https:\/\/www.panfletonegro.com\/v\/wp-json\/wp\/v2\/media\/21826"}],"wp:attachment":[{"href":"https:\/\/www.panfletonegro.com\/v\/wp-json\/wp\/v2\/media?parent=21824"}],"wp:term":[{"taxonomy":"category","embeddable":true,"href":"https:\/\/www.panfletonegro.com\/v\/wp-json\/wp\/v2\/categories?post=21824"},{"taxonomy":"post_tag","embeddable":true,"href":"https:\/\/www.panfletonegro.com\/v\/wp-json\/wp\/v2\/tags?post=21824"}],"curies":[{"name":"wp","href":"https:\/\/api.w.org\/{rel}","templated":true}]}}