{"id":21680,"date":"2012-02-23T18:53:01","date_gmt":"2012-02-23T23:23:01","guid":{"rendered":"http:\/\/www.panfletonegro.com\/v\/?p=21680"},"modified":"2012-02-26T04:13:27","modified_gmt":"2012-02-26T08:43:27","slug":"minestrone-caracazo","status":"publish","type":"post","link":"https:\/\/www.panfletonegro.com\/v\/2012\/02\/23\/minestrone-caracazo\/","title":{"rendered":"Minestrone y Caracazo"},"content":{"rendered":"<p><a href=\"https:\/\/i0.wp.com\/www.panfletonegro.com\/v\/wp-content\/uploads\/2012\/02\/27f.jpg\"><img data-recalc-dims=\"1\" loading=\"lazy\" decoding=\"async\" data-attachment-id=\"21681\" data-permalink=\"https:\/\/www.panfletonegro.com\/v\/2012\/02\/23\/minestrone-caracazo\/27f\/\" data-orig-file=\"https:\/\/i0.wp.com\/www.panfletonegro.com\/v\/wp-content\/uploads\/2012\/02\/27f.jpg?fit=340%2C271&amp;ssl=1\" data-orig-size=\"340,271\" data-comments-opened=\"1\" data-image-meta=\"{&quot;aperture&quot;:&quot;0&quot;,&quot;credit&quot;:&quot;&quot;,&quot;camera&quot;:&quot;&quot;,&quot;caption&quot;:&quot;&quot;,&quot;created_timestamp&quot;:&quot;0&quot;,&quot;copyright&quot;:&quot;&quot;,&quot;focal_length&quot;:&quot;0&quot;,&quot;iso&quot;:&quot;0&quot;,&quot;shutter_speed&quot;:&quot;0&quot;,&quot;title&quot;:&quot;&quot;}\" data-image-title=\"27f\" data-image-description=\"\" data-image-caption=\"\" data-large-file=\"https:\/\/i0.wp.com\/www.panfletonegro.com\/v\/wp-content\/uploads\/2012\/02\/27f.jpg?fit=340%2C271&amp;ssl=1\" class=\"alignleft size-thumbnail wp-image-21681\" src=\"https:\/\/i0.wp.com\/www.panfletonegro.com\/v\/wp-content\/uploads\/2012\/02\/27f-150x150.jpg?resize=150%2C150\" alt=\"\" width=\"150\" height=\"150\" srcset=\"https:\/\/i0.wp.com\/www.panfletonegro.com\/v\/wp-content\/uploads\/2012\/02\/27f.jpg?resize=150%2C150&amp;ssl=1 150w, https:\/\/i0.wp.com\/www.panfletonegro.com\/v\/wp-content\/uploads\/2012\/02\/27f.jpg?zoom=2&amp;resize=150%2C150&amp;ssl=1 300w\" sizes=\"auto, (max-width: 150px) 100vw, 150px\" \/><\/a><\/p>\n<p>Cuando se cumple el 23avo. aniversario del Caracazo es pertinente recordar las paradojas inherentes a, seg\u00fan lo invocado por el minestrone historiogr\u00e1fico oficial, uno de los hechos fundacionales del llamado \u201cproceso bolivariano\u201d.<\/p>\n<p>Lo primero es la impunidad que a\u00fan rodea a la masacre. Recordamos que la sentencia de la Corte Interamericana de Derechos Humanos (CIDH) estableci\u00f3 14 acciones a realizar por el Estado venezolano. De este abanico apenas se han cumplido las correspondientes a las reparaciones materiales e indemnizaciones a los familiares de las v\u00edctimas por los diferentes gobiernos hasta la fecha. Y a pesar de ciertos avisos que han asegurado que la administraci\u00f3n actual \u201cha cumplido\u201d con la sentencia, esto es falso.<\/p>\n<p>La justicia, como sabemos, no se reduce al pago de dinero si no se sancionan los responsables materiales e intelectuales de los cr\u00edmenes. Este es el primer \u00edtem de los resolutivos de la sentencia de la CIDH. Incoherencia de un gobierno que afirma estar cerca del humanismo y lejos de las gratificaciones materiales: Intentar convencer que ampliar la lista de beneficiarios de los cheques es un suced\u00e1neo de la justicia.\u00a0 Esto nos lleva a las posibles responsabilidades en uno de los casos m\u00e1s vergonzosos de violaci\u00f3n de derechos humanos en la Venezuela contempor\u00e1nea. A pesar que el discurso oficial intente enfocar exclusivamente las culpas en el presidente y el ministro de defensa de la \u00e9poca, una investigaci\u00f3n transparente se\u00f1alar\u00eda la cadena de mando militar que hizo la sangr\u00eda posible: Desde el alto mando militar, los oficiales subalternos hasta los soldados que descargaron contra los indefensos las r\u00e1fagas de ametralladoras.<\/p>\n<p>Como ejemplifican las investigaciones de masacres similares en otros pa\u00edses de la regi\u00f3n, en el banquillo estar\u00edan sentadas las Fuerzas Armadas en su conjunto, rindiendo un testimonio bastante diferente a lo reflejado por Rom\u00e1n Chalbaud en \u201cEl Caracazo\u201d.<\/p>\n<p>Una tercera inconsistencia la constituye el hecho que los miembros del mayor partido de gobierno en el pa\u00eds fueron sus protagonistas, no como h\u00e9roes sino como verdugos. Solamente recordar al mayor Felipe \u201cEl Catire\u201d Acosta Carl\u00e9s, muerto en los hechos y parte del movimiento originario del hoy presidente Ch\u00e1vez. Como bien lo detall\u00f3 Manuel Isidro Molina, en 1989 diputado y parte de una comisi\u00f3n investigadora \u201c-El Catire- lleg\u00f3 disparando a diestra y siniestra, reventaba puertas de humildes viviendas y \u201cpeinaba\u201d a balazos la zona \u2013barrio La Antena, Coche-, con su grupo de soldados\u201d.<\/p>\n<p>Por \u00faltimo, la insidiosa campa\u00f1a de desprestigio realizada contra el pu\u00f1ado de mujeres, pioneras y constantes, en la denuncia de los excesos y agrupadas en Cofavic. La verdadera historia del 27F a\u00fan est\u00e1 por escribirse, no en tono de \u00e9pica oficial, sino lo que verdaderamente fue: Una masacre realizada por militares.<\/p>\n<p>@fanzinero<\/p>\n<p><strong>Rafael Uzc\u00e1tegui<\/strong><\/p>\n","protected":false},"excerpt":{"rendered":"<p>Cuando se cumple el 23avo. aniversario del Caracazo es pertinente recordar las paradojas inherentes a, seg\u00fan lo invocado por el minestrone historiogr\u00e1fico oficial, uno de los hechos fundacionales del llamado \u201cproceso bolivariano\u201d. Lo primero es la impunidad que a\u00fan rodea a la masacre. Recordamos que la sentencia de la Corte Interamericana de Derechos Humanos (CIDH) [&hellip;]<\/p>\n","protected":false},"author":230,"featured_media":21681,"comment_status":"open","ping_status":"open","sticky":false,"template":"","format":"standard","meta":{"jetpack_post_was_ever_published":false,"_jetpack_newsletter_access":"","_jetpack_dont_email_post_to_subs":false,"_jetpack_newsletter_tier_id":0,"_jetpack_memberships_contains_paywalled_content":false,"_jetpack_memberships_contains_paid_content":false,"footnotes":"","jetpack_publicize_message":"","jetpack_publicize_feature_enabled":true,"jetpack_social_post_already_shared":false,"jetpack_social_options":{"image_generator_settings":{"template":"highway","default_image_id":0,"font":"","enabled":false},"version":2}},"categories":[3],"tags":[1537,1536,1540,1539,1541,1538,1112],"class_list":{"0":"post-21680","1":"post","2":"type-post","3":"status-publish","4":"format-standard","5":"has-post-thumbnail","7":"category-descontento","8":"tag-27f","9":"tag-caracazo","10":"tag-catire-carles","11":"tag-derechos-humanos","12":"tag-manuel-isidro-molina","13":"tag-rafael-uzcategui","14":"tag-roman-chalbaud"},"jetpack_publicize_connections":[],"jetpack_featured_media_url":"https:\/\/i0.wp.com\/www.panfletonegro.com\/v\/wp-content\/uploads\/2012\/02\/27f.jpg?fit=340%2C271&ssl=1","jetpack_shortlink":"https:\/\/wp.me\/pfpCD-5DG","jetpack_sharing_enabled":true,"_links":{"self":[{"href":"https:\/\/www.panfletonegro.com\/v\/wp-json\/wp\/v2\/posts\/21680","targetHints":{"allow":["GET"]}}],"collection":[{"href":"https:\/\/www.panfletonegro.com\/v\/wp-json\/wp\/v2\/posts"}],"about":[{"href":"https:\/\/www.panfletonegro.com\/v\/wp-json\/wp\/v2\/types\/post"}],"author":[{"embeddable":true,"href":"https:\/\/www.panfletonegro.com\/v\/wp-json\/wp\/v2\/users\/230"}],"replies":[{"embeddable":true,"href":"https:\/\/www.panfletonegro.com\/v\/wp-json\/wp\/v2\/comments?post=21680"}],"version-history":[{"count":0,"href":"https:\/\/www.panfletonegro.com\/v\/wp-json\/wp\/v2\/posts\/21680\/revisions"}],"wp:featuredmedia":[{"embeddable":true,"href":"https:\/\/www.panfletonegro.com\/v\/wp-json\/wp\/v2\/media\/21681"}],"wp:attachment":[{"href":"https:\/\/www.panfletonegro.com\/v\/wp-json\/wp\/v2\/media?parent=21680"}],"wp:term":[{"taxonomy":"category","embeddable":true,"href":"https:\/\/www.panfletonegro.com\/v\/wp-json\/wp\/v2\/categories?post=21680"},{"taxonomy":"post_tag","embeddable":true,"href":"https:\/\/www.panfletonegro.com\/v\/wp-json\/wp\/v2\/tags?post=21680"}],"curies":[{"name":"wp","href":"https:\/\/api.w.org\/{rel}","templated":true}]}}