{"id":21157,"date":"2012-02-12T09:44:11","date_gmt":"2012-02-12T14:14:11","guid":{"rendered":"http:\/\/www.panfletonegro.com\/v\/?p=21157"},"modified":"2012-02-12T09:44:11","modified_gmt":"2012-02-12T14:14:11","slug":"primarias-para-mas-democracia","status":"publish","type":"post","link":"https:\/\/www.panfletonegro.com\/v\/2012\/02\/12\/primarias-para-mas-democracia\/","title":{"rendered":"Primarias para m\u00e1s democracia"},"content":{"rendered":"<p><strong><a href=\"https:\/\/i0.wp.com\/www.panfletonegro.com\/v\/wp-content\/uploads\/2012\/02\/109752982_bef40e6d6d.jpg\"><img data-recalc-dims=\"1\" loading=\"lazy\" decoding=\"async\" data-attachment-id=\"21166\" data-permalink=\"https:\/\/www.panfletonegro.com\/v\/2012\/02\/12\/primarias-para-mas-democracia\/109752982_bef40e6d6d\/\" data-orig-file=\"https:\/\/i0.wp.com\/www.panfletonegro.com\/v\/wp-content\/uploads\/2012\/02\/109752982_bef40e6d6d.jpg?fit=500%2C372&amp;ssl=1\" data-orig-size=\"500,372\" data-comments-opened=\"1\" data-image-meta=\"{&quot;aperture&quot;:&quot;0&quot;,&quot;credit&quot;:&quot;&quot;,&quot;camera&quot;:&quot;&quot;,&quot;caption&quot;:&quot;&quot;,&quot;created_timestamp&quot;:&quot;0&quot;,&quot;copyright&quot;:&quot;&quot;,&quot;focal_length&quot;:&quot;0&quot;,&quot;iso&quot;:&quot;0&quot;,&quot;shutter_speed&quot;:&quot;0&quot;,&quot;title&quot;:&quot;&quot;}\" data-image-title=\"109752982_bef40e6d6d\" data-image-description=\"\" data-image-caption=\"\" data-large-file=\"https:\/\/i0.wp.com\/www.panfletonegro.com\/v\/wp-content\/uploads\/2012\/02\/109752982_bef40e6d6d.jpg?fit=500%2C372&amp;ssl=1\" class=\"aligncenter size-medium wp-image-21166\" src=\"https:\/\/i0.wp.com\/www.panfletonegro.com\/v\/wp-content\/uploads\/2012\/02\/109752982_bef40e6d6d-300x223.jpg?resize=300%2C223\" alt=\"\" width=\"300\" height=\"223\" srcset=\"https:\/\/i0.wp.com\/www.panfletonegro.com\/v\/wp-content\/uploads\/2012\/02\/109752982_bef40e6d6d.jpg?resize=300%2C223&amp;ssl=1 300w, https:\/\/i0.wp.com\/www.panfletonegro.com\/v\/wp-content\/uploads\/2012\/02\/109752982_bef40e6d6d.jpg?w=500&amp;ssl=1 500w\" sizes=\"auto, (max-width: 300px) 100vw, 300px\" \/><\/a><\/strong><\/p>\n<p>&nbsp;<\/p>\n<p><strong>Discutir acaloradamente, es m\u00e1s o menos democr\u00e1tico?\u00a0<\/strong>Algunos ven grupos que se pelean y piensan que es mala se\u00f1al, que lo ideal es\u00a0que vayan todos juntos tomados de la mano. Cuando veo un grupo donde nadie\u00a0discute, me pregunto qui\u00e9n estar\u00e1 tomando las decisiones.<\/p>\n<p>Los pueblos y los grupos humanos toman mejores decisiones\u00a0si\u00a0tienen una buena <strong>cuota de discusi\u00f3n<\/strong>. Es verdad que si s\u00f3lo discuten, no llegan\u00a0a nada. Pero sino discuten, en porque alguien est\u00e1 tomando la decisi\u00f3n por los\u00a0dem\u00e1s.<\/p>\n<p>Las primarias que se celebran hoy en Venezuela son una\u00a0fiesta, aunque una fiesta rara. <strong>El liderazgo opositor ha ido mutando. <\/strong>Muchos\u00a0han pasado del proto-golpismo a entender que se trata de proponer algo\u00a0concreto. Que no basta con se\u00f1alar la fallas del gobierno y proponer salidas\u00a0urgentes. No se trata de descalificar a priori a nadie por estrategias desesperadas frente al\u00a0poder constituido. Eso fue el golpe de 4F, tambi\u00e9n.<\/p>\n<p>Los <strong>votantes opositores tambi\u00e9n han ido cambiando<\/strong>. Desde el\u00a0vete-ya-como-sea, en que muchos no nos anotamos. Hasta recordar que no se trata\u00a0de cualquier cambio. <strong>Se trata de hacer liderazgo, proponer algo con sentido, y\u00a0que as\u00ed la gente pueda ver una alternativa real<\/strong>.<\/p>\n<p>Las primarias eligen un <strong>l\u00edder<\/strong> que si llega a la presidencia,\u00a0ser\u00eda bien <strong>distinto a la casi monarqu\u00eda que hemos estado viviendo<\/strong>. Ser\u00eda un\u00a0liderazgo que dependa much\u00edsimo de los apoyos recibidos. Que dependa de su\u00a0capacidad de escucha y negociaci\u00f3n, pero esa es justamente su fortaleza.<\/p>\n<p>Necesariamente ser\u00e1 un liderazgo con <strong>menos ca\u00f1ones y menos\u00a0amenazas de destrucci\u00f3n<\/strong>. Con menos decretazos por pantalla.<\/p>\n<p>Es ese el liderazgo que necesitamos, para reconstruir eso\u00a0que llaman la <strong>institucionalidad democr\u00e1tica<\/strong>. No porque falten elecciones, sino\u00a0porque falta que a todos se tome en cuenta, que<strong> opinar no sea traici\u00f3n<\/strong>, que pensar\u00a0diferente est\u00e9 bien, y que las acciones de gobierno, y de Estado sean frutos de\u00a0un mayor consenso, menos mediado por las ideolog\u00edas y la confrontaci\u00f3n, que no\u00a0han resuelto de fondo los problemas que tenemos.<\/p>\n<p>As\u00ed se podr\u00e1 <strong>conversar de t\u00fa a t\u00fa con las comunidades.<\/strong> Sin\u00a0la amenaza de que los poderes destructores del monarca se molesten con ellos.\u00a0Se podr\u00e1 conversar con los que quieren montar empresa, y no acusarlos de\u00a0traici\u00f3n cuando dicen que la <strong>inflaci\u00f3n, la burocracia y la corrupci\u00f3n los\u00a0devora.<\/strong><\/p>\n<p><strong>Las primarias son de un modo un signo de debilidad, pero\u00a0s\u00f3lo para aquellos que creen que una persona puede llevar toda la conducci\u00f3n\u00a0pol\u00edtica. <\/strong><\/p>\n<p>Para nosotros, que creemos en la discusi\u00f3n, es un signo\u00a0positivo. Es la <strong>Pol\u00edtica, as\u00ed en may\u00fascula<\/strong>.<\/p>\n<p>Estas primarias significa que la oposici\u00f3n est\u00e1 apostando a\u00a0proponer, incluyendo a la gente, a su opini\u00f3n, a sus votos.<\/p>\n<p>Esto s\u00f3lo puede ser un buen signo, incluso para los que\u00a0apoyan al gobierno.<\/p>\n<p>Despu\u00e9s de las primarias viene otra etapa. En la que hay que\u00a0reunir lo cosechado, y conversar con el pa\u00eds. Hacer una <strong>propuesta clara<\/strong>, que\u00a0estar\u00e1 basada en el documento llamado lineamientos de la unidad. Es la etapa\u00a0m\u00e1s dificil, porque los desencantados del chavismo, que son legi\u00f3n, no se van a\u00a0ir con cualquiera.<\/p>\n<p>M\u00e1s a\u00fan, los <strong>desencantados del chavismo que no se pasan\u00a0simplemente a opositor son los garantes de que la oposici\u00f3n tiene que ser seria\u00a0y amplia.<\/strong> S\u00f3lo as\u00ed ellos cabr\u00e1n, y el apoyo de ese gobierno ser\u00e1 lo bastante\u00a0amplio como para que toque escuchar y negociar. Como para que toque hacer\u00a0pol\u00edtica civil, y no s\u00f3lo obedecer y suplicar.<\/p>\n<p><strong>Esto es una lucha por la dignidad democr\u00e1tica. Una lucha que\u00a0se hace con dignidad. Una lucha que se hace democr\u00e1ticamente.<\/strong><\/p>\n<p>~~~~~~~~~~~~~~~~~~<\/p>\n<p>Hoy, d\u00eda de las primarias hay varias movidas en la red para\u00a0participar. Una es el mapa colaborativo <a href=\"http:\/\/dalepoderatuvoto.com\/\">Dale Poder a tu Voto,<\/a> donde podemos\u00a0reportar que est\u00e1 pasando. Otra es en <a href=\"http:\/\/Panfletonegro.com\/primarias\">Panfletonegro.com\/primarias<\/a> donde veremos\u00a0reportes de la gente. Los hashtags en twitter son <a href=\"https:\/\/twitter.com\/#!\/search\/%23votove\">#votove<\/a>\u00a0para reportes, y\u00a0<a href=\"https:\/\/twitter.com\/#!\/search\/%2312FPN\">#12FPN<\/a> para conversar y que salga por PanfletoNegro.<\/p>\n<p>&nbsp;<\/p>\n<p>* Apareci\u00f3 primero en <a href=\"rayasypalabras.net\/2012\/02\/primarias-para-mas-democracia.html\">Rayas y Palabras.<\/a><\/p>\n<p>*\u00a0Foto con licencia Creative Commons por\u00a0<a href=\"http:\/\/www.flickr.com\/photos\/rufino_uribe\/109752982\/\">ruumor<\/a>.<\/p>\n","protected":false},"excerpt":{"rendered":"<p>&nbsp; Discutir acaloradamente, es m\u00e1s o menos democr\u00e1tico?\u00a0Algunos ven grupos que se pelean y piensan que es mala se\u00f1al, que lo ideal es\u00a0que vayan todos juntos tomados de la mano. Cuando veo un grupo donde nadie\u00a0discute, me pregunto qui\u00e9n estar\u00e1 tomando las decisiones. Los pueblos y los grupos humanos toman mejores decisiones\u00a0si\u00a0tienen una buena cuota [&hellip;]<\/p>\n","protected":false},"author":1641,"featured_media":21166,"comment_status":"open","ping_status":"open","sticky":false,"template":"","format":"standard","meta":{"jetpack_post_was_ever_published":false,"_jetpack_newsletter_access":"","_jetpack_dont_email_post_to_subs":false,"_jetpack_newsletter_tier_id":0,"_jetpack_memberships_contains_paywalled_content":false,"_jetpack_memberships_contains_paid_content":false,"footnotes":"","jetpack_publicize_message":"","jetpack_publicize_feature_enabled":true,"jetpack_social_post_already_shared":false,"jetpack_social_options":{"image_generator_settings":{"template":"highway","default_image_id":0,"font":"","enabled":false},"version":2}},"categories":[3],"tags":[1520],"class_list":{"0":"post-21157","1":"post","2":"type-post","3":"status-publish","4":"format-standard","5":"has-post-thumbnail","7":"category-descontento","8":"tag-12fpn"},"jetpack_publicize_connections":[],"jetpack_featured_media_url":"https:\/\/i0.wp.com\/www.panfletonegro.com\/v\/wp-content\/uploads\/2012\/02\/109752982_bef40e6d6d.jpg?fit=500%2C372&ssl=1","jetpack_shortlink":"https:\/\/wp.me\/pfpCD-5vf","jetpack_sharing_enabled":true,"_links":{"self":[{"href":"https:\/\/www.panfletonegro.com\/v\/wp-json\/wp\/v2\/posts\/21157","targetHints":{"allow":["GET"]}}],"collection":[{"href":"https:\/\/www.panfletonegro.com\/v\/wp-json\/wp\/v2\/posts"}],"about":[{"href":"https:\/\/www.panfletonegro.com\/v\/wp-json\/wp\/v2\/types\/post"}],"author":[{"embeddable":true,"href":"https:\/\/www.panfletonegro.com\/v\/wp-json\/wp\/v2\/users\/1641"}],"replies":[{"embeddable":true,"href":"https:\/\/www.panfletonegro.com\/v\/wp-json\/wp\/v2\/comments?post=21157"}],"version-history":[{"count":0,"href":"https:\/\/www.panfletonegro.com\/v\/wp-json\/wp\/v2\/posts\/21157\/revisions"}],"wp:featuredmedia":[{"embeddable":true,"href":"https:\/\/www.panfletonegro.com\/v\/wp-json\/wp\/v2\/media\/21166"}],"wp:attachment":[{"href":"https:\/\/www.panfletonegro.com\/v\/wp-json\/wp\/v2\/media?parent=21157"}],"wp:term":[{"taxonomy":"category","embeddable":true,"href":"https:\/\/www.panfletonegro.com\/v\/wp-json\/wp\/v2\/categories?post=21157"},{"taxonomy":"post_tag","embeddable":true,"href":"https:\/\/www.panfletonegro.com\/v\/wp-json\/wp\/v2\/tags?post=21157"}],"curies":[{"name":"wp","href":"https:\/\/api.w.org\/{rel}","templated":true}]}}