{"id":20874,"date":"2012-02-05T23:17:01","date_gmt":"2012-02-06T03:47:01","guid":{"rendered":"http:\/\/www.panfletonegro.com\/v\/?p=20874"},"modified":"2012-02-05T23:17:01","modified_gmt":"2012-02-06T03:47:01","slug":"herencias","status":"publish","type":"post","link":"https:\/\/www.panfletonegro.com\/v\/2012\/02\/05\/herencias\/","title":{"rendered":"HERENCIAS"},"content":{"rendered":"<p>Tener dos hijos, una familia<br \/>\nTener trabajo, salud, dinero<br \/>\nTener una historia que contar al levantar la copa<br \/>\nTener alguna l\u00e1grima de m\u00e1s<br \/>\nTener un vestido<br \/>\nTener risas y secretos de mariposas<br \/>\nTener amigos<\/p>\n<p>Tener es f\u00e1cil<\/p>\n<p>Pero no es tarea para las manos<\/p>\n<p>Poema del libro Para saltar sobre el abismo del mundo, Zorra Poes\u00eda, 2010.<\/p>\n","protected":false},"excerpt":{"rendered":"<p>Tener dos hijos, una familia Tener trabajo, salud, dinero Tener una historia que contar al levantar la copa Tener alguna l\u00e1grima de m\u00e1s Tener un vestido Tener risas y secretos de mariposas Tener amigos Tener es f\u00e1cil Pero no es tarea para las manos Poema del libro Para saltar sobre el abismo del mundo, Zorra [&hellip;]<\/p>\n","protected":false},"author":1909,"featured_media":0,"comment_status":"open","ping_status":"open","sticky":false,"template":"","format":"standard","meta":{"jetpack_post_was_ever_published":false,"_jetpack_newsletter_access":"","_jetpack_dont_email_post_to_subs":false,"_jetpack_newsletter_tier_id":0,"_jetpack_memberships_contains_paywalled_content":false,"_jetpack_memberships_contains_paid_content":false,"footnotes":"","jetpack_publicize_message":"","jetpack_publicize_feature_enabled":true,"jetpack_social_post_already_shared":false,"jetpack_social_options":{"image_generator_settings":{"template":"highway","default_image_id":0,"font":"","enabled":false},"version":2}},"categories":[1],"tags":[179,1510,68,285,4259],"class_list":{"0":"post-20874","1":"post","2":"type-post","3":"status-publish","4":"format-standard","6":"category-azares","7":"tag-escritores","8":"tag-laura-lopez","9":"tag-literatura","10":"tag-poemas","11":"tag-poesia"},"jetpack_publicize_connections":[],"jetpack_featured_media_url":"","jetpack_shortlink":"https:\/\/wp.me\/pfpCD-5qG","jetpack_sharing_enabled":true,"_links":{"self":[{"href":"https:\/\/www.panfletonegro.com\/v\/wp-json\/wp\/v2\/posts\/20874","targetHints":{"allow":["GET"]}}],"collection":[{"href":"https:\/\/www.panfletonegro.com\/v\/wp-json\/wp\/v2\/posts"}],"about":[{"href":"https:\/\/www.panfletonegro.com\/v\/wp-json\/wp\/v2\/types\/post"}],"author":[{"embeddable":true,"href":"https:\/\/www.panfletonegro.com\/v\/wp-json\/wp\/v2\/users\/1909"}],"replies":[{"embeddable":true,"href":"https:\/\/www.panfletonegro.com\/v\/wp-json\/wp\/v2\/comments?post=20874"}],"version-history":[{"count":0,"href":"https:\/\/www.panfletonegro.com\/v\/wp-json\/wp\/v2\/posts\/20874\/revisions"}],"wp:attachment":[{"href":"https:\/\/www.panfletonegro.com\/v\/wp-json\/wp\/v2\/media?parent=20874"}],"wp:term":[{"taxonomy":"category","embeddable":true,"href":"https:\/\/www.panfletonegro.com\/v\/wp-json\/wp\/v2\/categories?post=20874"},{"taxonomy":"post_tag","embeddable":true,"href":"https:\/\/www.panfletonegro.com\/v\/wp-json\/wp\/v2\/tags?post=20874"}],"curies":[{"name":"wp","href":"https:\/\/api.w.org\/{rel}","templated":true}]}}