{"id":20275,"date":"2012-01-19T19:52:29","date_gmt":"2012-01-20T00:22:29","guid":{"rendered":"http:\/\/www.panfletonegro.com\/v\/?p=20275"},"modified":"2014-06-07T12:19:04","modified_gmt":"2014-06-07T16:49:04","slug":"el-super-ego-de-los-escritores","status":"publish","type":"post","link":"https:\/\/www.panfletonegro.com\/v\/2012\/01\/19\/el-super-ego-de-los-escritores\/","title":{"rendered":"EL SUPER EGO DE LOS ESCRITORES"},"content":{"rendered":"<p><a href=\"https:\/\/i0.wp.com\/www.panfletonegro.com\/v\/wp-content\/uploads\/2012\/01\/bola%C3%B1o-2.jpg\"><img data-recalc-dims=\"1\" loading=\"lazy\" decoding=\"async\" data-attachment-id=\"20276\" data-permalink=\"https:\/\/www.panfletonegro.com\/v\/2012\/01\/19\/el-super-ego-de-los-escritores\/bolano-2\/\" data-orig-file=\"https:\/\/i0.wp.com\/www.panfletonegro.com\/v\/wp-content\/uploads\/2012\/01\/bola%C3%B1o-2.jpg?fit=206%2C245&amp;ssl=1\" data-orig-size=\"206,245\" data-comments-opened=\"1\" data-image-meta=\"{&quot;aperture&quot;:&quot;0&quot;,&quot;credit&quot;:&quot;&quot;,&quot;camera&quot;:&quot;&quot;,&quot;caption&quot;:&quot;&quot;,&quot;created_timestamp&quot;:&quot;0&quot;,&quot;copyright&quot;:&quot;&quot;,&quot;focal_length&quot;:&quot;0&quot;,&quot;iso&quot;:&quot;0&quot;,&quot;shutter_speed&quot;:&quot;0&quot;,&quot;title&quot;:&quot;&quot;}\" data-image-title=\"bola\u00f1o 2\" data-image-description=\"\" data-image-caption=\"\" data-large-file=\"https:\/\/i0.wp.com\/www.panfletonegro.com\/v\/wp-content\/uploads\/2012\/01\/bola%C3%B1o-2.jpg?fit=206%2C245&amp;ssl=1\" class=\"alignleft size-full wp-image-20276\" src=\"https:\/\/i0.wp.com\/www.panfletonegro.com\/v\/wp-content\/uploads\/2012\/01\/bola%C3%B1o-2.jpg?resize=206%2C245\" alt=\"\" width=\"206\" height=\"245\" \/><\/a><\/p>\n<p>En vista de que para algunos ha resultado sospechoso el que no aparezca mi rostro en las solapas de mis libros y en la web (y que esto ocurra en la era en la cual mostrar la face full es la moda, algo que para m\u00ed levanta la sospecha de que la gente, que ya cambi\u00f3 el espejo del ba\u00f1o por un monitor, buscando con tanta urgencia de epidemia ser vista all\u00ed por todos, est\u00e1 sufriendo una terrible ceguera de s\u00ed misma) y que en sus comentarios han dejado entrever sus dudas al no divisar en mi muro ninguna editorial conocida respald\u00e1ndome, ni guindado uno de esos t\u00edtulos o diplomas que suelen avalar a quienes escriben, quise responder con estas l\u00edneas de expresi\u00f3n para al menos dar la cara de cuarent\u00f3n.<\/p>\n<p>Pienso, como Borges, que Oscar Wilde siempre tuvo la raz\u00f3n: \u201cRevelar el arte y ocultar al artista es la meta del arte\u201d, y considero que el DERECHO A NO DEJARSE VER debe ser asumido por los escritores m\u00e1s que por cualquier otro artista, pues si existe una profesi\u00f3n en la cual el rostro no va con el oficio es precisamente \u00e9sta. Nunca curs\u00e9 carrera acad\u00e9mica (mi universidad se llama Universo), ni e echo ning\u00fan curso literario (cr\u00e9anme), ni siquiera he recibido instrucciones de escritor alguno (todos se me escabulleron con inigualable elocuencia cuando me acerqu\u00e9 a pedirles ayuda) y, por tanto, con semejante curriculum avalando mi conciencia, jam\u00e1s me considerar\u00e9 un escritor, ni siquiera con dos libros editados a cuestas y cuatro metidos en un ordenador; y, la verdad, no veo por qu\u00e9 los otros se toman tan en serio eso de poseer t\u00edtulo de autor. Creo que se les olvid\u00f3, o no lo supieron nunca, que un libro y toda expresi\u00f3n creativa s\u00f3lo es una peque\u00f1\u00edsima extensi\u00f3n del Ser dentro del universo, y el aut\u00e9ntico derecho de autor no pertenece a los hombres sino al Creador: \u00danico Rector de la Universidad de la Vida que inspira y nos proporciona todos los elementos necesarios (incluyendo mente y cuerpo) para llevar las buenas obras a feliz t\u00e9rmino.<\/p>\n<p>El escritor, seg\u00fan la filosof\u00eda de Parm\u00e9nides, es un \u201cser para s\u00ed\u201d, \u201cun ser por accidente\u201d, un ser en cuyo camino apareci\u00f3 una pluma y un papel y termin\u00f3 forjando una obra \u201cpara s\u00ed\u201d; v\u00eda antag\u00f3nica a aquella que conduce al hombre hacia el verdadero Ser (que el fil\u00f3sofo llam\u00f3 \u201cel ser en s\u00ed\u201d porque vive desde su propio Ser y no desde aquello con que se tropez\u00f3). Por tanto, el Ser no debe ocuparse en empalabrarse sino, con infinita humildad, comportarse de acuerdo a la Verdad que palpita en toda la Creaci\u00f3n (y dentro de \u00e9l mismo). Debe recordar siempre que las palabras son innecesarias para el verdadero lenguaje, el lenguaje de la ternura (esto lo sabe hasta un ni\u00f1o). Muchos grandes escritores no quisieron entenderlo y por eso se hizo patente la discrepancia de sus vidas con sus obras (siempre ultrapas\u00e1ndolos a ellos). Por tanto, para m\u00ed la vida es una cuesti\u00f3n de actitud humana elevada, no de revolverse en un charco de letras, de g\u00e9neros y estilos, crey\u00e9ndose la garza nacarada m\u00e1s alta de la laguna.<\/p>\n<p>El acto de escribir, debiendo ser una pr\u00e1ctica que vaya debilitando al Yo hasta desmayarlo, resulta ser, remiti\u00e9ndonos a las pruebas, todo lo contrario: es y ha sido el m\u00e1s exclusivo de los gimnasios en el cual se robustece al ego. S\u00ed, ciertamente de sus puertas han salido \u00e1giles gladiadores y muy buenos \u201cesgrimistas de la palabra\u201d, pero poqu\u00edsimos de ellos lograron ejecutarse el haraquiri para poder, como Nietzsche, \u201cescribir con sangre\u201d. Como muestra fiel (sin dejar de recordar las palabras de aqu\u00e9l pensador venezolano que dijo que Uslar Pietri ten\u00eda un mar de conocimientos, pero de un metro de profundidad) hablemos de dos fornidos autores que se fueron a las manos por sus diferencias pol\u00edticas. El gancho de \u201cizquierda\u201d que en defensa de Fidel Castro le propin\u00f3 el Gabo a Vargas Llosa, fue respondido r\u00e1pidamente con la contundente \u201cderecha\u201d de \u00e9ste \u00faltimo; pero, contra todo pron\u00f3stico, el encuentro termin\u00f3 con los dos en la lona: ambos olvid\u00e1ndose de vanas discusiones de c\u00f3mo administrar la comida de los pueblos y cayendo en la fuerte tentaci\u00f3n de embolsillarse el mill\u00f3n de d\u00f3lares del premio Nobel (quiz\u00e1 me equivoque y la raz\u00f3n de apersonarse en Suecia no fue por los d\u00f3lares que ya pose\u00edan). Visto de frente, lo que planteo ser\u00eda un descomunal desatino de no existir atr\u00e1s el extraordinario ejemplo de Jean-Paul Sartre, quien s\u00ed es un verdadero campe\u00f3n de pesos pesados por ser el \u00fanico escritor que rechaz\u00f3 de plano ir a recibir, en medio de un aluvi\u00f3n de halagados aplausos, el mayor de los premios (esto es lo que se dice \u201cestar implicado en el asesinato del ego\u201d). \u00bfPor qu\u00e9? \u00bfPor qu\u00e9 ser\u00e1 que los actuales escritores no imitan, rese\u00f1an o remachan hasta el cansancio este significativo detalle?<\/p>\n<p>No le busquemos la tercera pata al p\u00e1jaro. Una de dos: el escritor se muestra por dinero (promoci\u00f3n= m\u00e1s ventas) o para hinchar su pecho como paloma. Adem\u00e1s, si es cierto aquello de que una imagen habla m\u00e1s que mil palabras, me ahorro muchas resmas de cr\u00edticas a las fotograf\u00edas de los escritores en las solapas de los libros, viendo incluso a los autores consagrados usurpando contraportadas enteras (antiguamente buenos abrebocas) con un muy bien escogido fondo culto y con la t\u00edpica pose de la estatua de Plat\u00f3n erigida frente a la Nueva Academia de Atenas. He visto a muchos de ellos atravesando la c\u00e1mara con mirada de superintelectual, vestidos a lo Harvard con las infaltables gafas, pipas, estilogr\u00e1ficas, sombreros, y los m\u00e1s osados con los cuellos de las chaquetas levantados a lo James Dean; pero la imagen que m\u00e1s me entristece es la de Bola\u00f1o con cigarrillo en mano (prefiero pensar que el escritor chileno fue influenciado por la editorial para que con su pose semejara a un detective salvaje).<\/p>\n<p>Me pasa algo en la garganta, pero a\u00fan as\u00ed quiero carraspear y dejar a mis amigos escritores (para que recuerden lo de \u201czapatero a sus zapatos\u201d, y para que realmente sean un buen modelo de lo que pretenden ser) este ejemplo ejemplar: \u00a1Ejem\u2026Una amiga top-model, dedicada exclusivamente a mostrar su rostro en tapas de revistas y vallas publicitarias, me refiri\u00f3 que en la cresta de la ola de su fama un periodista le pregunt\u00f3 la raz\u00f3n por la cual nunca conced\u00eda entrevistas, y esta belleza le respondi\u00f3 que si estaba loco, que dejar\u00eda de ser modelo en el mismo instante en que abriese la boca.<\/p>\n","protected":false},"excerpt":{"rendered":"<p>En vista de que para algunos ha resultado sospechoso el que no aparezca mi rostro en las solapas de mis libros y en la web (y que esto ocurra en la era en la cual mostrar la face full es la moda, algo que para m\u00ed levanta la sospecha de que la gente, que ya [&hellip;]<\/p>\n","protected":false},"author":1853,"featured_media":20276,"comment_status":"open","ping_status":"open","sticky":false,"template":"","format":"standard","meta":{"jetpack_post_was_ever_published":false,"_jetpack_newsletter_access":"","_jetpack_dont_email_post_to_subs":false,"_jetpack_newsletter_tier_id":0,"_jetpack_memberships_contains_paywalled_content":false,"_jetpack_memberships_contains_paid_content":false,"footnotes":"","jetpack_publicize_message":"","jetpack_publicize_feature_enabled":true,"jetpack_social_post_already_shared":false,"jetpack_social_options":{"image_generator_settings":{"template":"highway","default_image_id":0,"font":"","enabled":false},"version":2}},"categories":[6],"tags":[],"class_list":{"0":"post-20275","1":"post","2":"type-post","3":"status-publish","4":"format-standard","5":"has-post-thumbnail","7":"category-confesionario"},"jetpack_publicize_connections":[],"jetpack_featured_media_url":"https:\/\/i0.wp.com\/www.panfletonegro.com\/v\/wp-content\/uploads\/2012\/01\/bola%C3%B1o-2.jpg?fit=206%2C245&ssl=1","jetpack_shortlink":"https:\/\/wp.me\/pfpCD-5h1","jetpack_sharing_enabled":true,"_links":{"self":[{"href":"https:\/\/www.panfletonegro.com\/v\/wp-json\/wp\/v2\/posts\/20275","targetHints":{"allow":["GET"]}}],"collection":[{"href":"https:\/\/www.panfletonegro.com\/v\/wp-json\/wp\/v2\/posts"}],"about":[{"href":"https:\/\/www.panfletonegro.com\/v\/wp-json\/wp\/v2\/types\/post"}],"author":[{"embeddable":true,"href":"https:\/\/www.panfletonegro.com\/v\/wp-json\/wp\/v2\/users\/1853"}],"replies":[{"embeddable":true,"href":"https:\/\/www.panfletonegro.com\/v\/wp-json\/wp\/v2\/comments?post=20275"}],"version-history":[{"count":0,"href":"https:\/\/www.panfletonegro.com\/v\/wp-json\/wp\/v2\/posts\/20275\/revisions"}],"wp:featuredmedia":[{"embeddable":true,"href":"https:\/\/www.panfletonegro.com\/v\/wp-json\/wp\/v2\/media\/20276"}],"wp:attachment":[{"href":"https:\/\/www.panfletonegro.com\/v\/wp-json\/wp\/v2\/media?parent=20275"}],"wp:term":[{"taxonomy":"category","embeddable":true,"href":"https:\/\/www.panfletonegro.com\/v\/wp-json\/wp\/v2\/categories?post=20275"},{"taxonomy":"post_tag","embeddable":true,"href":"https:\/\/www.panfletonegro.com\/v\/wp-json\/wp\/v2\/tags?post=20275"}],"curies":[{"name":"wp","href":"https:\/\/api.w.org\/{rel}","templated":true}]}}